{"id":3123,"date":"2022-08-22T23:32:35","date_gmt":"2022-08-22T23:32:35","guid":{"rendered":"http:\/\/defensoriaparana.com.ar\/?p=3123"},"modified":"2022-08-22T23:32:35","modified_gmt":"2022-08-22T23:32:35","slug":"se-realizo-una-reunion-por-tematicas-de-discapacidad","status":"publish","type":"post","link":"https:\/\/defensoriaparana.com.ar\/index.php\/2022\/08\/22\/se-realizo-una-reunion-por-tematicas-de-discapacidad\/","title":{"rendered":"Se realiz\u00f3 una reuni\u00f3n por tem\u00e1ticas de discapacidad"},"content":{"rendered":"<p>Las Defensoras del Pueblo de la Ciudad de Paran\u00e1, Marcia L\u00f3pez y Cecilia Pautaso (Adjunta), junto a la Defensora de los Derechos de las Persona Mayores, Ligia Blanco, mantuvieron una reuni\u00f3n este lunes con la titular de la Direcci\u00f3n de Pol\u00edtica de Integraci\u00f3n y Discapacidad del Municipio, Cristina Ripari, con Javier Albornoz integrante de esa \u00e1rea y con Marcela Tornelli, de la Asociaci\u00f3n Padres de Autistas (Apadea).<\/p>\n<p><img loading=\"lazy\" class=\"alignnone size-medium wp-image-3126\" src=\"http:\/\/defensoriaparana.com.ar\/wp-content\/uploads\/2022\/08\/re1-300x225.jpg\" alt=\"\" width=\"300\" height=\"225\" srcset=\"https:\/\/defensoriaparana.com.ar\/wp-content\/uploads\/2022\/08\/re1-300x225.jpg 300w, https:\/\/defensoriaparana.com.ar\/wp-content\/uploads\/2022\/08\/re1-1024x768.jpg 1024w, https:\/\/defensoriaparana.com.ar\/wp-content\/uploads\/2022\/08\/re1-768x576.jpg 768w, https:\/\/defensoriaparana.com.ar\/wp-content\/uploads\/2022\/08\/re1.jpg 1032w\" sizes=\"(max-width: 300px) 100vw, 300px\" \/><br \/>\nEl objetivo del encuentro fue tomar contacto con la repartici\u00f3n dedicada a trabajar en la tem\u00e1tica en el \u00e1mbito municipal y con organizaciones de la ciudad para abordar la situaci\u00f3n y las necesidades referidas a cuestiones de discapacidad.<\/p>\n<p>&nbsp;<\/p>\n<p><img loading=\"lazy\" class=\"alignnone size-medium wp-image-3127\" src=\"http:\/\/defensoriaparana.com.ar\/wp-content\/uploads\/2022\/08\/re-1-300x225.jpg\" alt=\"\" width=\"300\" height=\"225\" srcset=\"https:\/\/defensoriaparana.com.ar\/wp-content\/uploads\/2022\/08\/re-1-300x225.jpg 300w, https:\/\/defensoriaparana.com.ar\/wp-content\/uploads\/2022\/08\/re-1-1024x768.jpg 1024w, https:\/\/defensoriaparana.com.ar\/wp-content\/uploads\/2022\/08\/re-1-768x576.jpg 768w, https:\/\/defensoriaparana.com.ar\/wp-content\/uploads\/2022\/08\/re-1.jpg 1032w\" sizes=\"(max-width: 300px) 100vw, 300px\" \/><br \/>\nDurante la reuni\u00f3n, se plante\u00f3 la realidad actual en relaci\u00f3n a la cobertura de salud -concretamente de parte de las obras sociales- y sobre el acceso a la educaci\u00f3n y beneficios sociales, entre otros aspectos.<\/p>\n<p>Tambi\u00e9n se convers\u00f3 sobre la necesidad de profundizar la visualizaci\u00f3n de la discapacidad y el concepto de accesibilidad en todos los \u00e1mbitos y proyectos de obras de la ciudad.<\/p>\n","protected":false},"excerpt":{"rendered":"<p>Las Defensoras del Pueblo de la Ciudad de Paran\u00e1, Marcia L\u00f3pez y Cecilia Pautaso (Adjunta), junto a la Defensora de los Derechos de las Persona Mayores, Ligia Blanco, mantuvieron una reuni\u00f3n este lunes con la titular de la Direcci\u00f3n de Pol\u00edtica de Integraci\u00f3n y Discapacidad del Municipio, Cristina Ripari, con Javier Albornoz integrante de esa [&hellip;]<\/p>\n","protected":false},"author":2,"featured_media":3124,"comment_status":"open","ping_status":"open","sticky":false,"template":"","format":"standard","meta":{"om_disable_all_campaigns":false,"_monsterinsights_skip_tracking":false,"_monsterinsights_sitenote_active":false,"_monsterinsights_sitenote_note":"","_monsterinsights_sitenote_category":0},"categories":[1],"tags":[],"_links":{"self":[{"href":"https:\/\/defensoriaparana.com.ar\/index.php\/wp-json\/wp\/v2\/posts\/3123"}],"collection":[{"href":"https:\/\/defensoriaparana.com.ar\/index.php\/wp-json\/wp\/v2\/posts"}],"about":[{"href":"https:\/\/defensoriaparana.com.ar\/index.php\/wp-json\/wp\/v2\/types\/post"}],"author":[{"embeddable":true,"href":"https:\/\/defensoriaparana.com.ar\/index.php\/wp-json\/wp\/v2\/users\/2"}],"replies":[{"embeddable":true,"href":"https:\/\/defensoriaparana.com.ar\/index.php\/wp-json\/wp\/v2\/comments?post=3123"}],"version-history":[{"count":1,"href":"https:\/\/defensoriaparana.com.ar\/index.php\/wp-json\/wp\/v2\/posts\/3123\/revisions"}],"predecessor-version":[{"id":3128,"href":"https:\/\/defensoriaparana.com.ar\/index.php\/wp-json\/wp\/v2\/posts\/3123\/revisions\/3128"}],"wp:featuredmedia":[{"embeddable":true,"href":"https:\/\/defensoriaparana.com.ar\/index.php\/wp-json\/wp\/v2\/media\/3124"}],"wp:attachment":[{"href":"https:\/\/defensoriaparana.com.ar\/index.php\/wp-json\/wp\/v2\/media?parent=3123"}],"wp:term":[{"taxonomy":"category","embeddable":true,"href":"https:\/\/defensoriaparana.com.ar\/index.php\/wp-json\/wp\/v2\/categories?post=3123"},{"taxonomy":"post_tag","embeddable":true,"href":"https:\/\/defensoriaparana.com.ar\/index.php\/wp-json\/wp\/v2\/tags?post=3123"}],"curies":[{"name":"wp","href":"https:\/\/api.w.org\/{rel}","templated":true}]}}