{"id":3130,"date":"2020-12-01T23:31:04","date_gmt":"2020-12-01T23:31:04","guid":{"rendered":"http:\/\/defensoriaparana.com.ar\/?p=3130"},"modified":"2022-08-25T23:32:22","modified_gmt":"2022-08-25T23:32:22","slug":"las-defensoras-del-pueblo-participaron-como-observadoras-en-las-elecciones-de-rio-cuarto-2","status":"publish","type":"post","link":"https:\/\/defensoriaparana.com.ar\/index.php\/2020\/12\/01\/las-defensoras-del-pueblo-participaron-como-observadoras-en-las-elecciones-de-rio-cuarto-2\/","title":{"rendered":"Las Defensoras del Pueblo participaron como observadoras en las elecciones de R\u00edo Cuarto"},"content":{"rendered":"<p>Las Defensoras del Pueblo de la Ciudad de Paran\u00e1, Marcia L\u00f3pez, y Cecilia Pautaso (Adjunta), participaron en car\u00e1cter de veedoras de los comicios municipales realizados el domingo 29, en R\u00edo Cuarto, C\u00f3rdoba. Lo hicieron en el marco del Observatorio Electoral de la Asociaci\u00f3n de Defensor\u00edas del Pueblo de la Rep\u00fablica Argentina (Adpra), organizaci\u00f3n que re\u00fane a las instituciones del pa\u00eds, entre las que se encuentra la de Paran\u00e1 con una activa participaci\u00f3n.<\/p>\n<p><img loading=\"lazy\" class=\"alignnone wp-image-8597\" src=\"http:\/\/www.defensoriaparana.gov.ar\/wp-content\/uploads\/cor3.jpg\" sizes=\"(max-width: 519px) 100vw, 519px\" srcset=\"https:\/\/www.defensoriaparana.gov.ar\/wp-content\/uploads\/cor3.jpg 960w, https:\/\/www.defensoriaparana.gov.ar\/wp-content\/uploads\/cor3-225x300.jpg 225w, https:\/\/www.defensoriaparana.gov.ar\/wp-content\/uploads\/cor3-768x1024.jpg 768w, https:\/\/www.defensoriaparana.gov.ar\/wp-content\/uploads\/cor3-170x227.jpg 170w, https:\/\/www.defensoriaparana.gov.ar\/wp-content\/uploads\/cor3-284x379.jpg 284w\" alt=\"\" width=\"519\" height=\"692\" \/><\/p>\n<h6>Integrantes de distintas Defensor\u00edas fueron parte de la tarea de observaci\u00f3n.<\/h6>\n<p>La elecci\u00f3n fue la primera en contexto de pandemia e incluy\u00f3 la instrumentaci\u00f3n y cumplimiento de un protocolo sanitario estricto, aspecto que junto a otros tantos relacionados al acto eleccionario en s\u00ed, fueron motivo de monitoreo de los observadores.<\/p>\n<p>\u201cSe trat\u00f3 de la primera elecci\u00f3n general con la aplicaci\u00f3n de protocolos. Fue una valiosa experiencia como prueba piloto\u201d, expresaron las Defensoras de Paran\u00e1, tras valorar la jornada de votaci\u00f3n.<\/p>\n<div id=\"attachment_8599\" class=\"wp-caption alignnone\"><img loading=\"lazy\" class=\" wp-image-8599\" src=\"http:\/\/www.defensoriaparana.gov.ar\/wp-content\/uploads\/cor2.jpg\" sizes=\"(max-width: 612px) 100vw, 612px\" srcset=\"https:\/\/www.defensoriaparana.gov.ar\/wp-content\/uploads\/cor2.jpg 1280w, https:\/\/www.defensoriaparana.gov.ar\/wp-content\/uploads\/cor2-300x225.jpg 300w, https:\/\/www.defensoriaparana.gov.ar\/wp-content\/uploads\/cor2-768x576.jpg 768w, https:\/\/www.defensoriaparana.gov.ar\/wp-content\/uploads\/cor2-1024x768.jpg 1024w, https:\/\/www.defensoriaparana.gov.ar\/wp-content\/uploads\/cor2-170x128.jpg 170w, https:\/\/www.defensoriaparana.gov.ar\/wp-content\/uploads\/cor2-284x213.jpg 284w\" alt=\"\" width=\"612\" height=\"459\" \/><\/p>\n<p class=\"wp-caption-text\">Participaron integrantes de diferentes Defensor\u00edas del pa\u00eds.<\/p>\n<\/div>\n<p><img loading=\"lazy\" class=\"alignnone wp-image-8598\" src=\"http:\/\/www.defensoriaparana.gov.ar\/wp-content\/uploads\/cor4.jpg\" sizes=\"(max-width: 566px) 100vw, 566px\" srcset=\"https:\/\/www.defensoriaparana.gov.ar\/wp-content\/uploads\/cor4.jpg 893w, https:\/\/www.defensoriaparana.gov.ar\/wp-content\/uploads\/cor4-300x161.jpg 300w, https:\/\/www.defensoriaparana.gov.ar\/wp-content\/uploads\/cor4-768x413.jpg 768w, https:\/\/www.defensoriaparana.gov.ar\/wp-content\/uploads\/cor4-170x91.jpg 170w, https:\/\/www.defensoriaparana.gov.ar\/wp-content\/uploads\/cor4-284x153.jpg 284w\" alt=\"\" width=\"566\" height=\"304\" \/><\/p>\n<p>De la observaci\u00f3n, participaron integrantes de las Defensor\u00edas del Pueblo de la Ciudad Aut\u00f3noma de Buenos Aires (CABA), Escobar, Santa Fe, C\u00f3rdoba y de la instituci\u00f3n local, de R\u00edo Cuarto, y consisti\u00f3 en una intensa jornada de capacitaci\u00f3n y recorrido por las instalaciones del correo y la Municipalidad, que comenz\u00f3 el s\u00e1bado. El domingo, a las 7 AM, el equipo del Observatorio Electoral de las Defensor\u00edas inici\u00f3 la tarea que abarc\u00f3 el acto de apertura, tomando mesas testigo, el desarrollo de los comicios en general, la accesibilidad a los establecimientos, aplicaci\u00f3n de los protocolos sanitarios y proceso de transmisi\u00f3n de datos, entre otros aspectos.<\/p>\n<p>La jornada del domingo fue una prueba de los protocolos sanitarios en una ciudad de 136 mil habitantes, con 9.200 casos de coronavirus desde que inici\u00f3 la pandemia, informaron medios de prensa cordobeses. Se eligieron intendente, concejales y tres tribunos de cuentas. Tambi\u00e9n votaron un plebiscito que consultaba sobre la reforma de dos art\u00edculos de la carta org\u00e1nica local, cuesti\u00f3n que gener\u00f3 dudas y confusi\u00f3n, seg\u00fan las observaciones preliminares de los participantes.<\/p>\n<p>Ante la situaci\u00f3n excepcional, de pandemia, la premisa planteada desde Adpra apunt\u00f3 a la necesidad de encontrar \u201cformas de participaci\u00f3n alternativa y de organizaci\u00f3n que permitan garantizar el derecho al voto sin descuidar el derecho a la salud y con respeto hacia la legislaci\u00f3n vigente\u201d. En esa l\u00ednea, se plante\u00f3 el rol de las Defensor\u00edas en estos tiempos, como instituciones encargadas de \u00a0\u201cinstar al Estado para que los derechos pol\u00edticos de todos los ciudadanos sean respetados, y para que las elecciones se realicen en el marco de protocolos sanitarios adecuados que garanticen el derecho a la salud\u201d, public\u00f3 la Asociaci\u00f3n.<\/p>\n<div id=\"attachment_8600\" class=\"wp-caption alignnone\"><img loading=\"lazy\" class=\"size-full wp-image-8600\" src=\"http:\/\/www.defensoriaparana.gov.ar\/wp-content\/uploads\/Cor.jpg\" sizes=\"(max-width: 575px) 100vw, 575px\" srcset=\"https:\/\/www.defensoriaparana.gov.ar\/wp-content\/uploads\/Cor.jpg 575w, https:\/\/www.defensoriaparana.gov.ar\/wp-content\/uploads\/Cor-288x300.jpg 288w, https:\/\/www.defensoriaparana.gov.ar\/wp-content\/uploads\/Cor-32x32.jpg 32w, https:\/\/www.defensoriaparana.gov.ar\/wp-content\/uploads\/Cor-170x177.jpg 170w, https:\/\/www.defensoriaparana.gov.ar\/wp-content\/uploads\/Cor-284x296.jpg 284w\" alt=\"\" width=\"575\" height=\"600\" \/><\/p>\n<p class=\"wp-caption-text\">La Defensora Marcia L\u00f3pez, en medio de la tarea.<\/p>\n<\/div>\n","protected":false},"excerpt":{"rendered":"<p>Las Defensoras del Pueblo de la Ciudad de Paran\u00e1, Marcia L\u00f3pez, y Cecilia Pautaso (Adjunta), participaron en car\u00e1cter de veedoras de los comicios municipales realizados el domingo 29, en R\u00edo Cuarto, C\u00f3rdoba. Lo hicieron en el marco del Observatorio Electoral de la Asociaci\u00f3n de Defensor\u00edas del Pueblo de la Rep\u00fablica Argentina (Adpra), organizaci\u00f3n que re\u00fane [&hellip;]<\/p>\n","protected":false},"author":1,"featured_media":0,"comment_status":"open","ping_status":"open","sticky":false,"template":"","format":"standard","meta":{"om_disable_all_campaigns":false,"_monsterinsights_skip_tracking":false,"_monsterinsights_sitenote_active":false,"_monsterinsights_sitenote_note":"","_monsterinsights_sitenote_category":0},"categories":[1],"tags":[],"_links":{"self":[{"href":"https:\/\/defensoriaparana.com.ar\/index.php\/wp-json\/wp\/v2\/posts\/3130"}],"collection":[{"href":"https:\/\/defensoriaparana.com.ar\/index.php\/wp-json\/wp\/v2\/posts"}],"about":[{"href":"https:\/\/defensoriaparana.com.ar\/index.php\/wp-json\/wp\/v2\/types\/post"}],"author":[{"embeddable":true,"href":"https:\/\/defensoriaparana.com.ar\/index.php\/wp-json\/wp\/v2\/users\/1"}],"replies":[{"embeddable":true,"href":"https:\/\/defensoriaparana.com.ar\/index.php\/wp-json\/wp\/v2\/comments?post=3130"}],"version-history":[{"count":1,"href":"https:\/\/defensoriaparana.com.ar\/index.php\/wp-json\/wp\/v2\/posts\/3130\/revisions"}],"predecessor-version":[{"id":3133,"href":"https:\/\/defensoriaparana.com.ar\/index.php\/wp-json\/wp\/v2\/posts\/3130\/revisions\/3133"}],"wp:attachment":[{"href":"https:\/\/defensoriaparana.com.ar\/index.php\/wp-json\/wp\/v2\/media?parent=3130"}],"wp:term":[{"taxonomy":"category","embeddable":true,"href":"https:\/\/defensoriaparana.com.ar\/index.php\/wp-json\/wp\/v2\/categories?post=3130"},{"taxonomy":"post_tag","embeddable":true,"href":"https:\/\/defensoriaparana.com.ar\/index.php\/wp-json\/wp\/v2\/tags?post=3130"}],"curies":[{"name":"wp","href":"https:\/\/api.w.org\/{rel}","templated":true}]}}