{"id":3135,"date":"2020-11-11T23:32:40","date_gmt":"2020-11-11T23:32:40","guid":{"rendered":"http:\/\/defensoriaparana.com.ar\/?p=3135"},"modified":"2022-08-25T23:34:44","modified_gmt":"2022-08-25T23:34:44","slug":"parana-participo-del-iii-encuentro-binacional-de-las-defensorias-del-pais-y-comisiones-de-ddhh-de-mexico-2","status":"publish","type":"post","link":"https:\/\/defensoriaparana.com.ar\/index.php\/2020\/11\/11\/parana-participo-del-iii-encuentro-binacional-de-las-defensorias-del-pais-y-comisiones-de-ddhh-de-mexico-2\/","title":{"rendered":"Paran\u00e1 particip\u00f3 del III Encuentro Binacional de las Defensor\u00edas del pa\u00eds y Comisiones de DDHH de M\u00e9xico"},"content":{"rendered":"<p>El \u201cIII Encuentro Binacional de las Defensor\u00edas del Pueblo de la Rep\u00fablica Argentina y las Comisiones de Derechos Humanos de M\u00e9xico\u201d se desarroll\u00f3 el viernes 6 de noviembre y cont\u00f3 con la participaci\u00f3n de representantes de instituciones del pa\u00eds, entre ellas la de Paran\u00e1. Por la Defensor\u00eda del Pueblo de la Ciudad, y a trav\u00e9s de un encuentro virtual, estuvieron Marcia L\u00f3pez y Cecilia Pautaso, titular y adjunta, respectivamente.<\/p>\n<p>\u201cEl encuentro fue con el fin de seguir generando espacios de encuentro e intercambio entre las instituciones de ambos pa\u00edses, en donde se puedan compartir y debatir ideas y perspectivas acerca de la promoci\u00f3n, protecci\u00f3n y defensa de los Derechos Humanos.<\/p>\n<p>Las palabras de aperturas estuvieron a cargo de Alejandro Amor, Defensor del Pueblo de la Ciudad Aut\u00f3noma de Buenos Aires y\u00a0 Presidente de la Asociaci\u00f3n de Defensor\u00edas del Pueblo de la Rep\u00fablica Argentina (Adpra);\u00a0 Carlos Tomada, Embajador Argentino en M\u00e9xico; Cristopher Ballina Vald\u00e9s, Director General de Derechos Humanos y Democracia de la Secretar\u00eda de Relaciones Exteriores de M\u00e9xico; Armando L\u00f3pez Trujillo, Encargado de Negocios de la Embajada de M\u00e9xico en Argentina; Nashieli Ram\u00edrez Hern\u00e1ndez, Presidenta de la Comisi\u00f3n de Derechos Humanos de la Ciudad de M\u00e9xico y Presidenta de la Federaci\u00f3n Mexicana de Organismos P\u00fablicos de Derechos Humanos;\u00a0 y\u00a0 Rosario Piedra Ibarra, Presidenta de la Comisi\u00f3n Nacional de los Derechos Humanos de M\u00e9xico.<\/p>\n<p>La reuni\u00f3n cont\u00f3 con la participaci\u00f3n de funcionarios de Defensor\u00edas del Pueblo Argentinas y de Comisiones mexicanas, como as\u00ed tambi\u00e9n, de Funcionarios P\u00fablicos del \u00e1mbito de las Relaciones Internacionales.<\/p>\n<div id=\"attachment_7702\" class=\"wp-caption alignnone\"><img loading=\"lazy\" class=\" wp-image-7702\" src=\"http:\/\/www.defensoriaparana.gov.ar\/wp-content\/uploads\/foto-3-encuentro-binacional.jpeg\" sizes=\"(max-width: 623px) 100vw, 623px\" srcset=\"https:\/\/www.defensoriaparana.gov.ar\/wp-content\/uploads\/foto-3-encuentro-binacional.jpeg 1273w, https:\/\/www.defensoriaparana.gov.ar\/wp-content\/uploads\/foto-3-encuentro-binacional-300x170.jpeg 300w, https:\/\/www.defensoriaparana.gov.ar\/wp-content\/uploads\/foto-3-encuentro-binacional-768x436.jpeg 768w, https:\/\/www.defensoriaparana.gov.ar\/wp-content\/uploads\/foto-3-encuentro-binacional-1024x582.jpeg 1024w, https:\/\/www.defensoriaparana.gov.ar\/wp-content\/uploads\/foto-3-encuentro-binacional-170x97.jpeg 170w, https:\/\/www.defensoriaparana.gov.ar\/wp-content\/uploads\/foto-3-encuentro-binacional-284x161.jpeg 284w\" alt=\"\" width=\"623\" height=\"354\" \/><\/p>\n<p class=\"wp-caption-text\">Las Defensoras del Pueblo de Paran\u00e1 participaron del encuentro virtual.<\/p>\n<\/div>\n<p><img loading=\"lazy\" class=\"alignnone  wp-image-7700\" src=\"http:\/\/www.defensoriaparana.gov.ar\/wp-content\/uploads\/foto-1-4.jpg\" sizes=\"(max-width: 605px) 100vw, 605px\" srcset=\"https:\/\/www.defensoriaparana.gov.ar\/wp-content\/uploads\/foto-1-4.jpg 1081w, https:\/\/www.defensoriaparana.gov.ar\/wp-content\/uploads\/foto-1-4-300x171.jpg 300w, https:\/\/www.defensoriaparana.gov.ar\/wp-content\/uploads\/foto-1-4-768x437.jpg 768w, https:\/\/www.defensoriaparana.gov.ar\/wp-content\/uploads\/foto-1-4-1024x583.jpg 1024w, https:\/\/www.defensoriaparana.gov.ar\/wp-content\/uploads\/foto-1-4-170x97.jpg 170w, https:\/\/www.defensoriaparana.gov.ar\/wp-content\/uploads\/foto-1-4-284x162.jpg 284w\" alt=\"\" width=\"605\" height=\"344\" \/><\/p>\n<p>Asimismo, en el marco del encuentro se oficializ\u00f3 el lanzamiento de la Gaceta Binacional de Derechos Humanos M\u00e9xico-Argentina, instrumento oficial de comunicaci\u00f3n e intercambio sobre la tem\u00e1tica en Derechos Humanos, en donde los organismos de ambos pa\u00edses comparten sus actuaciones, experiencias y recomendaciones que resulten de total relevancia y trascendencia, as\u00ed como art\u00edculos cient\u00edficos y de investigaci\u00f3n en materia de derechos humanos. La modalidad de la misma, ser\u00e1 de publicaci\u00f3n semestral. En el primer ejemplar el eje central refleja el impacto de la Pandemia por el COVID-19 en los Derechos Humanos\u201d, public\u00f3 la Asociaci\u00f3n de Defensor\u00edas del pa\u00eds.<\/p>\n<p><img loading=\"lazy\" class=\"alignnone  wp-image-7703\" src=\"http:\/\/www.defensoriaparana.gov.ar\/wp-content\/uploads\/foto-presentacion-gaceta-1024x481.jpeg\" sizes=\"(max-width: 572px) 100vw, 572px\" srcset=\"https:\/\/www.defensoriaparana.gov.ar\/wp-content\/uploads\/foto-presentacion-gaceta-1024x481.jpeg 1024w, https:\/\/www.defensoriaparana.gov.ar\/wp-content\/uploads\/foto-presentacion-gaceta-1024x481-300x141.jpeg 300w, https:\/\/www.defensoriaparana.gov.ar\/wp-content\/uploads\/foto-presentacion-gaceta-1024x481-768x361.jpeg 768w, https:\/\/www.defensoriaparana.gov.ar\/wp-content\/uploads\/foto-presentacion-gaceta-1024x481-170x80.jpeg 170w, https:\/\/www.defensoriaparana.gov.ar\/wp-content\/uploads\/foto-presentacion-gaceta-1024x481-284x133.jpeg 284w\" alt=\"\" width=\"572\" height=\"269\" \/><\/p>\n<p>La publicaci\u00f3n fue presentada en el encuentro.<\/p>\n<p>Fuente: Adpra.<\/p>\n","protected":false},"excerpt":{"rendered":"<p>El \u201cIII Encuentro Binacional de las Defensor\u00edas del Pueblo de la Rep\u00fablica Argentina y las Comisiones de Derechos Humanos de M\u00e9xico\u201d se desarroll\u00f3 el viernes 6 de noviembre y cont\u00f3 con la participaci\u00f3n de representantes de instituciones del pa\u00eds, entre ellas la de Paran\u00e1. Por la Defensor\u00eda del Pueblo de la Ciudad, y a trav\u00e9s [&hellip;]<\/p>\n","protected":false},"author":1,"featured_media":0,"comment_status":"open","ping_status":"open","sticky":false,"template":"","format":"standard","meta":{"om_disable_all_campaigns":false,"_monsterinsights_skip_tracking":false,"_monsterinsights_sitenote_active":false,"_monsterinsights_sitenote_note":"","_monsterinsights_sitenote_category":0},"categories":[1],"tags":[],"_links":{"self":[{"href":"https:\/\/defensoriaparana.com.ar\/index.php\/wp-json\/wp\/v2\/posts\/3135"}],"collection":[{"href":"https:\/\/defensoriaparana.com.ar\/index.php\/wp-json\/wp\/v2\/posts"}],"about":[{"href":"https:\/\/defensoriaparana.com.ar\/index.php\/wp-json\/wp\/v2\/types\/post"}],"author":[{"embeddable":true,"href":"https:\/\/defensoriaparana.com.ar\/index.php\/wp-json\/wp\/v2\/users\/1"}],"replies":[{"embeddable":true,"href":"https:\/\/defensoriaparana.com.ar\/index.php\/wp-json\/wp\/v2\/comments?post=3135"}],"version-history":[{"count":1,"href":"https:\/\/defensoriaparana.com.ar\/index.php\/wp-json\/wp\/v2\/posts\/3135\/revisions"}],"predecessor-version":[{"id":3138,"href":"https:\/\/defensoriaparana.com.ar\/index.php\/wp-json\/wp\/v2\/posts\/3135\/revisions\/3138"}],"wp:attachment":[{"href":"https:\/\/defensoriaparana.com.ar\/index.php\/wp-json\/wp\/v2\/media?parent=3135"}],"wp:term":[{"taxonomy":"category","embeddable":true,"href":"https:\/\/defensoriaparana.com.ar\/index.php\/wp-json\/wp\/v2\/categories?post=3135"},{"taxonomy":"post_tag","embeddable":true,"href":"https:\/\/defensoriaparana.com.ar\/index.php\/wp-json\/wp\/v2\/tags?post=3135"}],"curies":[{"name":"wp","href":"https:\/\/api.w.org\/{rel}","templated":true}]}}