{"id":3137,"date":"2020-11-09T23:32:42","date_gmt":"2020-11-09T23:32:42","guid":{"rendered":"http:\/\/defensoriaparana.com.ar\/?p=3137"},"modified":"2022-08-25T23:34:46","modified_gmt":"2022-08-25T23:34:46","slug":"no-habra-atencion-en-la-oficina-de-la-escuela-hogar","status":"publish","type":"post","link":"https:\/\/defensoriaparana.com.ar\/index.php\/2020\/11\/09\/no-habra-atencion-en-la-oficina-de-la-escuela-hogar\/","title":{"rendered":"No habr\u00e1 atenci\u00f3n en la oficina de la Escuela Hogar"},"content":{"rendered":"<p>La oficina de atenci\u00f3n de la Defensor\u00eda del Pueblo de la Ciudad de Paran\u00e1 que funciona en la Escuela Hogar, en Avenida Don Bosco 749, permanecer\u00e1 cerrada desde esta semana hasta nuevo aviso.<\/p>\n<p>La delegaci\u00f3n en la Escuela Hogar qued\u00f3 habilitada en noviembre de 2013, en el marco de las actividades por los diez a\u00f1os de la instituci\u00f3n, con el prop\u00f3sito de acercar la Defensor\u00eda a los vecinos para facilitar informaci\u00f3n y promover la defensa de los derechos ciudadanos.<\/p>\n","protected":false},"excerpt":{"rendered":"<p>La oficina de atenci\u00f3n de la Defensor\u00eda del Pueblo de la Ciudad de Paran\u00e1 que funciona en la Escuela Hogar, en Avenida Don Bosco 749, permanecer\u00e1 cerrada desde esta semana hasta nuevo aviso. La delegaci\u00f3n en la Escuela Hogar qued\u00f3 habilitada en noviembre de 2013, en el marco de las actividades por los diez a\u00f1os [&hellip;]<\/p>\n","protected":false},"author":1,"featured_media":0,"comment_status":"open","ping_status":"open","sticky":false,"template":"","format":"standard","meta":{"om_disable_all_campaigns":false,"_monsterinsights_skip_tracking":false,"_monsterinsights_sitenote_active":false,"_monsterinsights_sitenote_note":"","_monsterinsights_sitenote_category":0},"categories":[1],"tags":[],"_links":{"self":[{"href":"https:\/\/defensoriaparana.com.ar\/index.php\/wp-json\/wp\/v2\/posts\/3137"}],"collection":[{"href":"https:\/\/defensoriaparana.com.ar\/index.php\/wp-json\/wp\/v2\/posts"}],"about":[{"href":"https:\/\/defensoriaparana.com.ar\/index.php\/wp-json\/wp\/v2\/types\/post"}],"author":[{"embeddable":true,"href":"https:\/\/defensoriaparana.com.ar\/index.php\/wp-json\/wp\/v2\/users\/1"}],"replies":[{"embeddable":true,"href":"https:\/\/defensoriaparana.com.ar\/index.php\/wp-json\/wp\/v2\/comments?post=3137"}],"version-history":[{"count":1,"href":"https:\/\/defensoriaparana.com.ar\/index.php\/wp-json\/wp\/v2\/posts\/3137\/revisions"}],"predecessor-version":[{"id":3140,"href":"https:\/\/defensoriaparana.com.ar\/index.php\/wp-json\/wp\/v2\/posts\/3137\/revisions\/3140"}],"wp:attachment":[{"href":"https:\/\/defensoriaparana.com.ar\/index.php\/wp-json\/wp\/v2\/media?parent=3137"}],"wp:term":[{"taxonomy":"category","embeddable":true,"href":"https:\/\/defensoriaparana.com.ar\/index.php\/wp-json\/wp\/v2\/categories?post=3137"},{"taxonomy":"post_tag","embeddable":true,"href":"https:\/\/defensoriaparana.com.ar\/index.php\/wp-json\/wp\/v2\/tags?post=3137"}],"curies":[{"name":"wp","href":"https:\/\/api.w.org\/{rel}","templated":true}]}}