{"id":3141,"date":"2020-10-20T23:34:51","date_gmt":"2020-10-20T23:34:51","guid":{"rendered":"http:\/\/defensoriaparana.com.ar\/?p=3141"},"modified":"2022-08-25T23:38:16","modified_gmt":"2022-08-25T23:38:16","slug":"defensoras-del-pueblo-se-reunieron-con-funcionarios-de-servicios-publicos-municipal-y-desarrollo-social-de-la-nacion","status":"publish","type":"post","link":"https:\/\/defensoriaparana.com.ar\/index.php\/2020\/10\/20\/defensoras-del-pueblo-se-reunieron-con-funcionarios-de-servicios-publicos-municipal-y-desarrollo-social-de-la-nacion\/","title":{"rendered":"Defensoras del Pueblo se reunieron con funcionarios de Servicios P\u00fablicos municipal y Desarrollo Social de la Naci\u00f3n"},"content":{"rendered":"<p class=\"x_xmsonormal\">En el marco de una serie de reuniones con representantes de \u00e1reas del Estado, las Defensoras del Pueblo de la Ciudad de Paran\u00e1 mantuvieron sendos\u00a0encuentros con funcionarios de la Secretar\u00eda de Servicios P\u00fablicos de la ciudad y\u00a0\u00a0del\u00a0Ministerio de Desarrollo Social de la Naci\u00f3n en Entre R\u00edos.<\/p>\n<p class=\"x_xmsonormal\">Una de las reuniones se llev\u00f3 a cabo en la sede de la instituci\u00f3n, en calle Monte Caseros 159, y cont\u00f3 con la presencia de Jimena Osuna, articuladora del Ministerio de Desarrollo Social de la Naci\u00f3n en Entre R\u00edos. En el encuentro participaron las Defensoras del Pueblo Marcia L\u00f3pez y Cecilia Pautaso (Adjunta), junto a la Defensora de los Derechos de las Personas Mayores, Ligia Blanco, y se abord\u00f3 la agenda de temas de consulta y reclamos que generalmente recibe la instituci\u00f3n relacionados al \u00e1rea social y las posibilidades de\u00a0\u00a0viabilizarlos de forma r\u00e1pida y efectiva a trav\u00e9s de la delegaci\u00f3n local del Ministerio de Desarrollo Social de la Naci\u00f3n. En ese sentido, se acord\u00f3 coordinar las acciones en pos de dar respuestas a las demandas ciudadanas.<\/p>\n<div id=\"attachment_7650\" class=\"wp-caption alignnone\"><img loading=\"lazy\" class=\" wp-image-7650\" src=\"http:\/\/www.defensoriaparana.gov.ar\/wp-content\/uploads\/desarrollo-social-2.jpg\" sizes=\"(max-width: 629px) 100vw, 629px\" srcset=\"https:\/\/www.defensoriaparana.gov.ar\/wp-content\/uploads\/desarrollo-social-2.jpg 1032w, https:\/\/www.defensoriaparana.gov.ar\/wp-content\/uploads\/desarrollo-social-2-300x225.jpg 300w, https:\/\/www.defensoriaparana.gov.ar\/wp-content\/uploads\/desarrollo-social-2-768x576.jpg 768w, https:\/\/www.defensoriaparana.gov.ar\/wp-content\/uploads\/desarrollo-social-2-1024x768.jpg 1024w, https:\/\/www.defensoriaparana.gov.ar\/wp-content\/uploads\/desarrollo-social-2-170x128.jpg 170w, https:\/\/www.defensoriaparana.gov.ar\/wp-content\/uploads\/desarrollo-social-2-284x213.jpg 284w\" alt=\"\" width=\"629\" height=\"472\" \/><\/p>\n<p class=\"wp-caption-text\">Las Defensoras recibieron a Jimena Osuna, de Desarrollo Social nacional.<\/p>\n<\/div>\n<p class=\"x_xmsonormal\">Con el mismo fin y para acordar canales de comunicaci\u00f3n y de gesti\u00f3n efectivos, las autoridades de la Defensor\u00eda del Pueblo junto a la directora de\u00a0Derechos Ciudadanos de la instituci\u00f3n, Silvia Pidoux, se reunieron con el Secretario de Servicios P\u00fablicos de la Municipalidad, Emanuel Redondo, el coordinador General de Servicios P\u00fablicos, Lucas Feltes, y el Director de Parques y Paseos, Fabi\u00e1n Sauthier.\u00a0\u00a0Entre los temas analizados, se plante\u00f3\u00a0que los planteos ciudadanos referidos a carencia o fallas de los servicios p\u00fablicos municipales son b\u00e1sicos para la Defensor\u00eda del Pueblo, pues constituyen uno de los objetivos fundamentales de su funcionamiento. Asimismo, y en base a la importancia de los servicios p\u00fablicos para la ciudadan\u00eda, se puso \u00e9nfasis en poder atender y dar respuestas con celeridad ante los reclamos y las preguntas.<\/p>\n<div id=\"attachment_7646\" class=\"wp-caption alignnone\"><img loading=\"lazy\" class=\" wp-image-7646\" src=\"http:\/\/www.defensoriaparana.gov.ar\/wp-content\/uploads\/Reuni%C3%B3n-servicios-p%C3%BAblicos.jpg\" sizes=\"(max-width: 563px) 100vw, 563px\" srcset=\"https:\/\/www.defensoriaparana.gov.ar\/wp-content\/uploads\/Reuni\u00f3n-servicios-p\u00fablicos.jpg 1280w, https:\/\/www.defensoriaparana.gov.ar\/wp-content\/uploads\/Reuni\u00f3n-servicios-p\u00fablicos-300x200.jpg 300w, https:\/\/www.defensoriaparana.gov.ar\/wp-content\/uploads\/Reuni\u00f3n-servicios-p\u00fablicos-768x512.jpg 768w, https:\/\/www.defensoriaparana.gov.ar\/wp-content\/uploads\/Reuni\u00f3n-servicios-p\u00fablicos-1024x683.jpg 1024w, https:\/\/www.defensoriaparana.gov.ar\/wp-content\/uploads\/Reuni\u00f3n-servicios-p\u00fablicos-170x113.jpg 170w, https:\/\/www.defensoriaparana.gov.ar\/wp-content\/uploads\/Reuni\u00f3n-servicios-p\u00fablicos-284x189.jpg 284w, https:\/\/www.defensoriaparana.gov.ar\/wp-content\/uploads\/Reuni\u00f3n-servicios-p\u00fablicos-135x90.jpg 135w\" alt=\"\" width=\"563\" height=\"375\" \/><\/p>\n<p class=\"wp-caption-text\">Reuni\u00f3n con funcionarios de Servicios P\u00fablicos municipal. (Gentileza Servicios P\u00fablicos)<\/p>\n<\/div>\n<p class=\"x_xmsonormal\">Por \u00faltimo, las Defensoras valoraron la disposici\u00f3n de los funcionarios de ambas \u00e1reas.<\/p>\n","protected":false},"excerpt":{"rendered":"<p>En el marco de una serie de reuniones con representantes de \u00e1reas del Estado, las Defensoras del Pueblo de la Ciudad de Paran\u00e1 mantuvieron sendos\u00a0encuentros con funcionarios de la Secretar\u00eda de Servicios P\u00fablicos de la ciudad y\u00a0\u00a0del\u00a0Ministerio de Desarrollo Social de la Naci\u00f3n en Entre R\u00edos. Una de las reuniones se llev\u00f3 a cabo en [&hellip;]<\/p>\n","protected":false},"author":1,"featured_media":0,"comment_status":"open","ping_status":"open","sticky":false,"template":"","format":"standard","meta":{"om_disable_all_campaigns":false,"_monsterinsights_skip_tracking":false,"_monsterinsights_sitenote_active":false,"_monsterinsights_sitenote_note":"","_monsterinsights_sitenote_category":0},"categories":[1],"tags":[],"_links":{"self":[{"href":"https:\/\/defensoriaparana.com.ar\/index.php\/wp-json\/wp\/v2\/posts\/3141"}],"collection":[{"href":"https:\/\/defensoriaparana.com.ar\/index.php\/wp-json\/wp\/v2\/posts"}],"about":[{"href":"https:\/\/defensoriaparana.com.ar\/index.php\/wp-json\/wp\/v2\/types\/post"}],"author":[{"embeddable":true,"href":"https:\/\/defensoriaparana.com.ar\/index.php\/wp-json\/wp\/v2\/users\/1"}],"replies":[{"embeddable":true,"href":"https:\/\/defensoriaparana.com.ar\/index.php\/wp-json\/wp\/v2\/comments?post=3141"}],"version-history":[{"count":1,"href":"https:\/\/defensoriaparana.com.ar\/index.php\/wp-json\/wp\/v2\/posts\/3141\/revisions"}],"predecessor-version":[{"id":3144,"href":"https:\/\/defensoriaparana.com.ar\/index.php\/wp-json\/wp\/v2\/posts\/3141\/revisions\/3144"}],"wp:attachment":[{"href":"https:\/\/defensoriaparana.com.ar\/index.php\/wp-json\/wp\/v2\/media?parent=3141"}],"wp:term":[{"taxonomy":"category","embeddable":true,"href":"https:\/\/defensoriaparana.com.ar\/index.php\/wp-json\/wp\/v2\/categories?post=3141"},{"taxonomy":"post_tag","embeddable":true,"href":"https:\/\/defensoriaparana.com.ar\/index.php\/wp-json\/wp\/v2\/tags?post=3141"}],"curies":[{"name":"wp","href":"https:\/\/api.w.org\/{rel}","templated":true}]}}