{"id":3142,"date":"2020-10-10T23:34:53","date_gmt":"2020-10-10T23:34:53","guid":{"rendered":"http:\/\/defensoriaparana.com.ar\/?p=3142"},"modified":"2022-08-25T23:38:27","modified_gmt":"2022-08-25T23:38:27","slug":"cada-vez-mas-gente-acepta-una-mediacion-virtual","status":"publish","type":"post","link":"https:\/\/defensoriaparana.com.ar\/index.php\/2020\/10\/10\/cada-vez-mas-gente-acepta-una-mediacion-virtual\/","title":{"rendered":"\u201cCada vez m\u00e1s gente acepta una mediaci\u00f3n virtual\u201d"},"content":{"rendered":"<header class=\"header-interior\">\n<h5>La Coordinadora del Centro de Mediaci\u00f3n de la Defensor\u00eda del Pueblo de la Ciudad de Paran\u00e1, Irina Chausovsky, se refiri\u00f3 a la modalidad instrumentada a partir de las medidas de aislamiento f\u00edsico obligatorio. A continuaci\u00f3n, una nota publicada por la agencia AIM.<\/h5>\n<h2 id=\"nota-title\">\u00abSe multiplicaron las mediaciones virtuales en la Defensor\u00eda del Pueblo<\/h2>\n<\/header>\n<article class=\"cont-cuerpo\">\n<div class=\"cont-foto\">\n<figure class=\"nota-foto\"><img class=\"\" title=\"Ronda de conversaci\u00f3n y escucha.\" src=\"https:\/\/aimdigital.com.ar\/galeria\/fotos\/2020\/10\/16\/o_1602892853.jpeg\" alt=\"Ronda de conversaci\u00f3n y escucha.\" data-src=\"https:\/\/aimdigital.com.ar\/galeria\/fotos\/2020\/10\/16\/o_1602892853.jpeg\" \/><figcaption>Ronda de conversaci\u00f3n y escucha.<\/figcaption><\/figure>\n<\/div>\n<section class=\"texto\">\u201cCada vez m\u00e1s gente acepta una mediaci\u00f3n virtual\u201d, afirm\u00f3 a AIM Irina Chausovsky, responsable del Centro de Mediaci\u00f3n de la Defensor\u00eda del Pueblo de Paran\u00e1. Es parte de un proceso de adaptaci\u00f3n dijo, en donde el instituto trabaja en ampliar los proceso de escucha y conversaci\u00f3n, coment\u00f3.\u201cLa mediaci\u00f3n es voluntaria, y los y las mediadores brindan su tiempo y experiencia de forma gratuita\u201d, resalta a esta Agencia Irina Chausovsky, a cargo de coordinar el espacio que desarrollo actividades en la Defensor\u00eda del Pueblo de Paran\u00e1. Esta instancia, explic\u00f3, surge como una modalidad para \u201cgenerar los espacios de conversaci\u00f3n entre los vecinos cuando se ve afectada la convivencia\u201d. Con el aislamiento sanitario, como todas las actividades presenciales, la din\u00e1mica se transform\u00f3.\u201cEn este contexto de pandemia nos hemos ido adaptando, con las mediaciones virtuales, que ahora se est\u00e1n haciendo muchas. De junio a mediados de septiembre se hicieron ocho mediaciones, y en las \u00faltimas dos semanas del mes pasado se realizaron nueve. Es decir que cada vez m\u00e1s gente acepta una mediaci\u00f3n virtual. Pero bueno, esto todo una adaptaci\u00f3n que se tienen que hacer, los mediadores primeros\u201d, apunt\u00f3 Chausovsky.La coordinadora destaca que todo ha formado de un proceso de adaptaci\u00f3n y propuestas m\u00e1s amplias. \u201cEl centro de mediaci\u00f3n es comunitario, donde busca estar justamente anclado en contacto con los vecinos. Es por eso que buscamos otras formas de acercarnos y ejercer nuestro rol que tienen que ver con generar espacios de conversaci\u00f3n y escucha. As\u00ed es que empezamos a organizarnos y a convocar a rodas de escuchas a docentes y ronda de escuchas en la residencia Teresa de Calcula y Casa de la Mujer, los dos espacios municipales, y en el Centro de Integraci\u00f3n Comunitario (CIC) para personas en situaci\u00f3n de calle, de forma presencial\u201d, enumer\u00f3..&nbsp;<\/p>\n<p>Es as\u00ed que desde Mediaci\u00f3n apuntaron que \u201cvamos escuchando necesidades y viendo otras formas de acompa\u00f1ar como formar y fortalecer bibliotecas\u201d, una de las actividades que fueron impulsas con fuerza en el \u00faltimo tiempo\u00bb.<\/p>\n<p>Fuente: AIM Digital. (https:\/\/www.aimdigital.com.ar\/locales\/se-multiplicaron-las-mediaciones-virtuales-en-la-defensora-del-pueblo.htm)<\/p>\n<\/section>\n<\/article>\n","protected":false},"excerpt":{"rendered":"<p>La Coordinadora del Centro de Mediaci\u00f3n de la Defensor\u00eda del Pueblo de la Ciudad de Paran\u00e1, Irina Chausovsky, se refiri\u00f3 a la modalidad instrumentada a partir de las medidas de aislamiento f\u00edsico obligatorio. A continuaci\u00f3n, una nota publicada por la agencia AIM. \u00abSe multiplicaron las mediaciones virtuales en la Defensor\u00eda del Pueblo Ronda de conversaci\u00f3n [&hellip;]<\/p>\n","protected":false},"author":1,"featured_media":0,"comment_status":"open","ping_status":"open","sticky":false,"template":"","format":"standard","meta":{"om_disable_all_campaigns":false,"_monsterinsights_skip_tracking":false,"_monsterinsights_sitenote_active":false,"_monsterinsights_sitenote_note":"","_monsterinsights_sitenote_category":0},"categories":[1],"tags":[],"_links":{"self":[{"href":"https:\/\/defensoriaparana.com.ar\/index.php\/wp-json\/wp\/v2\/posts\/3142"}],"collection":[{"href":"https:\/\/defensoriaparana.com.ar\/index.php\/wp-json\/wp\/v2\/posts"}],"about":[{"href":"https:\/\/defensoriaparana.com.ar\/index.php\/wp-json\/wp\/v2\/types\/post"}],"author":[{"embeddable":true,"href":"https:\/\/defensoriaparana.com.ar\/index.php\/wp-json\/wp\/v2\/users\/1"}],"replies":[{"embeddable":true,"href":"https:\/\/defensoriaparana.com.ar\/index.php\/wp-json\/wp\/v2\/comments?post=3142"}],"version-history":[{"count":1,"href":"https:\/\/defensoriaparana.com.ar\/index.php\/wp-json\/wp\/v2\/posts\/3142\/revisions"}],"predecessor-version":[{"id":3145,"href":"https:\/\/defensoriaparana.com.ar\/index.php\/wp-json\/wp\/v2\/posts\/3142\/revisions\/3145"}],"wp:attachment":[{"href":"https:\/\/defensoriaparana.com.ar\/index.php\/wp-json\/wp\/v2\/media?parent=3142"}],"wp:term":[{"taxonomy":"category","embeddable":true,"href":"https:\/\/defensoriaparana.com.ar\/index.php\/wp-json\/wp\/v2\/categories?post=3142"},{"taxonomy":"post_tag","embeddable":true,"href":"https:\/\/defensoriaparana.com.ar\/index.php\/wp-json\/wp\/v2\/tags?post=3142"}],"curies":[{"name":"wp","href":"https:\/\/api.w.org\/{rel}","templated":true}]}}