{"id":3143,"date":"2020-10-07T23:34:54","date_gmt":"2020-10-07T23:34:54","guid":{"rendered":"http:\/\/defensoriaparana.com.ar\/?p=3143"},"modified":"2022-08-25T23:38:40","modified_gmt":"2022-08-25T23:38:40","slug":"las-defensoras-del-pueblo-de-parana-se-reunieron-con-representantes-del-caj-y-anses","status":"publish","type":"post","link":"https:\/\/defensoriaparana.com.ar\/index.php\/2020\/10\/07\/las-defensoras-del-pueblo-de-parana-se-reunieron-con-representantes-del-caj-y-anses\/","title":{"rendered":"Las Defensoras del Pueblo de Paran\u00e1 se reunieron con representantes del CAJ y Anses"},"content":{"rendered":"<p>Las Defensoras del Pueblo de la Ciudad de Paran\u00e1, Marcia L\u00f3pez y Cecilia Pautaso (adjunta), junto a la Defensora de Derechos de las Personas Mayores, Ligia Blanco, mantuvieron reuniones con representantes del Centro de Acceso a la Justicia (CAJ) y de la\u00a0Anses,\u00a0organismos del Estado nacional con los que la instituci\u00f3n se relaciona y gestiona numerosas consultas y reclamos de la ciudadan\u00eda.<\/p>\n<p>El objetivo de los encuentros consisti\u00f3 en acordar modalidades de trabajo y canales de comunicaci\u00f3n que redunden en respuestas m\u00e1s r\u00e1pidas y efectivas a los requerimientos de la ciudadan\u00eda.<\/p>\n<p>Las Defensoras recibieron en la sede de la instituci\u00f3n, en calle Monte Caseros 159,\u00a0 a la Coordinadora del CAJ, Mariana Panozzo, a la psic\u00f3loga Tamara\u00a0 Zarb y al abogado Lisandro Mobilia.\u00a0 Durante el encuentro se mencionaron los casos habituales de consulta que recibe la Defensor\u00eda, en los que se requiere representaci\u00f3n legal, y son asesorados desde la instituci\u00f3n sobre la prestaci\u00f3n de ese servicio por parte del CAJ.<\/p>\n<div id=\"attachment_7634\" class=\"wp-caption alignnone\"><img loading=\"lazy\" class=\"size-full wp-image-7634\" src=\"http:\/\/www.defensoriaparana.gov.ar\/wp-content\/uploads\/Caj1.jpg\" sizes=\"(max-width: 1040px) 100vw, 1040px\" srcset=\"https:\/\/www.defensoriaparana.gov.ar\/wp-content\/uploads\/Caj1.jpg 1040w, https:\/\/www.defensoriaparana.gov.ar\/wp-content\/uploads\/Caj1-300x225.jpg 300w, https:\/\/www.defensoriaparana.gov.ar\/wp-content\/uploads\/Caj1-768x576.jpg 768w, https:\/\/www.defensoriaparana.gov.ar\/wp-content\/uploads\/Caj1-1024x768.jpg 1024w, https:\/\/www.defensoriaparana.gov.ar\/wp-content\/uploads\/Caj1-170x128.jpg 170w, https:\/\/www.defensoriaparana.gov.ar\/wp-content\/uploads\/Caj1-284x213.jpg 284w\" alt=\"\" width=\"1040\" height=\"780\" \/><\/p>\n<p class=\"wp-caption-text\">Las Defensoras mantuvieron una reuni\u00f3n con representantes del CAJ.<\/p>\n<\/div>\n<p>Luego, las Defensoras del Pueblo se reunieron con el titular de la Unidad de Atenci\u00f3n Integral de Anses (UDAI Paran\u00e1 II), Gustavo Guzm\u00e1n, con quien trataron los temas que recepciona la Defensor\u00eda relacionados a tr\u00e1mites y beneficios correspondientes a la Administraci\u00f3n Nacional de la Seguridad Social. Asimismo, se destac\u00f3 la buena disposici\u00f3n para generar y mantener v\u00ednculos que agilicen las actuaciones y consultas de la ciudadan\u00eda.<\/p>\n<div id=\"attachment_7633\" class=\"wp-caption alignnone\"><img loading=\"lazy\" class=\"size-full wp-image-7633\" src=\"http:\/\/www.defensoriaparana.gov.ar\/wp-content\/uploads\/Anses-2.jpg\" sizes=\"(max-width: 1280px) 100vw, 1280px\" srcset=\"https:\/\/www.defensoriaparana.gov.ar\/wp-content\/uploads\/Anses-2.jpg 1280w, https:\/\/www.defensoriaparana.gov.ar\/wp-content\/uploads\/Anses-2-300x169.jpg 300w, https:\/\/www.defensoriaparana.gov.ar\/wp-content\/uploads\/Anses-2-768x432.jpg 768w, https:\/\/www.defensoriaparana.gov.ar\/wp-content\/uploads\/Anses-2-1024x576.jpg 1024w, https:\/\/www.defensoriaparana.gov.ar\/wp-content\/uploads\/Anses-2-170x96.jpg 170w, https:\/\/www.defensoriaparana.gov.ar\/wp-content\/uploads\/Anses-2-284x160.jpg 284w\" alt=\"\" width=\"1280\" height=\"720\" \/><\/p>\n<p class=\"wp-caption-text\">Reuni\u00f3n con el titular de Anses (UDAI Paran\u00e1 II).<\/p>\n<\/div>\n","protected":false},"excerpt":{"rendered":"<p>Las Defensoras del Pueblo de la Ciudad de Paran\u00e1, Marcia L\u00f3pez y Cecilia Pautaso (adjunta), junto a la Defensora de Derechos de las Personas Mayores, Ligia Blanco, mantuvieron reuniones con representantes del Centro de Acceso a la Justicia (CAJ) y de la\u00a0Anses,\u00a0organismos del Estado nacional con los que la instituci\u00f3n se relaciona y gestiona numerosas [&hellip;]<\/p>\n","protected":false},"author":1,"featured_media":0,"comment_status":"open","ping_status":"open","sticky":false,"template":"","format":"standard","meta":{"om_disable_all_campaigns":false,"_monsterinsights_skip_tracking":false,"_monsterinsights_sitenote_active":false,"_monsterinsights_sitenote_note":"","_monsterinsights_sitenote_category":0},"categories":[1],"tags":[],"_links":{"self":[{"href":"https:\/\/defensoriaparana.com.ar\/index.php\/wp-json\/wp\/v2\/posts\/3143"}],"collection":[{"href":"https:\/\/defensoriaparana.com.ar\/index.php\/wp-json\/wp\/v2\/posts"}],"about":[{"href":"https:\/\/defensoriaparana.com.ar\/index.php\/wp-json\/wp\/v2\/types\/post"}],"author":[{"embeddable":true,"href":"https:\/\/defensoriaparana.com.ar\/index.php\/wp-json\/wp\/v2\/users\/1"}],"replies":[{"embeddable":true,"href":"https:\/\/defensoriaparana.com.ar\/index.php\/wp-json\/wp\/v2\/comments?post=3143"}],"version-history":[{"count":2,"href":"https:\/\/defensoriaparana.com.ar\/index.php\/wp-json\/wp\/v2\/posts\/3143\/revisions"}],"predecessor-version":[{"id":3147,"href":"https:\/\/defensoriaparana.com.ar\/index.php\/wp-json\/wp\/v2\/posts\/3143\/revisions\/3147"}],"wp:attachment":[{"href":"https:\/\/defensoriaparana.com.ar\/index.php\/wp-json\/wp\/v2\/media?parent=3143"}],"wp:term":[{"taxonomy":"category","embeddable":true,"href":"https:\/\/defensoriaparana.com.ar\/index.php\/wp-json\/wp\/v2\/categories?post=3143"},{"taxonomy":"post_tag","embeddable":true,"href":"https:\/\/defensoriaparana.com.ar\/index.php\/wp-json\/wp\/v2\/tags?post=3143"}],"curies":[{"name":"wp","href":"https:\/\/api.w.org\/{rel}","templated":true}]}}