{"id":3148,"date":"2020-09-30T23:38:59","date_gmt":"2020-09-30T23:38:59","guid":{"rendered":"http:\/\/defensoriaparana.com.ar\/?p=3148"},"modified":"2022-08-25T23:39:55","modified_gmt":"2022-08-25T23:39:55","slug":"habra-un-taller-sobre-liderazgo-y-presencia-y-se-invita-a-participar","status":"publish","type":"post","link":"https:\/\/defensoriaparana.com.ar\/index.php\/2020\/09\/30\/habra-un-taller-sobre-liderazgo-y-presencia-y-se-invita-a-participar\/","title":{"rendered":"Habr\u00e1 un taller sobre liderazgo y presencia y se invita a participar"},"content":{"rendered":"<p>Este viernes 2, a partir de las 17, se desarrollar\u00e1 de manera virtual el tercer taller del Ciclo Di\u00e1logos en la Comunidad. Se recuerda que los talleres son independientes uno de otros, por lo que se puede optar por uno o m\u00e1s. Son abiertos y sin costo.<\/p>\n<p>El tema ser\u00e1 sobre\u00a0<em>Liderazgo y presencia. Reconocer y gestionar nuestras emociones para transformar la realidad compartida.<\/em>\u00a0La propuesta consiste en el abordaje de nuevos paradigmas de liderazgos, en el que \u201cel l\u00edder desde su propio yo, observa y trabaja en el nosotros\u201d. La concepci\u00f3n parte de entender al l\u00edder como \u201cpuente\u201d. El taller propone aportar a la generaci\u00f3n y consolidaci\u00f3n de ese cambio en la forma de liderar en personas e instituciones. \u201cPara afrontar la realidad, en la que la acci\u00f3n es lo que prima, es necesario desprenderse del concepto de jerarqu\u00edas y enfocarse en el desarrollo de habilidades que permitan ser conscientes de los que somos y de lo que sucede en el entorno\u201d. Es importante saber \u201csalir de los ritmos fren\u00e9ticos del sistema, buscando espacios de conexi\u00f3n consigo mismo y h\u00e1bitos m\u00e1s saludables y desde esta conciencia de s\u00ed mismo y de los dem\u00e1s puede generar y co-crear espacios de trabajo en el que cada uno pueda aportar su potencial\u201d<\/p>\n<p><img loading=\"lazy\" class=\"alignnone  wp-image-7566\" src=\"http:\/\/www.defensoriaparana.gov.ar\/wp-content\/uploads\/tercer-taller.jpg\" sizes=\"(max-width: 390px) 100vw, 390px\" srcset=\"https:\/\/www.defensoriaparana.gov.ar\/wp-content\/uploads\/tercer-taller.jpg 904w, https:\/\/www.defensoriaparana.gov.ar\/wp-content\/uploads\/tercer-taller-212x300.jpg 212w, https:\/\/www.defensoriaparana.gov.ar\/wp-content\/uploads\/tercer-taller-768x1087.jpg 768w, https:\/\/www.defensoriaparana.gov.ar\/wp-content\/uploads\/tercer-taller-723x1024.jpg 723w, https:\/\/www.defensoriaparana.gov.ar\/wp-content\/uploads\/tercer-taller-170x241.jpg 170w, https:\/\/www.defensoriaparana.gov.ar\/wp-content\/uploads\/tercer-taller-284x402.jpg 284w\" alt=\"\" width=\"390\" height=\"553\" \/><\/p>\n<p>Las facilitadoras ser\u00e1n Cris Schwander (Fundadora de la Universidad Siglo 21. Directora de la Diplomatura Liderazgo Coach e Inteligencia Emocional y de la Certificaci\u00f3n Mindfulness para L\u00edderes Conscientes de la Escuela de Negocios de la Universidad Siglo 21. Dise\u00f1adora y Directora del Congreso de Inteligencia Emocional, Mindfulness y Liderazgo Coach) y Ana Serra (Co-Fundadora y Directora Ejecutiva de ARM\u00d3S, Fundaci\u00f3n que trabaja para el desarrollo de l\u00edderes comprometidos con el crecimiento de la comunidad en su conjunto. https:\/\/fundacionarmos.org\/; Coordinadora General para la Gesti\u00f3n de Proyectos de Liderazgo Coach e Inteligencia Emocional y Co-Directora de la Certificaci\u00f3n Mindfulness e Inteligencia Emocional para L\u00edderes Conscientes; Escuela de Negocios de la Universidad Siglo 21).<br \/>\nLas personas interesadas en participar pueden inscribirse a trav\u00e9s del siguiente formulario https:\/\/forms.gle\/PCnyALNLwJ84KSGU7 o escribir al correo dialogoscomunidad@gmail.com. La planilla les permite optar por uno o m\u00e1s talleres.<\/p>\n<p><img loading=\"lazy\" class=\"alignnone  wp-image-7567\" src=\"http:\/\/www.defensoriaparana.gov.ar\/wp-content\/uploads\/talleres.jpg\" sizes=\"(max-width: 484px) 100vw, 484px\" srcset=\"https:\/\/www.defensoriaparana.gov.ar\/wp-content\/uploads\/talleres.jpg 793w, https:\/\/www.defensoriaparana.gov.ar\/wp-content\/uploads\/talleres-212x300.jpg 212w, https:\/\/www.defensoriaparana.gov.ar\/wp-content\/uploads\/talleres-768x1087.jpg 768w, https:\/\/www.defensoriaparana.gov.ar\/wp-content\/uploads\/talleres-724x1024.jpg 724w, https:\/\/www.defensoriaparana.gov.ar\/wp-content\/uploads\/talleres-170x241.jpg 170w, https:\/\/www.defensoriaparana.gov.ar\/wp-content\/uploads\/talleres-284x402.jpg 284w\" alt=\"\" width=\"484\" height=\"684\" \/><\/p>\n<p>Esta es la sexta edici\u00f3n del ciclo Di\u00e1logos en la Comunidad y consiste en cuatro talleres. Los dos primeros fueron el 4 y 18 de septiembre, con un n\u00famero importante de participantes desde\u00a0distintos puntos del pa\u00eds. El pr\u00f3ximo ser\u00e1\u00a0el 16 de octubre, a las 16. El t\u00edtulo es Creando puentes. Conversaciones en procesos circulares en y con la comunidad es el t\u00edtulo con las facilitadoras Celia Passos, de Brasil, y Lola Montejo Cunilleras, de Espa\u00f1a. La organizaci\u00f3n est\u00e1 a cargo del Centro de Mediaci\u00f3n de la Defensor\u00eda del Pueblo de la Ciudad de Paran\u00e1.<\/p>\n<p><strong>Las siguientes im\u00e1genes corresponden a los talleres realizados, con un n\u00famero de participantes que alcanz\u00f3 a 170 en el primer encuentro.<\/strong><\/p>\n<p><img loading=\"lazy\" class=\"alignnone size-full wp-image-7569\" src=\"http:\/\/www.defensoriaparana.gov.ar\/wp-content\/uploads\/Imagen.jpg\" sizes=\"(max-width: 1280px) 100vw, 1280px\" srcset=\"https:\/\/www.defensoriaparana.gov.ar\/wp-content\/uploads\/Imagen.jpg 1280w, https:\/\/www.defensoriaparana.gov.ar\/wp-content\/uploads\/Imagen-300x169.jpg 300w, https:\/\/www.defensoriaparana.gov.ar\/wp-content\/uploads\/Imagen-768x431.jpg 768w, https:\/\/www.defensoriaparana.gov.ar\/wp-content\/uploads\/Imagen-1024x575.jpg 1024w, https:\/\/www.defensoriaparana.gov.ar\/wp-content\/uploads\/Imagen-170x95.jpg 170w, https:\/\/www.defensoriaparana.gov.ar\/wp-content\/uploads\/Imagen-284x160.jpg 284w\" alt=\"\" width=\"1280\" height=\"719\" \/><img loading=\"lazy\" class=\"alignnone size-full wp-image-7568\" src=\"http:\/\/www.defensoriaparana.gov.ar\/wp-content\/uploads\/imagen-2.jpg\" sizes=\"(max-width: 1280px) 100vw, 1280px\" srcset=\"https:\/\/www.defensoriaparana.gov.ar\/wp-content\/uploads\/imagen-2.jpg 1280w, https:\/\/www.defensoriaparana.gov.ar\/wp-content\/uploads\/imagen-2-300x169.jpg 300w, https:\/\/www.defensoriaparana.gov.ar\/wp-content\/uploads\/imagen-2-768x431.jpg 768w, https:\/\/www.defensoriaparana.gov.ar\/wp-content\/uploads\/imagen-2-1024x575.jpg 1024w, https:\/\/www.defensoriaparana.gov.ar\/wp-content\/uploads\/imagen-2-170x95.jpg 170w, https:\/\/www.defensoriaparana.gov.ar\/wp-content\/uploads\/imagen-2-284x160.jpg 284w\" alt=\"\" width=\"1280\" height=\"719\" \/><\/p>\n","protected":false},"excerpt":{"rendered":"<p>Este viernes 2, a partir de las 17, se desarrollar\u00e1 de manera virtual el tercer taller del Ciclo Di\u00e1logos en la Comunidad. Se recuerda que los talleres son independientes uno de otros, por lo que se puede optar por uno o m\u00e1s. Son abiertos y sin costo. El tema ser\u00e1 sobre\u00a0Liderazgo y presencia. Reconocer y [&hellip;]<\/p>\n","protected":false},"author":1,"featured_media":0,"comment_status":"open","ping_status":"open","sticky":false,"template":"","format":"standard","meta":{"om_disable_all_campaigns":false,"_monsterinsights_skip_tracking":false,"_monsterinsights_sitenote_active":false,"_monsterinsights_sitenote_note":"","_monsterinsights_sitenote_category":0},"categories":[1],"tags":[],"_links":{"self":[{"href":"https:\/\/defensoriaparana.com.ar\/index.php\/wp-json\/wp\/v2\/posts\/3148"}],"collection":[{"href":"https:\/\/defensoriaparana.com.ar\/index.php\/wp-json\/wp\/v2\/posts"}],"about":[{"href":"https:\/\/defensoriaparana.com.ar\/index.php\/wp-json\/wp\/v2\/types\/post"}],"author":[{"embeddable":true,"href":"https:\/\/defensoriaparana.com.ar\/index.php\/wp-json\/wp\/v2\/users\/1"}],"replies":[{"embeddable":true,"href":"https:\/\/defensoriaparana.com.ar\/index.php\/wp-json\/wp\/v2\/comments?post=3148"}],"version-history":[{"count":1,"href":"https:\/\/defensoriaparana.com.ar\/index.php\/wp-json\/wp\/v2\/posts\/3148\/revisions"}],"predecessor-version":[{"id":3151,"href":"https:\/\/defensoriaparana.com.ar\/index.php\/wp-json\/wp\/v2\/posts\/3148\/revisions\/3151"}],"wp:attachment":[{"href":"https:\/\/defensoriaparana.com.ar\/index.php\/wp-json\/wp\/v2\/media?parent=3148"}],"wp:term":[{"taxonomy":"category","embeddable":true,"href":"https:\/\/defensoriaparana.com.ar\/index.php\/wp-json\/wp\/v2\/categories?post=3148"},{"taxonomy":"post_tag","embeddable":true,"href":"https:\/\/defensoriaparana.com.ar\/index.php\/wp-json\/wp\/v2\/tags?post=3148"}],"curies":[{"name":"wp","href":"https:\/\/api.w.org\/{rel}","templated":true}]}}