{"id":3154,"date":"2020-09-10T23:42:47","date_gmt":"2020-09-10T23:42:47","guid":{"rendered":"http:\/\/defensoriaparana.com.ar\/?p=3154"},"modified":"2022-08-25T23:44:50","modified_gmt":"2022-08-25T23:44:50","slug":"las-nuevas-defensoras-de-parana-adelantaron-sus-proyectos-de-trabajo","status":"publish","type":"post","link":"https:\/\/defensoriaparana.com.ar\/index.php\/2020\/09\/10\/las-nuevas-defensoras-de-parana-adelantaron-sus-proyectos-de-trabajo\/","title":{"rendered":"Las nuevas Defensoras de Paran\u00e1 adelantaron sus proyectos de trabajo"},"content":{"rendered":"<p><b>A continuaci\u00f3n, se reproduce una nota publicada por el diario Uno de Paran\u00e1, este 10 de septiembre, un d\u00eda despu\u00e9s de la elecci\u00f3n de las nuevas autoridades de la Defensor\u00eda del Pueblo de la Ciudad de Paran\u00e1.<\/b><\/p>\n<p>\u2014\u2014\u2014\u2014\u2014\u2014\u2014\u2014\u2014\u2014\u2014\u2014\u2014\u2014\u2014\u2014\u2014\u2014\u2013<\/p>\n<h2><strong>Las nuevas defensoras de Paran\u00e1 adelantaron sus proyectos de trabajo<\/strong><\/h2>\n<p>Marcia L\u00f3pez, Cecilia Pautaso y Ligia Blanco plantearon a UNO sus ejes y estrategias para la labor que tendr\u00e1n en los pr\u00f3ximos cinco a\u00f1os en Paran\u00e1.<\/p>\n<p>&nbsp;<\/p>\n<p><strong>Luego de 10 meses de permanecer ac\u00e9fala, se eligieron finalmente las nuevas autoridades de la Defensor\u00eda del Pueblo de\u00a0<\/strong><a href=\"https:\/\/www.unoentrerios.com.ar\/parana-a5313\"><strong>Paran\u00e1<\/strong><\/a><strong>, entre un total de 29 postulantes: Marcia L\u00f3pez ser\u00e1 la defensora titular y Cecilia Pautaso la adjunta. Ambas fueron seleccionadas por mayor\u00eda especial en la sesi\u00f3n que se llev\u00f3 a cabo ayer en el Concejo Deliberante.<\/strong><\/p>\n<p>&nbsp;<\/p>\n<div id=\"attachment_7514\" class=\"wp-caption alignnone\"><img loading=\"lazy\" class=\"size-full wp-image-7514\" src=\"http:\/\/www.defensoriaparana.gov.ar\/wp-content\/uploads\/diario-uno-1.jpg\" sizes=\"(max-width: 642px) 100vw, 642px\" srcset=\"https:\/\/www.defensoriaparana.gov.ar\/wp-content\/uploads\/diario-uno-1.jpg 642w, https:\/\/www.defensoriaparana.gov.ar\/wp-content\/uploads\/diario-uno-1-300x169.jpg 300w, https:\/\/www.defensoriaparana.gov.ar\/wp-content\/uploads\/diario-uno-1-170x96.jpg 170w, https:\/\/www.defensoriaparana.gov.ar\/wp-content\/uploads\/diario-uno-1-284x160.jpg 284w\" alt=\"\" width=\"642\" height=\"361\" \/><\/p>\n<p class=\"wp-caption-text\">Marcia L\u00f3pez (izquierda), Cecilia Pautaso (centro) y Ligia Blanco (derecha).<\/p>\n<\/div>\n<p>En tanto, el rol de defensora de Adultos Mayores ser\u00e1 ocupado por Ligia Natal\u00ed Blanco, quien fue votada por unanimidad por los ediles.<\/p>\n<p>Marcia Paula L\u00f3pez es abogada, mediadora comunitaria de la Defensor\u00eda del Pueblo, maestranda de la Maestr\u00eda Poder y Sociedad desde las Perspectiva de G\u00e9nero y desde 2008 se desempe\u00f1a como titular de la Direcci\u00f3n General de Asistencia Integral a la V\u00edctima del Delito de la Provincia. Adem\u00e1s, es miembro representante titular por el Ministerio de Gobierno y Justicia de Entre R\u00edos ante el Observatorio Interinstitucional de Seguimiento de aplicaci\u00f3n del Protocolo de Actuaci\u00f3n en casos de Abuso Sexual en Ni\u00f1ez y Adolescencia; e integra la Comisi\u00f3n de Legislaci\u00f3n del Consejo de Prevenci\u00f3n de las Violencias a cargo de la redacci\u00f3n de la Propuesta de Reglamentaci\u00f3n de la Ley N\u00b0 10.058.<\/p>\n<p>La flamante defensora se\u00f1al\u00f3 a\u00a0<strong>UNO<\/strong>\u00a0cu\u00e1les son sus\u00a0<a href=\"https:\/\/www.unoentrerios.com.ar\/proyectos-a22870\">proyectos<\/a>\u00a0a cargo de la instituci\u00f3n: \u201cVamos a procurar que la Defensor\u00eda sea un lugar abierto y cercano con la comunidad, donde los ciudadanos realmente encuentren una escucha y un compromiso en la soluci\u00f3n de las tem\u00e1ticas que presenten\u201d.<\/p>\n<p>Asimismo, manifest\u00f3: \u201cHace a\u00f1os que vengo trabajando en asistencia a la v\u00edctima con personas que han sufrido vulnerabilidad en sus derechos y tengo realmente un gran compromiso con esta tem\u00e1tica. Creo que la Defensor\u00eda del Pueblo tiene que ver con eso, ya que quien recurre a este espacio es alguien que se ha visto vulnerado en sus derechos. Esto me convoca a ampliar el panorama en cuanto a la atenci\u00f3n que se brinda\u201d.<\/p>\n<p>L\u00f3pez adelant\u00f3 que uno de los objetivos que tiene es lograr que la Defensor\u00eda salga a los distintos barrios con diferentes talleres de promoci\u00f3n de derechos y otros temas de inter\u00e9s para la comunidad. \u201cTambi\u00e9n nos proponemos potenciar el trabajo en equipo y la capacitaci\u00f3n de todo el personal de la Defensor\u00eda del Pueblo, adem\u00e1s de visibilizar y darle mayor relevancia al Centro de Mediaci\u00f3n, que es un espacio que realmente es importante y al cual pertenezco tambi\u00e9n desde hace 13 a\u00f1os como mediadora voluntaria; ah\u00ed los mediadores prestamos nuestro tiempo y nuestras experiencias con el convencimiento de que los conflictos de convivencia se pueden solucionar a trav\u00e9s del di\u00e1logo y de la palabra\u201d, dijo, y agreg\u00f3: \u201cOtro tema a considerar son las recomendaciones que puede hacer la Defensor\u00eda del Pueblo en referencia a diferentes tem\u00e1ticas y el trabajo con la comisi\u00f3n de enlace. Me parece que hay que estar muy unidos con los concejales, justamente para trasladarles cu\u00e1les son las inquietudes de la ciudadan\u00eda en general y que esto se pueda plasmar en proyectos de ordenanza que instauren pol\u00edticas p\u00fablicas para responder a esas necesidades\u201d.<\/p>\n<p>Mar\u00eda Cecilia Pautaso, pr\u00f3xima defensora adjunta, cuenta con una amplia trayectoria como presidenta de la Asociaci\u00f3n de Cel\u00edacos de Entre R\u00edos (ACER), -entidad sin fines de lucro- desde hace 14 a\u00f1os; y tambi\u00e9n acompa\u00f1ando, asesorando y apadrinando a m\u00e1s de 30 grupos dedicados a la condici\u00f3n cel\u00edaca en Argentina, Estados Unidos, Uruguay, Bolivia y Venezuela, entre otros pa\u00edses, pondr\u00e1 al servicio de los ciudadanos sus saberes y experiencia. Pautaso es tambi\u00e9n codirectora de la c\u00e1tedra Recursos heridos, da\u00f1os ocultos de la Universidad Aut\u00f3noma de Entre R\u00edos (Uader) y docente evaluadora de la Tesis en Nutrici\u00f3n de la Universidad de Concepci\u00f3n del Uruguay (UCU).<\/p>\n<p>Entre sus propuestas, plante\u00f3 constituir un observatorio de servicios p\u00fablicos donde se pueda realizar una intervenci\u00f3n con la comunidad, las comisiones vecinales, las universidades y los clubes: \u201cLa idea es tener espacios de escucha y de propuestas respecto a qu\u00e9 Paran\u00e1 queremos, qu\u00e9 podemos proyectar en conjunto, qu\u00e9 es factible de hacerse con la participaci\u00f3n ciudadana. S\u00e9 que estamos en un momento dif\u00edcil de pandemia, donde ser\u00e1n ahora las situaciones m\u00e1s cr\u00edticas las que tengamos que resolver, pero es importante que podamos proyectar a futuro. Somos cuatro mujeres en la Defensor\u00eda, incluy\u00e9ndola a Irina Chausovsky, quien est\u00e1 a cargo del Centro de Mediaci\u00f3n, y creo que eso nos dar\u00e1 una impronta\u201d.<\/p>\n<p>Otro punto al que hizo referencia es a la salud y tambi\u00e9n a la accesibilidad. \u201cTendremos que ir viendo ese tema, porque estamos en un espacio f\u00edsico que no es accesible para el com\u00fan de la gente. Adem\u00e1s, debemos dar a conocer cu\u00e1l es la labor de la Defensor\u00eda del Pueblo, que a veces se confunde con Defensa del Consumidor; y en nuestro \u00e1mbito la labor tiene que ver con los derechos humanos, de convivencia, entre otros. Queremos que haya una concientizaci\u00f3n desde temprana edad para que se puedan conocer cu\u00e1les son los derechos que nos asisten como ciudadanos y nuestras obligaciones para vivir en una comunidad organizada\u201d.<\/p>\n<p>Pautaso se mostr\u00f3 auspiciosa frente a este nuevo rol que asumir\u00e1 y destac\u00f3 que si bien hace 10 meses que est\u00e1 ac\u00e9fala la Defensor\u00eda \u201cmuy bien la han llevado adelante los empleados\u201d.<\/p>\n<p>Ligia Natal\u00ed Blanco, quien con tan solo 29 a\u00f1os asumir\u00e1 el cargo de defensora de los Derechos de las Personas Mayores, es t\u00e9cnica en Psicogerontolog\u00eda (Uader) y diplomada en Abordaje Cl\u00ednico y Social de Discapacidad (UCA Santa Fe). Se desempe\u00f1a como acompa\u00f1ante y asistente Terap\u00e9utico y Gerontol\u00f3gico y est\u00e1 a punto de recibirse de licenciada en Psicolog\u00eda, elaborando una tesis sobre Envejecimiento activo. Sobre su trabajo una vez que asuma el cargo, indic\u00f3 a\u00a0<strong>UNO<\/strong>: \u201cLa idea es llevar las diferentes pol\u00edticas p\u00fablicas a las personas mayores mediante las vecinales, y principalmente poder acercarlas a la tecnolog\u00eda, ya que hoy en d\u00eda en esta situaci\u00f3n de pandemia hay muchas gestiones que se deben hacer on line, con turnos, con cuentas con usuarios, y por ah\u00ed los adultos mayores no tienen esa pr\u00e1ctica y el acceso a las p\u00e1ginas se les hace complejo\u201d.<\/p>\n<p>En este marco, adelant\u00f3 que el proyecto est\u00e1 basado en que cada comisi\u00f3n vecinal pueda contar con una computadora, aprovechando el reciclado que hace el Centro de Recolecci\u00f3n de Residuos Tecnol\u00f3gicos, y sumar a las universidades e instituciones para poder ponerlo en funcionamiento.<\/p>\n<p><strong>Proceso<\/strong><\/p>\n<p>La concejala Luisina Minni dijo a\u00a0<strong>UNO<\/strong>\u00a0que Marcia L\u00f3pez y Cecilia Pautaso fueron elegidas de manera mayoritaria, y Ligia Blanco por unanimidad. Y si bien a\u00fan no se defini\u00f3 la fecha en que asumir\u00e1n los cargos, Minni explic\u00f3 que las defensoras electas tendr\u00e1n 30 d\u00edas para completar requerimientos, como por ejemplo \u201cdesafiliarse de los partidos pol\u00edticos si es que est\u00e1n afiliadas, dejar sus trabajos particulares y luego de eso otras cuestiones procedimentales que se hacen para cumplir con los requisitos que les exige la ordenanza\u201d.<\/p>\n<p>Fuente: diario Uno de Paran\u00e1<\/p>\n","protected":false},"excerpt":{"rendered":"<p>A continuaci\u00f3n, se reproduce una nota publicada por el diario Uno de Paran\u00e1, este 10 de septiembre, un d\u00eda despu\u00e9s de la elecci\u00f3n de las nuevas autoridades de la Defensor\u00eda del Pueblo de la Ciudad de Paran\u00e1. \u2014\u2014\u2014\u2014\u2014\u2014\u2014\u2014\u2014\u2014\u2014\u2014\u2014\u2014\u2014\u2014\u2014\u2014\u2013 Las nuevas defensoras de Paran\u00e1 adelantaron sus proyectos de trabajo Marcia L\u00f3pez, Cecilia Pautaso y Ligia Blanco [&hellip;]<\/p>\n","protected":false},"author":1,"featured_media":0,"comment_status":"open","ping_status":"open","sticky":false,"template":"","format":"standard","meta":{"om_disable_all_campaigns":false,"_monsterinsights_skip_tracking":false,"_monsterinsights_sitenote_active":false,"_monsterinsights_sitenote_note":"","_monsterinsights_sitenote_category":0},"categories":[1],"tags":[],"_links":{"self":[{"href":"https:\/\/defensoriaparana.com.ar\/index.php\/wp-json\/wp\/v2\/posts\/3154"}],"collection":[{"href":"https:\/\/defensoriaparana.com.ar\/index.php\/wp-json\/wp\/v2\/posts"}],"about":[{"href":"https:\/\/defensoriaparana.com.ar\/index.php\/wp-json\/wp\/v2\/types\/post"}],"author":[{"embeddable":true,"href":"https:\/\/defensoriaparana.com.ar\/index.php\/wp-json\/wp\/v2\/users\/1"}],"replies":[{"embeddable":true,"href":"https:\/\/defensoriaparana.com.ar\/index.php\/wp-json\/wp\/v2\/comments?post=3154"}],"version-history":[{"count":1,"href":"https:\/\/defensoriaparana.com.ar\/index.php\/wp-json\/wp\/v2\/posts\/3154\/revisions"}],"predecessor-version":[{"id":3157,"href":"https:\/\/defensoriaparana.com.ar\/index.php\/wp-json\/wp\/v2\/posts\/3154\/revisions\/3157"}],"wp:attachment":[{"href":"https:\/\/defensoriaparana.com.ar\/index.php\/wp-json\/wp\/v2\/media?parent=3154"}],"wp:term":[{"taxonomy":"category","embeddable":true,"href":"https:\/\/defensoriaparana.com.ar\/index.php\/wp-json\/wp\/v2\/categories?post=3154"},{"taxonomy":"post_tag","embeddable":true,"href":"https:\/\/defensoriaparana.com.ar\/index.php\/wp-json\/wp\/v2\/tags?post=3154"}],"curies":[{"name":"wp","href":"https:\/\/api.w.org\/{rel}","templated":true}]}}