{"id":3155,"date":"2020-09-09T23:42:48","date_gmt":"2020-09-09T23:42:48","guid":{"rendered":"http:\/\/defensoriaparana.com.ar\/?p=3155"},"modified":"2022-08-25T23:45:03","modified_gmt":"2022-08-25T23:45:03","slug":"se-designaron-a-las-nuevas-defensoras-del-pueblo-de-parana","status":"publish","type":"post","link":"https:\/\/defensoriaparana.com.ar\/index.php\/2020\/09\/09\/se-designaron-a-las-nuevas-defensoras-del-pueblo-de-parana\/","title":{"rendered":"Se designaron a las nuevas Defensoras del Pueblo de Paran\u00e1"},"content":{"rendered":"<div id=\"post-7505\" class=\"post-7505 post type-post status-publish format-standard has-post-thumbnail hentry category-noticias\">\n<div class=\"entry\">\n<p>El Concejo Deliberante design\u00f3 este mi\u00e9rcoles, 9 de septiembre, a las titulares para los cargos de conducci\u00f3n de la Defensor\u00eda del Pueblo de Paran\u00e1, ac\u00e9fala desde noviembre de 2019. Como Defensora del Pueblo titular fue elegida por mayor\u00eda especial del Cuerpo, Marcia Paula L\u00f3pez y como Defensora del Pueblo adjunta, con los dos tercios de las adhesiones, Mar\u00eda Cecilia Pautaso. \u00a0Adem\u00e1s, se design\u00f3 por primera vez Defensora de los Derechos de las Personas Mayores, que funciona en el \u00e1mbito de la Defensor\u00eda del Pueblo de Paran\u00e1. Para ese cargo, fue designada por unanimidad, Ligia Natal\u00ed Blanco.<\/p>\n<p>La toma de posesi\u00f3n del cargo se definir\u00e1 luego de culminar tareas administrativas pertinentes y coordinar junto a los postulantes elegidos. Para ello se prev\u00e9 un plazo de hasta 30 d\u00edas.<\/p>\n<p><strong>Antecedentes de las Defensoras y Adjunta<\/strong><\/p>\n<p>A continuaci\u00f3n, los antecedentes de las tres postulantes elegidas:<\/p>\n<p><strong>Marcia Paula L\u00f3pez (Defensora del Pueblo)<\/strong><\/p>\n<p><img loading=\"lazy\" class=\"alignnone size-full wp-image-7506\" src=\"http:\/\/www.defensoriaparana.gov.ar\/wp-content\/uploads\/Marcia-L%C3%B3pez.png\" sizes=\"(max-width: 1280px) 100vw, 1280px\" srcset=\"https:\/\/www.defensoriaparana.gov.ar\/wp-content\/uploads\/Marcia-L\u00f3pez.png 1280w, https:\/\/www.defensoriaparana.gov.ar\/wp-content\/uploads\/Marcia-L\u00f3pez-300x200.png 300w, https:\/\/www.defensoriaparana.gov.ar\/wp-content\/uploads\/Marcia-L\u00f3pez-768x512.png 768w, https:\/\/www.defensoriaparana.gov.ar\/wp-content\/uploads\/Marcia-L\u00f3pez-1024x682.png 1024w, https:\/\/www.defensoriaparana.gov.ar\/wp-content\/uploads\/Marcia-L\u00f3pez-170x113.png 170w, https:\/\/www.defensoriaparana.gov.ar\/wp-content\/uploads\/Marcia-L\u00f3pez-284x189.png 284w, https:\/\/www.defensoriaparana.gov.ar\/wp-content\/uploads\/Marcia-L\u00f3pez-135x90.png 135w\" alt=\"\" width=\"1280\" height=\"853\" \/><\/p>\n<p>Marcia Paula L\u00f3pez es abogada (Universidad Nacional del Litoral), mediadora Comunitaria de la Defensor\u00eda del Pueblo de Paran\u00e1, maestranda de la Maestr\u00eda \u201cPoder y Sociedad desde las Perspectiva de G\u00e9nero\u201d (Universidad Nacional de Rosario). Desde 2008, se desempe\u00f1a como directora General de la Direcci\u00f3n General de Asistencia Integral a la V\u00edctima del Delito de la Provincia de Entre R\u00edos.<\/p>\n<p>Miembro representante titular por el Ministerio de Gobierno y Justicia de la Provincia de Entre R\u00edos ante el Observatorio Interinstitucional de Seguimiento de aplicaci\u00f3n del Protocolo Interinstitucional de Actuaci\u00f3n en casos de Abuso Sexual en Ni\u00f1ez y Adolescencia.<\/p>\n<p>Integrante de la Comisi\u00f3n de Legislaci\u00f3n del Consejo de Prevenci\u00f3n de las Violencias a cargo de la redacci\u00f3n de la Propuesta de Reglamentaci\u00f3n de la ley Ley 10.058.<\/p>\n<p><strong>Mar\u00eda Cecilia Pautaso (Defensora del Pueblo Adjunta)<\/strong><\/p>\n<p><img loading=\"lazy\" class=\"alignnone size-full wp-image-7507\" src=\"http:\/\/www.defensoriaparana.gov.ar\/wp-content\/uploads\/Cecilia-Pautaso.png\" sizes=\"(max-width: 1280px) 100vw, 1280px\" srcset=\"https:\/\/www.defensoriaparana.gov.ar\/wp-content\/uploads\/Cecilia-Pautaso.png 1280w, https:\/\/www.defensoriaparana.gov.ar\/wp-content\/uploads\/Cecilia-Pautaso-300x200.png 300w, https:\/\/www.defensoriaparana.gov.ar\/wp-content\/uploads\/Cecilia-Pautaso-768x512.png 768w, https:\/\/www.defensoriaparana.gov.ar\/wp-content\/uploads\/Cecilia-Pautaso-1024x682.png 1024w, https:\/\/www.defensoriaparana.gov.ar\/wp-content\/uploads\/Cecilia-Pautaso-170x113.png 170w, https:\/\/www.defensoriaparana.gov.ar\/wp-content\/uploads\/Cecilia-Pautaso-284x189.png 284w, https:\/\/www.defensoriaparana.gov.ar\/wp-content\/uploads\/Cecilia-Pautaso-135x90.png 135w\" alt=\"\" width=\"1280\" height=\"853\" \/><\/p>\n<p>Es presidenta de la Asociaci\u00f3n de Cel\u00edacos de Entre R\u00edos (ACER), entidad sin fines de lucro, desde 2007 hasta la fecha. Tambi\u00e9n acompa\u00f1a, asesora y apadrina a m\u00e1s de 30 grupos dedicados a la condici\u00f3n cel\u00edaca en Argentina, Estados Unidos, Uruguay, Bolivia y Venezuela, entre otros pa\u00edses.<\/p>\n<p>Co-directora de la c\u00e1tedra \u201cRecursos heridos, da\u00f1os ocultos\u201d de la Universidad Aut\u00f3noma de Entre R\u00edos (UADER). Docente evaluadora de la Tesis en Nutrici\u00f3n de la Universidad de Concepci\u00f3n del Uruguay (UCU).<\/p>\n<p><strong>Ligia Natal\u00ed Blanco (Defensora Derechos Personas Mayores)<\/strong><\/p>\n<p><img loading=\"lazy\" class=\"alignnone size-full wp-image-7508\" src=\"http:\/\/www.defensoriaparana.gov.ar\/wp-content\/uploads\/Natal%C3%AD-Blanco.png\" sizes=\"(max-width: 1280px) 100vw, 1280px\" srcset=\"https:\/\/www.defensoriaparana.gov.ar\/wp-content\/uploads\/Natal\u00ed-Blanco.png 1280w, https:\/\/www.defensoriaparana.gov.ar\/wp-content\/uploads\/Natal\u00ed-Blanco-300x200.png 300w, https:\/\/www.defensoriaparana.gov.ar\/wp-content\/uploads\/Natal\u00ed-Blanco-768x512.png 768w, https:\/\/www.defensoriaparana.gov.ar\/wp-content\/uploads\/Natal\u00ed-Blanco-1024x682.png 1024w, https:\/\/www.defensoriaparana.gov.ar\/wp-content\/uploads\/Natal\u00ed-Blanco-170x113.png 170w, https:\/\/www.defensoriaparana.gov.ar\/wp-content\/uploads\/Natal\u00ed-Blanco-284x189.png 284w, https:\/\/www.defensoriaparana.gov.ar\/wp-content\/uploads\/Natal\u00ed-Blanco-135x90.png 135w\" alt=\"\" width=\"1280\" height=\"853\" \/><\/p>\n<p>Es t\u00e9cnica en Psicogerentolog\u00eda por la Universidad Aut\u00f3noma de Entre R\u00edos. Diplomada en Abordaje Cl\u00ednico y Social de Discapacidad (UCA Santa Fe). Se desempe\u00f1a como acompa\u00f1ante y asistente Terap\u00e9utico y Gerontol\u00f3gico.<\/p>\n<p>&nbsp;<\/p>\n<p><strong>El trabajo y el consenso en el Concejo<\/strong><\/p>\n<div id=\"attachment_7510\" class=\"wp-caption alignnone\"><img loading=\"lazy\" class=\" wp-image-7510\" src=\"http:\/\/www.defensoriaparana.gov.ar\/wp-content\/uploads\/Elecci%C3%B3n-Defensor%C3%ADas.png\" sizes=\"(max-width: 518px) 100vw, 518px\" srcset=\"https:\/\/www.defensoriaparana.gov.ar\/wp-content\/uploads\/Elecci\u00f3n-Defensor\u00edas.png 1280w, https:\/\/www.defensoriaparana.gov.ar\/wp-content\/uploads\/Elecci\u00f3n-Defensor\u00edas-300x225.png 300w, https:\/\/www.defensoriaparana.gov.ar\/wp-content\/uploads\/Elecci\u00f3n-Defensor\u00edas-768x576.png 768w, https:\/\/www.defensoriaparana.gov.ar\/wp-content\/uploads\/Elecci\u00f3n-Defensor\u00edas-1024x768.png 1024w, https:\/\/www.defensoriaparana.gov.ar\/wp-content\/uploads\/Elecci\u00f3n-Defensor\u00edas-170x128.png 170w, https:\/\/www.defensoriaparana.gov.ar\/wp-content\/uploads\/Elecci\u00f3n-Defensor\u00edas-284x213.png 284w\" alt=\"\" width=\"518\" height=\"389\" \/><\/p>\n<p class=\"wp-caption-text\">El Cuerpo logr\u00f3 consenso en torno a los nombres para los tres cargos.<\/p>\n<\/div>\n<p>\u201cAl inicio de nuestra gesti\u00f3n nos comprometimos a resolver uno de los grandes d\u00e9ficit que pose\u00eda Paran\u00e1: la falta del Defensor del Pueblo. De forma inmediata nos pusimos a trabajar con el objetivo claro de reconstruir la Defensor\u00eda, y este mi\u00e9rcoles hemos dado un gran paso. Hoy Paran\u00e1 finalmente cuenta con Defensor del Pueblo, su Adjunto y Defensor de los Derechos de las Personas Mayores, esto \u00faltimo por primera vez en su historia\u201d, destac\u00f3 Andrea Zoff, presidenta del Concejo Deliberante, en un comunicado emitido por el Cuerpo.<\/p>\n<p>Seguidamente, valor\u00f3 que la meta alcanzada se consigui\u00f3 \u201cen base a la transparencia y el consenso con las fuerzas pol\u00edticas que componen el Concejo Deliberante y el esfuerzo del personal profesional, administrativo y de maestranza\u201d. \u201cA pesar de transitar una pandemia, el Concejo cumpli\u00f3 con cada etapa necesaria para que hoy la ciudad cuente con un Estado con mayor calidad democr\u00e1tica\u201d, manifest\u00f3 la viceintendenta.<\/p>\n<div id=\"attachment_7509\" class=\"wp-caption alignnone\"><img loading=\"lazy\" class=\" wp-image-7509\" src=\"http:\/\/www.defensoriaparana.gov.ar\/wp-content\/uploads\/Zoff-Elecci%C3%B3n-Defensor%C3%ADas.png\" sizes=\"(max-width: 627px) 100vw, 627px\" srcset=\"https:\/\/www.defensoriaparana.gov.ar\/wp-content\/uploads\/Zoff-Elecci\u00f3n-Defensor\u00edas.png 1280w, https:\/\/www.defensoriaparana.gov.ar\/wp-content\/uploads\/Zoff-Elecci\u00f3n-Defensor\u00edas-300x200.png 300w, https:\/\/www.defensoriaparana.gov.ar\/wp-content\/uploads\/Zoff-Elecci\u00f3n-Defensor\u00edas-768x512.png 768w, https:\/\/www.defensoriaparana.gov.ar\/wp-content\/uploads\/Zoff-Elecci\u00f3n-Defensor\u00edas-1024x682.png 1024w, https:\/\/www.defensoriaparana.gov.ar\/wp-content\/uploads\/Zoff-Elecci\u00f3n-Defensor\u00edas-170x113.png 170w, https:\/\/www.defensoriaparana.gov.ar\/wp-content\/uploads\/Zoff-Elecci\u00f3n-Defensor\u00edas-284x189.png 284w, https:\/\/www.defensoriaparana.gov.ar\/wp-content\/uploads\/Zoff-Elecci\u00f3n-Defensor\u00edas-135x90.png 135w\" alt=\"\" width=\"627\" height=\"418\" \/><\/p>\n<p class=\"wp-caption-text\">Andrea Zoff destac\u00f3 la importancia del proceso y de la instituci\u00f3n.<\/p>\n<\/div>\n<p>\u201cHoy comienza una nueva etapa, que es la de la reconstrucci\u00f3n y puesta en valor de las Defensor\u00edas de Paran\u00e1 trabajando a la altura de las necesidades y expectativas de los y las paranaenses y del Estado en general. La defensa de los derechos del conjunto de los ciudadanos es una prioridad para nuestra gesti\u00f3n\u201d, asegur\u00f3.<\/p>\n<p>En relaci\u00f3n a los titulares elegidos para los tres cargos de la Defensor\u00eda de Pueblo, Zoff dijo que \u201chan prevalecido los antecedentes y oposici\u00f3n en el concurso. Creemos que esto da una nueva perspectiva a las instituciones que dirigir\u00e1n quienes fueron elegidos\u201d.<\/p>\n<p>Y agreg\u00f3: \u201cLos perfiles elegidos fueron consecuencia de un estudio a conciencia de cada uno de los proyectos presentados. Los tres responden a perfiles t\u00e9cnicos profesionalizados, id\u00f3neos y con la experiencia necesaria en el \u00e1mbito. Desde el Concejo tendr\u00e1n las puertas abiertas para trabajar conjuntamente por los derechos de todos los paranaenses\u201d.<\/p>\n<p>\u201cLe agradezco a todos los concejales, al personal del Concejo Deliberante y a los 29 postulantes por poner en valor a esta instituci\u00f3n del Estado\u201d, finaliz\u00f3 Zoff.<\/p>\n<p>&nbsp;<\/p>\n<p><strong>Inicio e historia<\/strong><\/p>\n<p>La Defensor\u00eda del Pueblo de la Ciudad de Paran\u00e1 comenz\u00f3 a funcionar en 2003. La instituci\u00f3n se instituy\u00f3 por ordenanza 8.391, sancionada el 30 de diciembre de 2002 y en vigencia desde el 12 de marzo de 2003 (fecha de promulgaci\u00f3n). En junio de ese a\u00f1o se realiz\u00f3 el concurso de oposici\u00f3n y antecedentes que consagr\u00f3 a Jorge Kerz como Defensor titular y a Martha Benedetto como Defensora adjunta.<br \/>\nEn junio de 2005, Kerz present\u00f3 la renuncia a su cargo \u2013la dimisi\u00f3n fue aceptada por el Concejo Deliberante el 28\/06\/05 mediante Decreto N\u00ba 592-. A partir de esa fecha, la Defensora adjunta, Martha Benedetto, dirigi\u00f3 la instituci\u00f3n hasta el 2 de diciembre de 2009, cuando asumieron los nuevos Defensores electos Luis Garay (titular) y Pablo Donad\u00edo (adjunto). El mandato es por cinco a\u00f1os, es decir que se extendi\u00f3 hasta 2014.<br \/>\nEn noviembre de 2014, los Defensores Luis Garay y Pablo Donad\u00edo fueron reelectos como titular y adjunto, respectivamente, por el Concejo Deliberante por otro per\u00edodo de cinco a\u00f1os. La posibilidad de reelecci\u00f3n est\u00e1 prevista por la ordenanza 8.391. Luis Garay dej\u00f3 el cargo el 30 de abril de 2019, tras acogerse al beneficio de la jubilaci\u00f3n, y Pablo Donad\u00edo contin\u00fao al frente de la instituci\u00f3n hasta el 26 de noviembre de ese a\u00f1o, cuando venci\u00f3 su mandato. A partir de ese d\u00eda, la instituci\u00f3n qued\u00f3 ac\u00e9fala hasta este 9 de septiembre, ya que en aquella jornada del a\u00f1o pasado fracas\u00f3 \u2013por falta de consenso- una sesi\u00f3n del Concejo en la que se deb\u00edan elegir nuevos Defensores entre m\u00e1s de 30 postulantes, que se hab\u00edan presentado a una convocatoria lanzada en septiembre pasado. Una situaci\u00f3n similar ocurri\u00f3 con el intento de elecci\u00f3n de Defensor del Pueblo de Adultos Mayores, realizado en 2016, mediante la ordenanza 9389, sancionada en abril de ese a\u00f1o. Para esa convocatoria se presentaron 34 aspirantes, pero no hubo acuerdo del Cuerpo. Tambi\u00e9n se requieren los dos tercios de los votos del Cuerpo para este cargo.<\/p>\n<p>*Con informaci\u00f3n y fotos del Concejo Deliberante.<\/p>\n<div class=\"clear\"><\/div>\n<\/div>\n<div class=\"clear\"><\/div>\n<\/div>\n<div id=\"rp-wrapper\"><\/div>\n","protected":false},"excerpt":{"rendered":"<p>El Concejo Deliberante design\u00f3 este mi\u00e9rcoles, 9 de septiembre, a las titulares para los cargos de conducci\u00f3n de la Defensor\u00eda del Pueblo de Paran\u00e1, ac\u00e9fala desde noviembre de 2019. Como Defensora del Pueblo titular fue elegida por mayor\u00eda especial del Cuerpo, Marcia Paula L\u00f3pez y como Defensora del Pueblo adjunta, con los dos tercios de [&hellip;]<\/p>\n","protected":false},"author":1,"featured_media":0,"comment_status":"open","ping_status":"open","sticky":false,"template":"","format":"standard","meta":{"om_disable_all_campaigns":false,"_monsterinsights_skip_tracking":false,"_monsterinsights_sitenote_active":false,"_monsterinsights_sitenote_note":"","_monsterinsights_sitenote_category":0},"categories":[1],"tags":[],"_links":{"self":[{"href":"https:\/\/defensoriaparana.com.ar\/index.php\/wp-json\/wp\/v2\/posts\/3155"}],"collection":[{"href":"https:\/\/defensoriaparana.com.ar\/index.php\/wp-json\/wp\/v2\/posts"}],"about":[{"href":"https:\/\/defensoriaparana.com.ar\/index.php\/wp-json\/wp\/v2\/types\/post"}],"author":[{"embeddable":true,"href":"https:\/\/defensoriaparana.com.ar\/index.php\/wp-json\/wp\/v2\/users\/1"}],"replies":[{"embeddable":true,"href":"https:\/\/defensoriaparana.com.ar\/index.php\/wp-json\/wp\/v2\/comments?post=3155"}],"version-history":[{"count":1,"href":"https:\/\/defensoriaparana.com.ar\/index.php\/wp-json\/wp\/v2\/posts\/3155\/revisions"}],"predecessor-version":[{"id":3158,"href":"https:\/\/defensoriaparana.com.ar\/index.php\/wp-json\/wp\/v2\/posts\/3155\/revisions\/3158"}],"wp:attachment":[{"href":"https:\/\/defensoriaparana.com.ar\/index.php\/wp-json\/wp\/v2\/media?parent=3155"}],"wp:term":[{"taxonomy":"category","embeddable":true,"href":"https:\/\/defensoriaparana.com.ar\/index.php\/wp-json\/wp\/v2\/categories?post=3155"},{"taxonomy":"post_tag","embeddable":true,"href":"https:\/\/defensoriaparana.com.ar\/index.php\/wp-json\/wp\/v2\/tags?post=3155"}],"curies":[{"name":"wp","href":"https:\/\/api.w.org\/{rel}","templated":true}]}}