{"id":3156,"date":"2020-09-08T23:42:49","date_gmt":"2020-09-08T23:42:49","guid":{"rendered":"http:\/\/defensoriaparana.com.ar\/?p=3156"},"modified":"2022-08-25T23:45:35","modified_gmt":"2022-08-25T23:45:35","slug":"con-170-participantes-se-desarrollo-online-el-primer-taller-de-dialogos-en-la-comunidad","status":"publish","type":"post","link":"https:\/\/defensoriaparana.com.ar\/index.php\/2020\/09\/08\/con-170-participantes-se-desarrollo-online-el-primer-taller-de-dialogos-en-la-comunidad\/","title":{"rendered":"Con 170 participantes, se desarroll\u00f3 online el primer taller de Di\u00e1logos en la Comunidad"},"content":{"rendered":"<div id=\"right-container\">\n<div id=\"content\" class=\"grid_10\">\n<div id=\"post-7494\" class=\"post-7494 post type-post status-publish format-standard has-post-thumbnail hentry category-noticias\">\n<div class=\"entry\">\n<p class=\"x_MsoNormal\">La apertura del Ciclo de Talleres Abiertos Di\u00e1logos en la Comunidad 2020 reuni\u00f3 a 170 personas de diferentes puntos del pa\u00eds que, a trav\u00e9s de las plataformas Zoom y YouTube, fueron parte del primer encuentro -de un total de cuatro- realizado el viernes 4 de septiembre.<u><\/u>\u00a0<u><\/u><\/p>\n<p class=\"x_MsoNormal\">\n<div id=\"attachment_7495\" class=\"wp-caption alignnone\"><img loading=\"lazy\" class=\" wp-image-7495\" src=\"http:\/\/www.defensoriaparana.gov.ar\/wp-content\/uploads\/taller-di%C3%A1logos1.jpg\" sizes=\"(max-width: 557px) 100vw, 557px\" srcset=\"https:\/\/www.defensoriaparana.gov.ar\/wp-content\/uploads\/taller-di\u00e1logos1.jpg 1280w, https:\/\/www.defensoriaparana.gov.ar\/wp-content\/uploads\/taller-di\u00e1logos1-300x169.jpg 300w, https:\/\/www.defensoriaparana.gov.ar\/wp-content\/uploads\/taller-di\u00e1logos1-768x432.jpg 768w, https:\/\/www.defensoriaparana.gov.ar\/wp-content\/uploads\/taller-di\u00e1logos1-1024x576.jpg 1024w, https:\/\/www.defensoriaparana.gov.ar\/wp-content\/uploads\/taller-di\u00e1logos1-170x96.jpg 170w, https:\/\/www.defensoriaparana.gov.ar\/wp-content\/uploads\/taller-di\u00e1logos1-284x160.jpg 284w\" alt=\"\" width=\"557\" height=\"313\" \/><\/p>\n<p class=\"wp-caption-text\">Personas de distintos puntos del pa\u00eds participaron del primer taller.<\/p>\n<\/div>\n<p class=\"x_MsoNormal\">La actividad es organizada por el Centro de Mediaci\u00f3n de la Defensor\u00eda del Pueblo de la Ciudad de Paran\u00e1 y transita seis a\u00f1os de continuidad consecutiva. El ciclo se inici\u00f3 en 2015, y a ra\u00edz del alto nivel de aceptaci\u00f3n de participantes y las experiencias y aprendizajes construidos en cada edici\u00f3n, se mantiene como una de las propuestas anuales de la instituci\u00f3n. La participaci\u00f3n es abierta y sin costo y se puede optar por uno o m\u00e1s de las instancias previstas.<u><\/u>\u00a0<u><\/u><\/p>\n<p><i>\u00bfC\u00f3mo crear v\u00ednculos saludables? Bioenerg\u00e9tica. Integrando el cuerpo y la mente para aprender a sostener y dejarse sostener\u00a0<\/i>fue el tema del primer encuentro, que cont\u00f3 con las\u00a0facilitadoras Natalia Bernardoni y Mar\u00eda Carneiro.\u00a0<u><\/u>\u00a0<u><\/u><\/p>\n<div id=\"attachment_7496\" class=\"wp-caption alignnone\"><img loading=\"lazy\" class=\" wp-image-7496\" src=\"http:\/\/www.defensoriaparana.gov.ar\/wp-content\/uploads\/ta.jpg\" sizes=\"(max-width: 563px) 100vw, 563px\" srcset=\"https:\/\/www.defensoriaparana.gov.ar\/wp-content\/uploads\/ta.jpg 1280w, https:\/\/www.defensoriaparana.gov.ar\/wp-content\/uploads\/ta-300x169.jpg 300w, https:\/\/www.defensoriaparana.gov.ar\/wp-content\/uploads\/ta-768x431.jpg 768w, https:\/\/www.defensoriaparana.gov.ar\/wp-content\/uploads\/ta-1024x575.jpg 1024w, https:\/\/www.defensoriaparana.gov.ar\/wp-content\/uploads\/ta-170x95.jpg 170w, https:\/\/www.defensoriaparana.gov.ar\/wp-content\/uploads\/ta-284x160.jpg 284w\" alt=\"\" width=\"563\" height=\"316\" \/><\/p>\n<p class=\"wp-caption-text\">Los v\u00ednculos y c\u00f3mo propender a que sean saludables.<\/p>\n<\/div>\n<p>La bienvenida estuvo a cargo de la coordinadora del Centro de Mediaci\u00f3n, Irina Chausovky, quien se refiri\u00f3 al inicio y perdurabilidad del ciclo,\u00a0\u00a0a los numerosos asistentes virtuales y a la nueva modalidad a distancia y a las motivaciones que han mantenido y fortalecido la actividad en el tiempo.\u00a0\u00a0La idea -sintetiz\u00f3- es trabajar en torno a la convivencia desde diferentes disciplinas y miradas. Se trata de abordar \u201cc\u00f3mo nos relacionamos y c\u00f3mo podemos vivir mejor en los momentos compartidos, sea en casa, en el trabajo, en la escuela o en el barrio\u201d, dijo, tras agradecer a docentes y participantes.\u00a0<u><\/u>\u00a0<u><\/u><\/p>\n<p class=\"x_MsoNormal\">\u00abLa bioenerg\u00e9tica\u00a0es una forma de entender la personalidad humana\u00a0en t\u00e9rminos del cuerpo y sus procesos.\u00a0Es una\u00a0pr\u00e1ctica\u00a0amorosa que nos ayuda a un mejor desarrollo del yo, \u00a0a recuperar nuestra vitalidad a trav\u00e9s de la autoconciencia,\u00a0la\u00a0autoaceptaci\u00f3n\u00a0y la autoexpresi\u00f3n.\u00a0Es un trabajo que realizamos en forma personal, para nosotros, para nuestra interioridad,\u00a0que\u00a0nos permite expandir nuestra capacidad de\u00a0sentir, estar,\u00a0vivir, atravesar las emociones, acompa\u00f1ar a los dem\u00e1s y relacionarnos\u00bb explicaron las especialistas.<\/p>\n<p><img loading=\"lazy\" class=\"alignnone wp-image-7499\" src=\"http:\/\/www.defensoriaparana.gov.ar\/wp-content\/uploads\/ta4.jpg\" sizes=\"(max-width: 415px) 100vw, 415px\" srcset=\"https:\/\/www.defensoriaparana.gov.ar\/wp-content\/uploads\/ta4.jpg 1280w, https:\/\/www.defensoriaparana.gov.ar\/wp-content\/uploads\/ta4-300x169.jpg 300w, https:\/\/www.defensoriaparana.gov.ar\/wp-content\/uploads\/ta4-768x431.jpg 768w, https:\/\/www.defensoriaparana.gov.ar\/wp-content\/uploads\/ta4-1024x575.jpg 1024w, https:\/\/www.defensoriaparana.gov.ar\/wp-content\/uploads\/ta4-170x95.jpg 170w, https:\/\/www.defensoriaparana.gov.ar\/wp-content\/uploads\/ta4-284x160.jpg 284w\" alt=\"\" width=\"415\" height=\"233\" \/><\/p>\n<p class=\"x_MsoNormal\">En el transcurso del taller se pas\u00f3 desde un desarrollo conceptual inicial a una vivencia corporal -a trav\u00e9s de ejercicios que fueron seguidos por los asistentes- en referencia a c\u00f3mo repercuten en el cuerpo los sentimientos y energ\u00eda que produce la personalidad de cada uno en relaci\u00f3n con los dem\u00e1s. \u00a0La posibilidad de\u00a0ser conscientes de las sensaciones y emociones personales y del cuerpo permite percibir al otro como es, un camino esencial para poder construir un v\u00ednculo saludable, fue una de las conclusiones del encuentro, en el que se sucedieron, con gran entusiasmo, las intervenciones y preguntas de los asistentes.\u00a0<u><\/u><\/p>\n<p><img loading=\"lazy\" class=\"alignnone size-full wp-image-7498\" src=\"http:\/\/www.defensoriaparana.gov.ar\/wp-content\/uploads\/ta3.jpg\" sizes=\"(max-width: 1280px) 100vw, 1280px\" srcset=\"https:\/\/www.defensoriaparana.gov.ar\/wp-content\/uploads\/ta3.jpg 1280w, https:\/\/www.defensoriaparana.gov.ar\/wp-content\/uploads\/ta3-300x169.jpg 300w, https:\/\/www.defensoriaparana.gov.ar\/wp-content\/uploads\/ta3-768x431.jpg 768w, https:\/\/www.defensoriaparana.gov.ar\/wp-content\/uploads\/ta3-1024x575.jpg 1024w, https:\/\/www.defensoriaparana.gov.ar\/wp-content\/uploads\/ta3-170x95.jpg 170w, https:\/\/www.defensoriaparana.gov.ar\/wp-content\/uploads\/ta3-284x160.jpg 284w\" alt=\"\" width=\"1280\" height=\"719\" \/><\/p>\n<p><img loading=\"lazy\" class=\" wp-image-7502\" src=\"http:\/\/www.defensoriaparana.gov.ar\/wp-content\/uploads\/ta7.jpg\" sizes=\"(max-width: 494px) 100vw, 494px\" srcset=\"https:\/\/www.defensoriaparana.gov.ar\/wp-content\/uploads\/ta7.jpg 1280w, https:\/\/www.defensoriaparana.gov.ar\/wp-content\/uploads\/ta7-300x169.jpg 300w, https:\/\/www.defensoriaparana.gov.ar\/wp-content\/uploads\/ta7-768x431.jpg 768w, https:\/\/www.defensoriaparana.gov.ar\/wp-content\/uploads\/ta7-1024x575.jpg 1024w, https:\/\/www.defensoriaparana.gov.ar\/wp-content\/uploads\/ta7-170x95.jpg 170w, https:\/\/www.defensoriaparana.gov.ar\/wp-content\/uploads\/ta7-284x160.jpg 284w\" alt=\"\" width=\"494\" height=\"277\" \/>Las docentes, en plena demostraci\u00f3n f\u00edsica.<\/p>\n<div class=\"mceTemp\">\n<p>&nbsp;<\/p>\n<p><img loading=\"lazy\" class=\"size-full wp-image-7497\" src=\"http:\/\/www.defensoriaparana.gov.ar\/wp-content\/uploads\/ta2.jpg\" sizes=\"(max-width: 1280px) 100vw, 1280px\" srcset=\"https:\/\/www.defensoriaparana.gov.ar\/wp-content\/uploads\/ta2.jpg 1280w, https:\/\/www.defensoriaparana.gov.ar\/wp-content\/uploads\/ta2-300x169.jpg 300w, https:\/\/www.defensoriaparana.gov.ar\/wp-content\/uploads\/ta2-768x431.jpg 768w, https:\/\/www.defensoriaparana.gov.ar\/wp-content\/uploads\/ta2-1024x575.jpg 1024w, https:\/\/www.defensoriaparana.gov.ar\/wp-content\/uploads\/ta2-170x95.jpg 170w, https:\/\/www.defensoriaparana.gov.ar\/wp-content\/uploads\/ta2-284x160.jpg 284w\" alt=\"\" width=\"1280\" height=\"719\" \/><\/p>\n<p>Los participantes siguieron con entusiasmo el taller.<\/p>\n<h2><b>Pr\u00f3ximos encuentros<u><\/u>\u00a0<u><\/u><\/b><\/h2>\n<p>Los temas y las fechas de los pr\u00f3ximos tres talleres son:<u><\/u>\u00a0<u><\/u><\/p>\n<p><b>*18 de septiembre,<\/b>\u00a0a las 17,\u00a0se realizar\u00e1 el segundo taller.\u00a0<i>Construye tu camino. Un momento para vos. Recorrido l\u00fadico con distinciones de coaching ontol\u00f3gico\u00a0<\/i>ser\u00e1\u00a0el tema, que tendr\u00e1 a los\u00a0facilitadores Leandro Gonz\u00e1lez Barbero\u00a0y Hern\u00e1n P\u00e9rez.\u00a0<u><\/u>\u00a0<u><\/u><\/p>\n<p><b>*2 de octubre, a las 17<\/b>, ser\u00e1 el tercer taller titulado\u00a0<i>Liderazgo y presencia. Reconocer y gestionar nuestras emociones para transformar la realidad compartida<\/i>. A cargo de Cristina Schwander\u00a0y Ana Serra.\u00a0<u><\/u>\u00a0<u><\/u><\/p>\n<p><b>*16 de octubre<\/b>,\u00a0<i>Creando puentes. Conversaciones en procesos circulares en y con la comunidad<\/i>\u00a0es la propuesta del \u00faltimo encuentro, cuyo inicio est\u00e1 previsto para las 16 con las mediadoras Celia Passos, de Brasil, y Lola Montejo Cunilleras, de Espa\u00f1a.\u00a0\u00a0<u><\/u>\u00a0<u><\/u><\/p>\n<p>Las personas interesadas en participar pueden inscribirse a trav\u00e9s del siguiente formulario\u00a0\u00a0<a href=\"https:\/\/l.facebook.com\/l.php?u=https%3A%2F%2Fforms.gle%2FPCnyALNLwJ84KSGU7%3Ffbclid%3DIwAR3WRx4Pq-c0aXLLCCPE9ItVFZep5CkForqSFOWrGLAUYawj0szIZ1WmfGs&amp;h=AT3yEt5A2O6R3HpzJtcFHPAVkyur-_oOldJDayg6pK4v5TIp11sJemEzzpoVVo96u1Z74XOg8S51ISSLlLqLkT54KKMDqm2kpHrXjt5S2IpCqxQ46vRzDB-xp23uLzh1_6s3&amp;__tn__=-UK-R&amp;c%5b0%5d=AT3gc5v0IAnt_03yf_0at0aBed1ahaNoOGIxafZNBMvs5fmADjHRVTPujqVdW4KJdfypxlWVLyjOFM4wrdSnBqrhtAmOoWBwzS1bU8MT6JO1FmaKCoKO3Iv13dWqsfDxCDgIYI_BrkHGuNlY64cndGGJYgLZ5eb6_jIKKDBEmqfKShyssUH8sZ3W0tE7ves\" target=\"_blank\" rel=\"noopener noreferrer\" data-auth=\"NotApplicable\">https:\/\/forms.gle\/PCnyALNLwJ84KSGU7<\/a>\u00a0o escribir al correo\u00a0<a href=\"mailto:dialogoscomunidad@gmail.com\" target=\"_blank\" rel=\"noopener noreferrer\" data-auth=\"NotApplicable\">dialogoscomunidad@gmail.com<\/a>. La planilla\u00a0 permite optar por uno o m\u00e1s talleres.\u00a0<u><\/u>\u00a0<u><\/u><\/p>\n<p>&nbsp;<\/p>\n<p>Otras im\u00e1genes del encuentro.<\/p>\n<p><img loading=\"lazy\" class=\"alignnone wp-image-7501\" src=\"http:\/\/www.defensoriaparana.gov.ar\/wp-content\/uploads\/ta6.jpg\" sizes=\"(max-width: 597px) 100vw, 597px\" srcset=\"https:\/\/www.defensoriaparana.gov.ar\/wp-content\/uploads\/ta6.jpg 1280w, https:\/\/www.defensoriaparana.gov.ar\/wp-content\/uploads\/ta6-300x169.jpg 300w, https:\/\/www.defensoriaparana.gov.ar\/wp-content\/uploads\/ta6-768x431.jpg 768w, https:\/\/www.defensoriaparana.gov.ar\/wp-content\/uploads\/ta6-1024x575.jpg 1024w, https:\/\/www.defensoriaparana.gov.ar\/wp-content\/uploads\/ta6-170x95.jpg 170w, https:\/\/www.defensoriaparana.gov.ar\/wp-content\/uploads\/ta6-284x160.jpg 284w\" alt=\"\" width=\"597\" height=\"335\" \/><\/p>\n<\/div>\n<\/div>\n<\/div>\n<\/div>\n<\/div>\n","protected":false},"excerpt":{"rendered":"<p>La apertura del Ciclo de Talleres Abiertos Di\u00e1logos en la Comunidad 2020 reuni\u00f3 a 170 personas de diferentes puntos del pa\u00eds que, a trav\u00e9s de las plataformas Zoom y YouTube, fueron parte del primer encuentro -de un total de cuatro- realizado el viernes 4 de septiembre.\u00a0 Personas de distintos puntos del pa\u00eds participaron del primer [&hellip;]<\/p>\n","protected":false},"author":1,"featured_media":0,"comment_status":"open","ping_status":"open","sticky":false,"template":"","format":"standard","meta":{"om_disable_all_campaigns":false,"_monsterinsights_skip_tracking":false,"_monsterinsights_sitenote_active":false,"_monsterinsights_sitenote_note":"","_monsterinsights_sitenote_category":0},"categories":[1],"tags":[],"_links":{"self":[{"href":"https:\/\/defensoriaparana.com.ar\/index.php\/wp-json\/wp\/v2\/posts\/3156"}],"collection":[{"href":"https:\/\/defensoriaparana.com.ar\/index.php\/wp-json\/wp\/v2\/posts"}],"about":[{"href":"https:\/\/defensoriaparana.com.ar\/index.php\/wp-json\/wp\/v2\/types\/post"}],"author":[{"embeddable":true,"href":"https:\/\/defensoriaparana.com.ar\/index.php\/wp-json\/wp\/v2\/users\/1"}],"replies":[{"embeddable":true,"href":"https:\/\/defensoriaparana.com.ar\/index.php\/wp-json\/wp\/v2\/comments?post=3156"}],"version-history":[{"count":2,"href":"https:\/\/defensoriaparana.com.ar\/index.php\/wp-json\/wp\/v2\/posts\/3156\/revisions"}],"predecessor-version":[{"id":3160,"href":"https:\/\/defensoriaparana.com.ar\/index.php\/wp-json\/wp\/v2\/posts\/3156\/revisions\/3160"}],"wp:attachment":[{"href":"https:\/\/defensoriaparana.com.ar\/index.php\/wp-json\/wp\/v2\/media?parent=3156"}],"wp:term":[{"taxonomy":"category","embeddable":true,"href":"https:\/\/defensoriaparana.com.ar\/index.php\/wp-json\/wp\/v2\/categories?post=3156"},{"taxonomy":"post_tag","embeddable":true,"href":"https:\/\/defensoriaparana.com.ar\/index.php\/wp-json\/wp\/v2\/tags?post=3156"}],"curies":[{"name":"wp","href":"https:\/\/api.w.org\/{rel}","templated":true}]}}