{"id":3162,"date":"2013-02-10T23:45:44","date_gmt":"2013-02-10T23:45:44","guid":{"rendered":"http:\/\/defensoriaparana.com.ar\/?p=3162"},"modified":"2022-08-25T23:47:22","modified_gmt":"2022-08-25T23:47:22","slug":"las-multas-de-transito-siguen-encabezando-los-reclamos","status":"publish","type":"post","link":"https:\/\/defensoriaparana.com.ar\/index.php\/2013\/02\/10\/las-multas-de-transito-siguen-encabezando-los-reclamos\/","title":{"rendered":"Las multas de tr\u00e1nsito siguen encabezando los reclamos"},"content":{"rendered":"<p><em>La mayor\u00eda se trata de intimaciones de\u00a0pago\u00a0emitidas por el Gobierno de la Ciudad de Buenos Aires. Las notas llegaron en forma masiva a Paran\u00e1 y tambi\u00e9n a otras localidades de la provincia. La situaci\u00f3n\u00a0encierra una coincidencia llamativa: los ciudadanos,\u00a0citados en\u00a0los avisos,\u00a0aseguran no \u00a0haber\u00a0viajado a esa\u00a0ciudad\u00a0en las fechas\u00a0se\u00f1aladas.<\/em><\/p>\n<p>Desde fines de diciembre hasta estos d\u00edas, las consultas y presentaciones de vecinos por notificaciones de supuestas infracciones de tr\u00e1nsito constituyen el grueso de los reclamos que\u00a0recibe a diario la delegaci\u00f3n de la Defensor\u00eda del Pueblo de la Naci\u00f3n en Entre R\u00edos, oficina que funciona y trabaja en conjunto con la Defensor\u00eda del Pueblo de la Ciudad de Paran\u00e1.<\/p>\n<p>M\u00e1s de 30 presentaciones personales por d\u00eda viene siendo el promedio de casos atendidos, a lo que se suman decenas de correos electr\u00f3nicos y llamados telef\u00f3nicos pidiendo asesoramiento sobre el tema. Actualmente, ya son m\u00e1s de 300 los expedientes presentados formalmente.<\/p>\n<p>La mayor\u00eda de las notificaciones provienen del Gobierno de la Ciudad Aut\u00f3noma de Buenos Aires y tienen una misma fecha de emisi\u00f3n: el 16 de noviembre de 2012. La situaci\u00f3n tiene, adem\u00e1s, otro\u00a0\u00a0punto en com\u00fan: los ciudadanos rechazan de plano haber estado en Buenos Aires\u00a0\u00a0en la fecha y lugar se\u00f1alados en la infracci\u00f3n. Tanto es as\u00ed, que de las presentaciones realizadas por los titulares surgen situaciones realmente llamativas. Por ejemplo, un vecino de Paran\u00e1 recibi\u00f3 una notificaci\u00f3n por una supuesta infracci\u00f3n cometida el 20 de marzo de 2011, ocho d\u00edas antes de que retirara de la concesionaria el auto 0 km. con el que hab\u00eda cometido\u00a0la falta, seg\u00fan el Gobierno de Buenos Aires. Otro caso es el de una persona con m\u00e1s de 80 a\u00f1os\u00a0\u00a0que recibi\u00f3 una multa por conducir en esa ciudad con auriculares puestos y hablando por celular.\u00a0\u00a0El se\u00f1or afirma que no usa\u00a0\u00a0aparato de audio de ese tipo ni tel\u00e9fono m\u00f3vil y que hace m\u00e1s de diez a\u00f1os que no viaja a Buenos Aires. Tambi\u00e9n se puede mencionar el caso de una paranaense que justo el d\u00eda y hora en que habr\u00eda cometido una infracci\u00f3n en Buenos Aires\u00a0 se encontraba cumpliendo una guardia en el Hospital Materno Infantil San Roque, lugar donde trabaja.<\/p>\n<p>Las notificaciones provenientes de Buenos Aires han llegado en forma masiva a ciudadanos de Paran\u00e1 y Diamante y tambi\u00e9n han recibido notas vecinos de Concordia, Col\u00f3n, Chajar\u00ed, Gualeguaych\u00fa, Nogoy\u00e1, entre otras localidades, \u00a0quienes se han comunicado con la Defensor\u00eda en los \u00faltimos d\u00edas. En estos casos, se solicita el env\u00edo de la documentaci\u00f3n (fotocopia del DNI, tarjeta verde del veh\u00edculo y de la nota recibida) por carta postal a Monte Caseros 159, Paran\u00e1.<\/p>\n<p>La gesti\u00f3n de la delegaci\u00f3n de la Defensor\u00eda consiste en elevar los reclamos a la Defensor\u00eda de la Naci\u00f3n para que solicite los informes correspondientes con el fin de confirmar el sustento jur\u00eddico de tales notificaciones.<\/p>\n<p>Cabe recordar que la delegaci\u00f3n de la Defensor\u00eda del Pueblo de la Naci\u00f3n de Entre R\u00edos funciona en Paran\u00e1, en la sede de la Defensor\u00eda del Pueblo de la Ciudad, desde mediados de 2010. El \u00e1rea est\u00e1 a cargo de la Dra. Nazarena Rau y cuenta con el apoyo y seguimiento constante de la Defensor\u00eda del Pueblo de la Naci\u00f3n, a trav\u00e9s de su titular, Anselmo Sella, y del \u00a0Jefe de Gabinete de la instituci\u00f3n, Tom\u00e1s Dadic. La instrumentaci\u00f3n de la oficina de la Defensor\u00eda de la Naci\u00f3n ha significado un notorio avance en el tratamiento de temas, de jurisdicci\u00f3n nacional, pudiendo facilitar el asesoramiento y la resoluci\u00f3n de los reclamos\u00a0 de ciudadanos entrerrianos. El trabajo de la delegaci\u00f3n recibe la colaboraci\u00f3n y el apoyo permanente del equipo de la Defensor\u00eda del Pueblo de Paran\u00e1, habiendo actuaciones y actividades que se encaran en forma conjunta.<\/p>\n","protected":false},"excerpt":{"rendered":"<p>La mayor\u00eda se trata de intimaciones de\u00a0pago\u00a0emitidas por el Gobierno de la Ciudad de Buenos Aires. Las notas llegaron en forma masiva a Paran\u00e1 y tambi\u00e9n a otras localidades de la provincia. La situaci\u00f3n\u00a0encierra una coincidencia llamativa: los ciudadanos,\u00a0citados en\u00a0los avisos,\u00a0aseguran no \u00a0haber\u00a0viajado a esa\u00a0ciudad\u00a0en las fechas\u00a0se\u00f1aladas. Desde fines de diciembre hasta estos d\u00edas, las [&hellip;]<\/p>\n","protected":false},"author":1,"featured_media":0,"comment_status":"open","ping_status":"open","sticky":false,"template":"","format":"standard","meta":{"om_disable_all_campaigns":false,"_monsterinsights_skip_tracking":false,"_monsterinsights_sitenote_active":false,"_monsterinsights_sitenote_note":"","_monsterinsights_sitenote_category":0},"categories":[1],"tags":[],"_links":{"self":[{"href":"https:\/\/defensoriaparana.com.ar\/index.php\/wp-json\/wp\/v2\/posts\/3162"}],"collection":[{"href":"https:\/\/defensoriaparana.com.ar\/index.php\/wp-json\/wp\/v2\/posts"}],"about":[{"href":"https:\/\/defensoriaparana.com.ar\/index.php\/wp-json\/wp\/v2\/types\/post"}],"author":[{"embeddable":true,"href":"https:\/\/defensoriaparana.com.ar\/index.php\/wp-json\/wp\/v2\/users\/1"}],"replies":[{"embeddable":true,"href":"https:\/\/defensoriaparana.com.ar\/index.php\/wp-json\/wp\/v2\/comments?post=3162"}],"version-history":[{"count":1,"href":"https:\/\/defensoriaparana.com.ar\/index.php\/wp-json\/wp\/v2\/posts\/3162\/revisions"}],"predecessor-version":[{"id":3165,"href":"https:\/\/defensoriaparana.com.ar\/index.php\/wp-json\/wp\/v2\/posts\/3162\/revisions\/3165"}],"wp:attachment":[{"href":"https:\/\/defensoriaparana.com.ar\/index.php\/wp-json\/wp\/v2\/media?parent=3162"}],"wp:term":[{"taxonomy":"category","embeddable":true,"href":"https:\/\/defensoriaparana.com.ar\/index.php\/wp-json\/wp\/v2\/categories?post=3162"},{"taxonomy":"post_tag","embeddable":true,"href":"https:\/\/defensoriaparana.com.ar\/index.php\/wp-json\/wp\/v2\/tags?post=3162"}],"curies":[{"name":"wp","href":"https:\/\/api.w.org\/{rel}","templated":true}]}}