{"id":3163,"date":"2013-01-05T23:45:45","date_gmt":"2013-01-05T23:45:45","guid":{"rendered":"http:\/\/defensoriaparana.com.ar\/?p=3163"},"modified":"2022-08-25T23:47:32","modified_gmt":"2022-08-25T23:47:32","slug":"intenso-trabajo-en-la-defensoria-del-pueblo-durante-el-receso","status":"publish","type":"post","link":"https:\/\/defensoriaparana.com.ar\/index.php\/2013\/01\/05\/intenso-trabajo-en-la-defensoria-del-pueblo-durante-el-receso\/","title":{"rendered":"Intenso trabajo en la Defensor\u00eda del Pueblo durante el receso"},"content":{"rendered":"<p><strong>La Defensor\u00eda del Pueblo de la Ciudad de Paran\u00e1 trabaj\u00f3 en forma intensiva durante el receso de la administraci\u00f3n p\u00fablica con un promedio de 40 consultas personales diarias, la mayor\u00eda por multas de tr\u00e1nsito. La atenci\u00f3n se brind\u00f3 en horario reducido \u2013de 9 a 12 horas- hasta hoy, d\u00eda en que finaliza el receso. Desde el lunes pr\u00f3ximo, la instituci\u00f3n retomar\u00e1 el horario habitual de trabajo: de 7.30 a 13.30<\/strong><\/p>\n<p><strong>En los \u00faltimos d\u00edas de diciembre y primeros de enero, se atendieron decenas de \u00a0consultas de vecinos. El grueso de los reclamos corresponde a multas de tr\u00e1nsito \u2013la mayor\u00eda labradas por el Gobierno de la Ciudad de Buenos Aires-, notas que \u00a0llegaron a un gran n\u00famero de domicilios de Paran\u00e1 y otra localidades de la provincia. Las presentaciones formales por este tema llegaron a superar los 30 casos por d\u00eda y son tramitadas por la delegaci\u00f3n de la Defensor\u00eda del Pueblo de la Naci\u00f3n en Entre R\u00edos, oficina que funciona en la Defensor\u00eda del Pueblo de Paran\u00e1, en calle Monte Caseros 159. Adem\u00e1s de las consultas personales, se sumaron innumerables llamados telef\u00f3nicos y correos electr\u00f3nicos. Las presentaciones de los ciudadanos por las multas son enviadas a la Defensor\u00eda del Pueblo de la Naci\u00f3n para que esa instituci\u00f3n curse los pedidos de informes pertinentes con el objeto de determinar el sustento jur\u00eddico de dichas notificaciones. \u00a0\u00a0\u00a0\u00a0<\/strong><\/p>\n<p><strong>En tanto, encabezan las quejas relacionadas a otros temas de la ciudad, los ca\u00f1os de agua rotos, basura en la v\u00eda p\u00fablica, ruidos molestos y mal estado de calles. En promedio, se han atendido una decena de presentaciones diarias.<\/strong><\/p>\n<p><strong>La tarea intensa ha continuado en el Centro de Mediaci\u00f3n Comunitaria de la Defensor\u00eda del Pueblo. El \u00e1rea act\u00faa ante conflictos generados entre vecinos y en estas \u00faltimas semanas se han sucedido las mediaciones por problemas de convivencia.<\/strong><\/p>\n<p><strong>Se recuerda a\u00a0 los vecinos que podr\u00e1n hacer consultas o presentar reclamos personalmente en la sede de la Defensor\u00eda, en calle Monte Caseros 159, por tel\u00e9fono\u00a0 a los n\u00fameros 421-1029\/ 420-2322 y 0800 777 1112 y v\u00eda e-mail a las direcciones defensoriaparana@gigared.com y mediacionparana@hotmail.com.<\/strong><\/p>\n","protected":false},"excerpt":{"rendered":"<p>La Defensor\u00eda del Pueblo de la Ciudad de Paran\u00e1 trabaj\u00f3 en forma intensiva durante el receso de la administraci\u00f3n p\u00fablica con un promedio de 40 consultas personales diarias, la mayor\u00eda por multas de tr\u00e1nsito. La atenci\u00f3n se brind\u00f3 en horario reducido \u2013de 9 a 12 horas- hasta hoy, d\u00eda en que finaliza el receso. Desde [&hellip;]<\/p>\n","protected":false},"author":1,"featured_media":0,"comment_status":"open","ping_status":"open","sticky":false,"template":"","format":"standard","meta":{"om_disable_all_campaigns":false,"_monsterinsights_skip_tracking":false,"_monsterinsights_sitenote_active":false,"_monsterinsights_sitenote_note":"","_monsterinsights_sitenote_category":0},"categories":[1],"tags":[],"_links":{"self":[{"href":"https:\/\/defensoriaparana.com.ar\/index.php\/wp-json\/wp\/v2\/posts\/3163"}],"collection":[{"href":"https:\/\/defensoriaparana.com.ar\/index.php\/wp-json\/wp\/v2\/posts"}],"about":[{"href":"https:\/\/defensoriaparana.com.ar\/index.php\/wp-json\/wp\/v2\/types\/post"}],"author":[{"embeddable":true,"href":"https:\/\/defensoriaparana.com.ar\/index.php\/wp-json\/wp\/v2\/users\/1"}],"replies":[{"embeddable":true,"href":"https:\/\/defensoriaparana.com.ar\/index.php\/wp-json\/wp\/v2\/comments?post=3163"}],"version-history":[{"count":1,"href":"https:\/\/defensoriaparana.com.ar\/index.php\/wp-json\/wp\/v2\/posts\/3163\/revisions"}],"predecessor-version":[{"id":3166,"href":"https:\/\/defensoriaparana.com.ar\/index.php\/wp-json\/wp\/v2\/posts\/3163\/revisions\/3166"}],"wp:attachment":[{"href":"https:\/\/defensoriaparana.com.ar\/index.php\/wp-json\/wp\/v2\/media?parent=3163"}],"wp:term":[{"taxonomy":"category","embeddable":true,"href":"https:\/\/defensoriaparana.com.ar\/index.php\/wp-json\/wp\/v2\/categories?post=3163"},{"taxonomy":"post_tag","embeddable":true,"href":"https:\/\/defensoriaparana.com.ar\/index.php\/wp-json\/wp\/v2\/tags?post=3163"}],"curies":[{"name":"wp","href":"https:\/\/api.w.org\/{rel}","templated":true}]}}