{"id":3167,"date":"2013-05-14T23:48:09","date_gmt":"2013-05-14T23:48:09","guid":{"rendered":"http:\/\/defensoriaparana.com.ar\/?p=3167"},"modified":"2022-08-25T23:48:56","modified_gmt":"2022-08-25T23:48:56","slug":"la-defensoria-invita-a-debatir-sobre-conflictos-por-temas-ambientales","status":"publish","type":"post","link":"https:\/\/defensoriaparana.com.ar\/index.php\/2013\/05\/14\/la-defensoria-invita-a-debatir-sobre-conflictos-por-temas-ambientales\/","title":{"rendered":"La Defensor\u00eda invita a debatir sobre conflictos por temas ambientales"},"content":{"rendered":"<p>La Defensor\u00eda del Pueblo de Paran\u00e1 invita a la ciudadan\u00eda a participar de una charla abierta sobre Conflictos P\u00fablicos Socio-Ambientales que se realizar\u00e1 el mi\u00e9rcoles 15 de mayo a las 19, en la Casa de la Ciudad (Ex Club Social), en calle San Mart\u00edn 958. La actividad es organizada por la instituci\u00f3n y\u00a0 estar\u00e1 a cargo de\u00a0 Graciela\u00a0<em>Gachi\u00a0<\/em>Tapia y Mar\u00eda Juliana Robledo, dos especialistas en dise\u00f1o y facilitaci\u00f3n de conflictos p\u00fablicos, con reconocida trayectoria nacional e internacional.<\/p>\n<p>La charla girar\u00e1 en torno de las controversias p\u00fablicas generadas a partir, de por ejemplo, la instalaci\u00f3n de emprendimientos productivos o de infraestructura que afectan en alguna medida al medio ambiente, al contexto circundante y sus comunidades y en c\u00f3mo, desde los m\u00e9todos colaborativos de abordaje y transformaci\u00f3n de los conflictos, se pueden crear espacios de participaci\u00f3n y\u00a0 di\u00e1logo entre los involucrados.<\/p>\n<p>Es que este tipo de emprendimientos suele generar \u201cdesconfianza, rechazos, temores y enfrentamientos, y pone en evidencia diversas asimetr\u00edas, as\u00ed como la escasez de modos adecuados para tramitarlos de manera constructiva, sostenible e inclusiva\u201d, consigna el resumen del tema de la charla.\u00a0 En estos casos, las causas de la conflictividad que se genera \u201cson m\u00faltiples, y en la mayor\u00eda con importantes componentes pol\u00edticos, hist\u00f3ricos y culturales\u201d. Justamente, reconocer e interpretar los motivos de controversia \u201ces fundamental\u00a0 a fin de dise\u00f1ar y desarrollar procesos que aporten respuestas a ese complejo entramado y as\u00ed\u00a0 disminuir el riesgo de su recurrencia, estimulando la participaci\u00f3n y el protagonismo en la toma de decisiones\u201d.\u00a0\u00a0 Al respecto, \u201cel campo de la Mediaci\u00f3n viene reformulando sus pr\u00e1cticas al considerar los conflictos p\u00fablicos y, en este sentido, los espacios de facilitaci\u00f3n de di\u00e1logo adquieren nuevos significados e incluyen nuevos roles de terceros para transformarlos hacia escenarios de mayor justicia social, ambiental y mejorar la convivencia\u201d, finaliza el texto.<\/p>\n<p>&nbsp;<\/p>\n<p>Para abordar la tem\u00e1tica de la charla, con gran significancia a nivel\u00a0 local en vista de planteos relacionados al tratamiento de la basura en la ciudad, la fumigaci\u00f3n con agroqu\u00edmicos, el estado de los arroyos, entre otros, la Defensor\u00eda y su Centro de Mediaci\u00f3n invitan a participar de la charla a instituciones, reparticiones del Estado, colegios de profesionales, universidades, entidades gremiales, comunidades vecinales,\u00a0 organizaciones locales que trabajan por la ecolog\u00eda y el medio ambiente y al p\u00fablico en general.<\/p>\n<p>&nbsp;<\/p>\n<p>Curso a mediadores del Registro<\/p>\n<p>El jueves y viernes pr\u00f3ximos, Graciela\u00a0<em>Gachi\u00a0<\/em>Tapia tendr\u00e1 a su cargo el curso de actualizaci\u00f3n anual para los mediadores del Registro del Centro de Mediaci\u00f3n de la Defensor\u00eda del Pueblo de la Ciudad de Paran\u00e1. La capacitaci\u00f3n tratar\u00e1 sobre \u201cProcesos dial\u00f3gicos, impacto del conflicto en m\u00faltiples dimensiones. El desaf\u00edo del mediador en el desarrollo de sus recursos internos\u201d y es exclusiva para los m\u00e1s de cien integrantes de este Registro. Cabe recordar que se trata de mediadores que con gran compromiso social prestan sus servicios ad honorem en la instituci\u00f3n, brindando su tiempo y experiencia para colaborar con los vecinos de la ciudad en los conflictos que afectan la convivencia cotidiana.<\/p>\n<p>Desde el Centro de Mediaci\u00f3n de la Defensor\u00eda se remarc\u00f3 que Tapia es acreedora de una gran experiencia y conocimiento.\u00a0 Fue integrante del cuerpo de 10 mediadores que llev\u00f3 adelante el Primer Plan Piloto de Mediaci\u00f3n en los a\u00f1os \u201992 y\u201993 en la Ciudad de Buenos Aires, es miembro fundadora de la Fundaci\u00f3n Mediadores en Red y de Fundaci\u00f3n Cambio Democr\u00e1tico, de la que tambi\u00e9n fue directora y actualmente se desempe\u00f1a como mediadora consultora de Naciones Unidas. Se trata de una de \u201clas maestras\u00a0 de la Mediaci\u00f3n en Argentina, y su experiencia y capacitaci\u00f3n trasciende nuestras fronteras\u201d.<\/p>\n<p>De las disertantes<\/p>\n<h4><strong>GRACIELA GACHI TAPIA\u00a0<\/strong>es abogada y mediadora, con Programa Certificado en Di\u00e1logo y Deliberaci\u00f3n de Fielding Graduate University; Seminarios y estudios internacionales en Negociaci\u00f3n, Mediaci\u00f3n, y Transformaci\u00f3n de Conflictos en Universidad de Harvard, en el Instituto de An\u00e1lisis y Resoluci\u00f3n de Conflictos de George Mason University y en Kettering Foundation. Actualmente se desempe\u00f1a como Experta Senior en Mediaci\u00f3n de la Unidad de Soporte de Mediaci\u00f3n del Departamento de Asuntos Pol\u00ed\u00adticos de Naciones Unidas. Mediadora del Sistema de Resoluci\u00f3n de Conflictos del Banco Mundial y del Mecanismo de Investigaci\u00f3n y Consulta de la Oficina de Ombudsperson del Banco Interamericano de Desarrollo. Consultora del Proyecto Regional de Di\u00e1logo Democr\u00e1tico 2008-2010 de Naciones Unidas para Lationam\u00e9rica y el Caribe. Fundadora, ex Directora y Presidenta del Consejo honorario en Argentina de la Fundaci\u00f3n Cambio Democr\u00e1tico, organizaci\u00f3n desde la cual ha conducido intervenciones para el abordaje de conflictos p\u00fablicos, y en el dise\u00f1o y facilitaci\u00f3n de di\u00e1logos y procesos colaborativo de incidencia para la toma de decisiones consensuada de pol\u00ed\u00adticas p\u00fablicas y procesos de reconciliaci\u00f3n en la regi\u00f3n latinoamericana, Europa del Este y Kosovo. Ha capacitado m\u00e1s de 1500 profesionales y l\u00edderes sociales en diversas partes del mundo, incluyendo l\u00edderes religiosos isl\u00e1micos en Kyrgyzstan durante el a\u00f1o 2012. Miembro del Grupo Confluencias para la transformaci\u00f3n de conflictos socioambientales en Lationam\u00e9rica: Miembro del Consejo Consultivo de la Fundaci\u00f3n Mediadores en Red. Co-autora de Herramientas para trabajar en Mediaci\u00f3n (Paid\u00f3s, 1999) y de Leadership is Global, co-creating a more human and sustainable World (Shyno Foundation Press, 2006)<\/h4>\n<h4><strong>MARIA JULIANA ROBLEDO<\/strong>\u00a0es mediadora y abogada con estudios de postgrado en Derecho, Econom\u00eda y Administraci\u00f3n del Medio Ambiente. Se ha especializado en procesos de di\u00e1logo sobre desarrollo sustentable, procesos colaborativos para el dise\u00f1o e implementaci\u00f3n de pol\u00edticas ambientales y Transformaci\u00f3n de Conflictos Socioambientales. Ha trabajado con organismos internacionales, organismos gubernamentales, Universidad del Salvador y para la Fundaci\u00f3n Cambio Democr\u00e1tico. Es miembro del circulo de aprendizaje para constructores de paz coordinado por John Paul Lederach desde el Instituto Krock (Notre Dame University), integra la Comunidad Regional de Pr\u00e1ctica y Aprendizaje (CoP) del Proyecto de Dialogo Democr\u00e1tico de PNUD. Es miembro fundador del Grupo Confluencias. Desde 2010 contribuye con las estrategias de ordenamiento territorial especialmente las vinculadas a corredores de conservaci\u00f3n en el Chaco Argentino. Actualmente se desempe\u00f1a como Coordinadora del Programa Integrado Trinacional, iniciativa de organizaciones sociales que buscan fortalecer las capacidades de comunidades ind\u00edgenas para la defensa de sus derechos y el uso y manejo sostenible de los territorios tradicionales en el Gran Chaco Americano.<\/h4>\n","protected":false},"excerpt":{"rendered":"<p>La Defensor\u00eda del Pueblo de Paran\u00e1 invita a la ciudadan\u00eda a participar de una charla abierta sobre Conflictos P\u00fablicos Socio-Ambientales que se realizar\u00e1 el mi\u00e9rcoles 15 de mayo a las 19, en la Casa de la Ciudad (Ex Club Social), en calle San Mart\u00edn 958. La actividad es organizada por la instituci\u00f3n y\u00a0 estar\u00e1 a [&hellip;]<\/p>\n","protected":false},"author":1,"featured_media":0,"comment_status":"open","ping_status":"open","sticky":false,"template":"","format":"standard","meta":{"om_disable_all_campaigns":false,"_monsterinsights_skip_tracking":false,"_monsterinsights_sitenote_active":false,"_monsterinsights_sitenote_note":"","_monsterinsights_sitenote_category":0},"categories":[1],"tags":[],"_links":{"self":[{"href":"https:\/\/defensoriaparana.com.ar\/index.php\/wp-json\/wp\/v2\/posts\/3167"}],"collection":[{"href":"https:\/\/defensoriaparana.com.ar\/index.php\/wp-json\/wp\/v2\/posts"}],"about":[{"href":"https:\/\/defensoriaparana.com.ar\/index.php\/wp-json\/wp\/v2\/types\/post"}],"author":[{"embeddable":true,"href":"https:\/\/defensoriaparana.com.ar\/index.php\/wp-json\/wp\/v2\/users\/1"}],"replies":[{"embeddable":true,"href":"https:\/\/defensoriaparana.com.ar\/index.php\/wp-json\/wp\/v2\/comments?post=3167"}],"version-history":[{"count":1,"href":"https:\/\/defensoriaparana.com.ar\/index.php\/wp-json\/wp\/v2\/posts\/3167\/revisions"}],"predecessor-version":[{"id":3170,"href":"https:\/\/defensoriaparana.com.ar\/index.php\/wp-json\/wp\/v2\/posts\/3167\/revisions\/3170"}],"wp:attachment":[{"href":"https:\/\/defensoriaparana.com.ar\/index.php\/wp-json\/wp\/v2\/media?parent=3167"}],"wp:term":[{"taxonomy":"category","embeddable":true,"href":"https:\/\/defensoriaparana.com.ar\/index.php\/wp-json\/wp\/v2\/categories?post=3167"},{"taxonomy":"post_tag","embeddable":true,"href":"https:\/\/defensoriaparana.com.ar\/index.php\/wp-json\/wp\/v2\/tags?post=3167"}],"curies":[{"name":"wp","href":"https:\/\/api.w.org\/{rel}","templated":true}]}}