{"id":3168,"date":"2013-05-02T23:48:10","date_gmt":"2013-05-02T23:48:10","guid":{"rendered":"http:\/\/defensoriaparana.com.ar\/?p=3168"},"modified":"2022-08-25T23:49:06","modified_gmt":"2022-08-25T23:49:06","slug":"promueven-el-derecho-de-los-pueblos-indigenas-a-decidir-sobre-su-desarrollo-y-forma-de-vida","status":"publish","type":"post","link":"https:\/\/defensoriaparana.com.ar\/index.php\/2013\/05\/02\/promueven-el-derecho-de-los-pueblos-indigenas-a-decidir-sobre-su-desarrollo-y-forma-de-vida\/","title":{"rendered":"Promueven el derecho de los pueblos ind\u00edgenas a decidir sobre su desarrollo y forma de vida"},"content":{"rendered":"<p><em>La Federaci\u00f3n Iberoamericana del Ombudsman (FIO) se expidi\u00f3 a favor del derecho de la consulta previa de los pueblos originarios. El pronunciamiento surgi\u00f3 en una reuni\u00f3n realizada en Lima, Rep\u00fablica del Per\u00fa, el 25 de abril pasado, en la que se reafirm\u00f3 el compromiso de incrementar esfuerzos en la promoci\u00f3n y defensa de los derechos de estas comunidades.<\/em><\/p>\n<p>Las instituciones \u00a0que conforman la FIO se convocaron en Lima en el marco de un encuentro denominado\u00a0<em>El Derecho a la consulta previa a los Pueblos Ind\u00edgenas: El rol de los ombudsman en Am\u00e9rica Latina<\/em>. En ese marco, la Federaci\u00f3n emiti\u00f3 una declaraci\u00f3n en la que consider\u00f3 primordial el hecho de que se garantice a los pueblos ind\u00edgenas el ejercicio del \u201cderecho a la consulta previa\u201d, pues permite (a estas comunidades) que \u201cformen parte del proceso de decisi\u00f3n de su propio desarrollo, sus formas de vida y bienestar, de acuerdo con el Convenio 169 de la Organizaci\u00f3n Internacional del Trabajo y la Declaraci\u00f3n de las Naciones Unidas sobre los Derechos de los Pueblos Ind\u00edgenas\u201d.<\/p>\n<p>Previamente, en el documento, se menciona\u00a0 que \u00a0\u201cAm\u00e9rica Latina se caracteriza por una gran diversidad cultural que es rasgo fundamental de su identidad, fuente de gran riqueza y, al mismo tiempo, un reto para los procesos de inclusi\u00f3n social, la consolidaci\u00f3n de la gobernabilidad y los derechos humanos en la regi\u00f3n\u201d. \u00a0Es que, contin\u00faa el texto, \u201cpersisten situaciones de vulneraci\u00f3n de los derechos de los pueblos ind\u00edgenas, por la subsistencia de condiciones estructurales de pobreza, exclusi\u00f3n y discriminaci\u00f3n que generan afectaciones a sus derechos\u201d.<\/p>\n<p>Por dichas razones, la FIO resolvi\u00f3 incrementar sus \u201cesfuerzos en la promoci\u00f3n y defensa de los derechos de los pueblos ind\u00edgenas y, en especial, del derecho a la consulta previa\u201d. Asimismo, acord\u00f3 \u201csupervisar que los Estados realicen una adecuada implementaci\u00f3n del derecho a la consulta previa, e incorporen mejoras en las pol\u00edticas p\u00fablicas, en la legislaci\u00f3n y en sus mecanismos institucionales\u201d\u00a0 y reforzar los canales de comunicaci\u00f3n las instituciones integrantes de las Federaci\u00f3n con los pueblos ind\u00edgenas para conocer sus demandas y necesidades.<\/p>\n<p>\u201cLa FIO tiene la seguridad de que el cumplimiento de estos compromisos traer\u00e1 consigo una mejor protecci\u00f3n de los derechos de los pueblos ind\u00edgenas que garantice su inclusi\u00f3n en el desarrollo de la regi\u00f3n\u201d, se afirma, por \u00faltimo, en el documento.<\/p>\n<p>Para acceder al video del encuentro, se puede optar por las siguientes plataformas virtuales:<\/p>\n<p>YouTube:<a href=\"http:\/\/www.youtube.com\/watch?feature=player_embedded&amp;v=bfeKMqed4zo\" target=\"_blank\" rel=\"noopener\">http:\/\/www.youtube.com\/watch?feature=player_embedded&amp;v=bfeKMqed4zo<\/a><br \/>\nFacebook:\u00a0<a href=\"http:\/\/www.facebook.com\/defensoriaperu\" target=\"_blank\" rel=\"noopener\">http:\/\/www.facebook.com\/defensoriaperu<\/a><\/p>\n<p>&nbsp;<\/p>\n<p><strong><em>Origen y conformaci\u00f3n de la FIO<\/em><\/strong><\/p>\n<p>La FIO es la agrupaci\u00f3n que, constituida en Cartagena de Indias (Colombia) en 1995, re\u00fane a Defensores del Pueblo, Procuradores, Proveedores, Raonadores (Razonador), Comisionados y Presidentes de Comisiones P\u00fablicas de Derechos Humanos de los pa\u00edses iberoamericanos de los \u00e1mbitos nacional, estatal, regional, auton\u00f3mico o provincial. Actualmente ocupa la presidencia de la FIO, Anselmo Sella, titular de la Defensor\u00eda del Pueblo de la Naci\u00f3n de Argentina.<\/p>\n<p>El Ombudsman (o Defensor\u00eda del Pueblo, que es el t\u00e9rmino m\u00e1s utilizado en castellano) es una instituci\u00f3n p\u00fablica (creada normalmente por la Constituci\u00f3n y regulada por ley del Parlamento) dotada de autonom\u00eda cuya finalidad principal es proteger los derechos humanos de los ciudadanos frente a la Administraci\u00f3n p\u00fablica del pa\u00eds respectivo, se lee en el sitio web de la FIO (www.portalfio.org)<\/p>\n<p>Seguidamente, se informa en la p\u00e1gina que la Federaci\u00f3n se rige por su Estatuto (aprobado en Cartagena de Indias el 5 de agosto de 1995 y reformado en Tegucigalpa el 15 de septiembre de 1999, en M\u00e9xico DF el 24 de noviembre de 2000 y en Nuevo Vallarta el 20 de junio de 2006) y por las Resoluciones adoptadas por la Asamblea General y el Comit\u00e9 Directivo, seg\u00fan sus respectivos \u00e1mbitos de decisi\u00f3n. La m\u00e1xima autoridad de la FIO es su Asamblea General, integrada por los titulares de sus miembros.<\/p>\n","protected":false},"excerpt":{"rendered":"<p>La Federaci\u00f3n Iberoamericana del Ombudsman (FIO) se expidi\u00f3 a favor del derecho de la consulta previa de los pueblos originarios. El pronunciamiento surgi\u00f3 en una reuni\u00f3n realizada en Lima, Rep\u00fablica del Per\u00fa, el 25 de abril pasado, en la que se reafirm\u00f3 el compromiso de incrementar esfuerzos en la promoci\u00f3n y defensa de los derechos [&hellip;]<\/p>\n","protected":false},"author":1,"featured_media":0,"comment_status":"open","ping_status":"open","sticky":false,"template":"","format":"standard","meta":{"om_disable_all_campaigns":false,"_monsterinsights_skip_tracking":false,"_monsterinsights_sitenote_active":false,"_monsterinsights_sitenote_note":"","_monsterinsights_sitenote_category":0},"categories":[1],"tags":[],"_links":{"self":[{"href":"https:\/\/defensoriaparana.com.ar\/index.php\/wp-json\/wp\/v2\/posts\/3168"}],"collection":[{"href":"https:\/\/defensoriaparana.com.ar\/index.php\/wp-json\/wp\/v2\/posts"}],"about":[{"href":"https:\/\/defensoriaparana.com.ar\/index.php\/wp-json\/wp\/v2\/types\/post"}],"author":[{"embeddable":true,"href":"https:\/\/defensoriaparana.com.ar\/index.php\/wp-json\/wp\/v2\/users\/1"}],"replies":[{"embeddable":true,"href":"https:\/\/defensoriaparana.com.ar\/index.php\/wp-json\/wp\/v2\/comments?post=3168"}],"version-history":[{"count":1,"href":"https:\/\/defensoriaparana.com.ar\/index.php\/wp-json\/wp\/v2\/posts\/3168\/revisions"}],"predecessor-version":[{"id":3171,"href":"https:\/\/defensoriaparana.com.ar\/index.php\/wp-json\/wp\/v2\/posts\/3168\/revisions\/3171"}],"wp:attachment":[{"href":"https:\/\/defensoriaparana.com.ar\/index.php\/wp-json\/wp\/v2\/media?parent=3168"}],"wp:term":[{"taxonomy":"category","embeddable":true,"href":"https:\/\/defensoriaparana.com.ar\/index.php\/wp-json\/wp\/v2\/categories?post=3168"},{"taxonomy":"post_tag","embeddable":true,"href":"https:\/\/defensoriaparana.com.ar\/index.php\/wp-json\/wp\/v2\/tags?post=3168"}],"curies":[{"name":"wp","href":"https:\/\/api.w.org\/{rel}","templated":true}]}}