{"id":3174,"date":"2020-04-16T23:50:07","date_gmt":"2020-04-16T23:50:07","guid":{"rendered":"http:\/\/defensoriaparana.com.ar\/?p=3174"},"modified":"2022-08-25T23:51:22","modified_gmt":"2022-08-25T23:51:22","slug":"una-nueva-instancia-de-capacitacion-reunio-online-a-unos-60-mediadores","status":"publish","type":"post","link":"https:\/\/defensoriaparana.com.ar\/index.php\/2020\/04\/16\/una-nueva-instancia-de-capacitacion-reunio-online-a-unos-60-mediadores\/","title":{"rendered":"Una nueva instancia de capacitaci\u00f3n reuni\u00f3 online a unos 60 mediadores"},"content":{"rendered":"<p>Como viene sucediendo en este per\u00edodo de cuarentena, se realiz\u00f3 en la tarde del martes 14 de abril un taller de reflexi\u00f3n online, en el marco de las distintas instancias de capacitaci\u00f3n anual programadas para los integrantes del Registro de mediadores voluntarios y ad honorem del Centro de Mediaci\u00f3n Comunitaria de la Defensor\u00eda del Pueblo de la Ciudad de Paran\u00e1.<br \/>\nEn esta oportunidad, de tiempos in\u00e9ditos, el Centro de Mediaci\u00f3n busc\u00f3 la manera de continuar con el programa de actividades de capacitaci\u00f3n destinado a los 127 miembros que conforman el Registro 2020, y reemplaz\u00f3 la modalidad de los habituales encuentros presenciales por los encuentros v\u00eda Internet.<br \/>\nAs\u00ed, con una importante participaci\u00f3n, se concret\u00f3 el segundo Taller de Reflexi\u00f3n titulado Del hecho al dicho, a cargo de Paola Silberman, quien es Lic. en Fonoaudiolog\u00eda, Coach ontol\u00f3gico profesional y Facilitadora de Din\u00e1micas Participativas, entre otras especialidades.<br \/>\nUnas 60 personas se conectaron y siguieron el taller a trav\u00e9s de las dos plataformas habilitadas \u2013 YuoTube y Samba Live-, pudiendo interactuar en la pantalla a trav\u00e9s de la participaci\u00f3n directa y de mensajes de texto.<br \/>\nLa propuesta del taller gir\u00f3 en torno de la persona del mediador, de la importancia de tener una mirada interior que permita el aprendizaje y crecimiento individual en distintos aspectos propios, cuestiones de peso a la hora de poder mirar la realidad desde diferentes perspectivas y de generar conversaciones desde una visi\u00f3n de integralidad. Todos ellos son aspectos de resonancia a la hora de ejercer el rol de tercero en un proceso de mediaci\u00f3n.<\/p>\n<div id=\"attachment_7173\" class=\"wp-caption alignnone\"><img loading=\"lazy\" class=\"size-thumbnail wp-image-7173\" src=\"http:\/\/www.defensoriaparana.gov.ar\/wp-content\/uploads\/charla2-150x150.jpeg\" sizes=\"(max-width: 150px) 100vw, 150px\" srcset=\"https:\/\/www.defensoriaparana.gov.ar\/wp-content\/uploads\/charla2-150x150.jpeg 150w, https:\/\/www.defensoriaparana.gov.ar\/wp-content\/uploads\/charla2-32x32.jpeg 32w\" alt=\"\" width=\"150\" height=\"150\" \/><\/p>\n<p class=\"wp-caption-text\">Amplia participaci\u00f3n a trav\u00e9s de dos plataformas habilitadas.<\/p>\n<\/div>\n<p><strong>De encuentros anteriores<\/strong><\/p>\n<p>El mi\u00e9rcoles 11 de diciembre, se realiz\u00f3 el primer Taller de Reflexi\u00f3n para el Registro de Mediadores 2020, conformado por una nueva n\u00f3mina tras el llamado a renovaci\u00f3n _tal como se realiza cada a\u00f1o_, concretado en noviembre pasado. Rimar para mediar fue el t\u00edtulo del encuentro que estuvo a cargo de Gabi Zonis, docente de teatro y rap, quien propone la m\u00fasica y la interpretaci\u00f3n como herramientas para la comunicaci\u00f3n y la expresi\u00f3n individual y colectiva.<\/p>\n<div id=\"attachment_7174\" class=\"wp-caption alignnone\"><img loading=\"lazy\" class=\"size-thumbnail wp-image-7174\" src=\"http:\/\/www.defensoriaparana.gov.ar\/wp-content\/uploads\/taller-diciembre-150x150.jpg\" sizes=\"(max-width: 150px) 100vw, 150px\" srcset=\"https:\/\/www.defensoriaparana.gov.ar\/wp-content\/uploads\/taller-diciembre-150x150.jpg 150w, https:\/\/www.defensoriaparana.gov.ar\/wp-content\/uploads\/taller-diciembre-32x32.jpg 32w\" alt=\"\" width=\"150\" height=\"150\" \/><\/p>\n<p class=\"wp-caption-text\">El primer Taller de Reflexi\u00f3n para el Registro 2020 se realiz\u00f3 en diciembre pasado, cuando el aislamiento f\u00edsico obligatorio era impensado.<\/p>\n<\/div>\n<p>La invitaci\u00f3n, que fue presencial y en momentos en que el aislamiento f\u00edsico obligatorio era un elemento de la ficci\u00f3n, tuvo una nutrida adhesi\u00f3n: participaron m\u00e1s de 70 mediadores. La reuni\u00f3n fue tambi\u00e9n para dar la bienvenida a quienes se incorporaron por primera vez al Registro, informar sobre el funcionamiento del servicio de mediaci\u00f3n y otras actividades de la instituci\u00f3n, y realizar reconocimientos a los mediadores que permanecen desde hace muchos a\u00f1os, quienes participan y colaboran en actividades especiales, y generar un \u00e1mbito de confianza y camarader\u00eda entre todos los integrantes.<br \/>\nEl encuentro se realiz\u00f3 en el Colegio de Martilleros, en calle Santa Fe 434, y en el inicio del taller se realiz\u00f3 el sorteo de conformaci\u00f3n del Orden Orientativo del Registro. \u00c9sta fue una de las \u00faltimas reuniones, donde hubo encuentros cara a cara, antes de las restricciones establecidas en el marco de la pandemia.<\/p>\n<div id=\"attachment_7175\" class=\"wp-caption alignnone\"><img loading=\"lazy\" class=\"size-thumbnail wp-image-7175\" src=\"http:\/\/www.defensoriaparana.gov.ar\/wp-content\/uploads\/taller-diciembre-1-150x150.jpg\" sizes=\"(max-width: 150px) 100vw, 150px\" srcset=\"https:\/\/www.defensoriaparana.gov.ar\/wp-content\/uploads\/taller-diciembre-1-150x150.jpg 150w, https:\/\/www.defensoriaparana.gov.ar\/wp-content\/uploads\/taller-diciembre-1-32x32.jpg 32w\" alt=\"\" width=\"150\" height=\"150\" \/><\/p>\n<p class=\"wp-caption-text\">Otra imagen muestra el encuentro cara a cara de los integrantes del Registro.<\/p>\n<\/div>\n<p>Con el nuevo panorama, y en el marco de una r\u00e1pida adaptaci\u00f3n a la realidad, el lunes 30 de marzo pasado se concret\u00f3 una charla online, espec\u00edfica para mediadores del Registro, sobre perspectiva de g\u00e9nero en la mediaci\u00f3n. Estuvo a cargo de Gachi Tapia, mediadora con vasta experiencia a nivel nacional e internacional, y el t\u00edtulo completo fue Perspectiva de g\u00e9nero en la gesti\u00f3n de conflictos. Reflexiones desde la pr\u00e1ctica. El encuentro virtual tuvo tambi\u00e9n una importante repercusi\u00f3n entre los mediadores del Registro.<\/p>\n<div id=\"attachment_7153\" class=\"wp-caption alignnone\"><img loading=\"lazy\" class=\"size-thumbnail wp-image-7153\" src=\"http:\/\/www.defensoriaparana.gov.ar\/wp-content\/uploads\/cHARLA-1-150x150.jpg\" sizes=\"(max-width: 150px) 100vw, 150px\" srcset=\"https:\/\/www.defensoriaparana.gov.ar\/wp-content\/uploads\/cHARLA-1-150x150.jpg 150w, https:\/\/www.defensoriaparana.gov.ar\/wp-content\/uploads\/cHARLA-1-32x32.jpg 32w\" alt=\"\" width=\"150\" height=\"150\" \/><\/p>\n<p class=\"wp-caption-text\">Gachi Tapia, mediadora de reconocida trayectoria nacional e internacional.<\/p>\n<\/div>\n<p>Adem\u00e1s de la capacitaci\u00f3n espec\u00edfica, los mediadores reciben y comparten informaci\u00f3n sobre una nutrida agenda de actividades online sobre mediaci\u00f3n, prevista en esta etapa de aislamiento f\u00edsico. Los integrantes del Registro participan de un grupo, conectado en forma virtual. Dicho \u00e1mbito permite, adem\u00e1s de la puesta en com\u00fan de las distintas posibilidades de capacitaci\u00f3n _y de la concreci\u00f3n de las mismas de manera comunitaria_, la generaci\u00f3n de proyectos comunes. Actualmente, est\u00e1 en marcha el proyecto de promover un mural comunitario, de expresi\u00f3n pl\u00e1stica y reflexiva, a partir de la participaci\u00f3n a distancia de los integrantes del grupo.<\/p>\n<p><strong>Rese\u00f1a<\/strong><br \/>\nLa Defensor\u00eda del Pueblo de Paran\u00e1 cuenta con el Registro de mediadores voluntario desde 2003, a\u00f1o en que comenz\u00f3 a funcionar la instituci\u00f3n que incluye al Centro de Mediaci\u00f3n en su conformaci\u00f3n. La pertenencia al Registro, entre cuyas caracter\u00edsticas sobresale que es ad honorem, interdisciplinario y con renovaci\u00f3n anual, requiere un fuerte compromiso social con la ciudadan\u00eda de Paran\u00e1 y exige una actualizaci\u00f3n permanente de pr\u00e1cticas y contenidos. Por ello, la Defensor\u00eda desarrolla cada a\u00f1o un programa anual de actividades de capacitaci\u00f3n, como talleres de reflexi\u00f3n trimestrales, reuniones mensuales de intercambio de experiencias y un curso de actualizaci\u00f3n anual a cargo de especialistas con reconocimiento nacional e internacional, que brinda a los integrantes de la n\u00f3mina.<br \/>\nPor \u00faltimo, es importante recordar que el servicio de mediaci\u00f3n es ofrecido por la Defensor\u00eda del Pueblo de forma gratuita a los vecinos de la ciudad. Se trata de un proceso voluntario, participativo y confidencial, \u00e1mbito en el que los ciudadanos pueden hallar instancias de encuentro, acuerdo y soluci\u00f3n a los problemas o diferencias que afectan la convivencia cotidiana.<\/p>\n","protected":false},"excerpt":{"rendered":"<p>Como viene sucediendo en este per\u00edodo de cuarentena, se realiz\u00f3 en la tarde del martes 14 de abril un taller de reflexi\u00f3n online, en el marco de las distintas instancias de capacitaci\u00f3n anual programadas para los integrantes del Registro de mediadores voluntarios y ad honorem del Centro de Mediaci\u00f3n Comunitaria de la Defensor\u00eda del Pueblo [&hellip;]<\/p>\n","protected":false},"author":1,"featured_media":0,"comment_status":"open","ping_status":"open","sticky":false,"template":"","format":"standard","meta":{"om_disable_all_campaigns":false,"_monsterinsights_skip_tracking":false,"_monsterinsights_sitenote_active":false,"_monsterinsights_sitenote_note":"","_monsterinsights_sitenote_category":0},"categories":[1],"tags":[],"_links":{"self":[{"href":"https:\/\/defensoriaparana.com.ar\/index.php\/wp-json\/wp\/v2\/posts\/3174"}],"collection":[{"href":"https:\/\/defensoriaparana.com.ar\/index.php\/wp-json\/wp\/v2\/posts"}],"about":[{"href":"https:\/\/defensoriaparana.com.ar\/index.php\/wp-json\/wp\/v2\/types\/post"}],"author":[{"embeddable":true,"href":"https:\/\/defensoriaparana.com.ar\/index.php\/wp-json\/wp\/v2\/users\/1"}],"replies":[{"embeddable":true,"href":"https:\/\/defensoriaparana.com.ar\/index.php\/wp-json\/wp\/v2\/comments?post=3174"}],"version-history":[{"count":1,"href":"https:\/\/defensoriaparana.com.ar\/index.php\/wp-json\/wp\/v2\/posts\/3174\/revisions"}],"predecessor-version":[{"id":3177,"href":"https:\/\/defensoriaparana.com.ar\/index.php\/wp-json\/wp\/v2\/posts\/3174\/revisions\/3177"}],"wp:attachment":[{"href":"https:\/\/defensoriaparana.com.ar\/index.php\/wp-json\/wp\/v2\/media?parent=3174"}],"wp:term":[{"taxonomy":"category","embeddable":true,"href":"https:\/\/defensoriaparana.com.ar\/index.php\/wp-json\/wp\/v2\/categories?post=3174"},{"taxonomy":"post_tag","embeddable":true,"href":"https:\/\/defensoriaparana.com.ar\/index.php\/wp-json\/wp\/v2\/tags?post=3174"}],"curies":[{"name":"wp","href":"https:\/\/api.w.org\/{rel}","templated":true}]}}