{"id":3179,"date":"2019-10-31T23:51:49","date_gmt":"2019-10-31T23:51:49","guid":{"rendered":"http:\/\/defensoriaparana.com.ar\/?p=3179"},"modified":"2022-08-25T23:52:49","modified_gmt":"2022-08-25T23:52:49","slug":"defensorias-del-pais-repudian-la-represion-en-chile","status":"publish","type":"post","link":"https:\/\/defensoriaparana.com.ar\/index.php\/2019\/10\/31\/defensorias-del-pais-repudian-la-represion-en-chile\/","title":{"rendered":"Defensor\u00edas del pa\u00eds repudian la represi\u00f3n en Chile"},"content":{"rendered":"<p>La Asociaci\u00f3n de Defensores del Pueblo de la Rep\u00fablica Argentina (Adpra), organizaci\u00f3n a la que pertenece la Defensor\u00eda del Pueblo de Paran\u00e1, se expidi\u00f3 a trav\u00e9s de un documento respecto de la situaci\u00f3n de Chile. El texto consigna lo siguiente:<br \/>\n\u201cAnte los hechos de p\u00fablico conocimiento que acontecen en el vecino pa\u00eds de Chile, las Defensor\u00edas del Pueblo de la Rep\u00fablica Argentina expresan su total repudio a la represi\u00f3n y violencia institucional que, de acuerdo a datos del Instituto Nacional de Derechos Humanos de Chile (INDH), llevan al momento 453 personas detenidas, 250 hombres, 158 mujeres, y 82 ni\u00f1os\/as-, en comisar\u00edas a lo largo de todo el pa\u00eds.<br \/>\nAsimismo, hacemos llegar nuestra preocupaci\u00f3n por las agresiones de los Carabineros hacia funcionarios del INDH, quienes \u2013como parte de sus tareas y debidamente identificados\u2013 realizaban observaciones en las manifestaciones que comenzaron el 18 de octubre\u00bb.<br \/>\nFrente a la grave situaci\u00f3n, Adpra \u00abllama a los actores pol\u00edticos y representantes sociales a iniciar un di\u00e1logo para poner fin a la violencia y lograr acuerdos de forma pac\u00edfica, salvaguardando la integridad del pueblo chileno\u201d.<\/p>\n","protected":false},"excerpt":{"rendered":"<p>La Asociaci\u00f3n de Defensores del Pueblo de la Rep\u00fablica Argentina (Adpra), organizaci\u00f3n a la que pertenece la Defensor\u00eda del Pueblo de Paran\u00e1, se expidi\u00f3 a trav\u00e9s de un documento respecto de la situaci\u00f3n de Chile. El texto consigna lo siguiente: \u201cAnte los hechos de p\u00fablico conocimiento que acontecen en el vecino pa\u00eds de Chile, las [&hellip;]<\/p>\n","protected":false},"author":1,"featured_media":0,"comment_status":"open","ping_status":"open","sticky":false,"template":"","format":"standard","meta":{"om_disable_all_campaigns":false,"_monsterinsights_skip_tracking":false,"_monsterinsights_sitenote_active":false,"_monsterinsights_sitenote_note":"","_monsterinsights_sitenote_category":0},"categories":[1],"tags":[],"_links":{"self":[{"href":"https:\/\/defensoriaparana.com.ar\/index.php\/wp-json\/wp\/v2\/posts\/3179"}],"collection":[{"href":"https:\/\/defensoriaparana.com.ar\/index.php\/wp-json\/wp\/v2\/posts"}],"about":[{"href":"https:\/\/defensoriaparana.com.ar\/index.php\/wp-json\/wp\/v2\/types\/post"}],"author":[{"embeddable":true,"href":"https:\/\/defensoriaparana.com.ar\/index.php\/wp-json\/wp\/v2\/users\/1"}],"replies":[{"embeddable":true,"href":"https:\/\/defensoriaparana.com.ar\/index.php\/wp-json\/wp\/v2\/comments?post=3179"}],"version-history":[{"count":1,"href":"https:\/\/defensoriaparana.com.ar\/index.php\/wp-json\/wp\/v2\/posts\/3179\/revisions"}],"predecessor-version":[{"id":3182,"href":"https:\/\/defensoriaparana.com.ar\/index.php\/wp-json\/wp\/v2\/posts\/3179\/revisions\/3182"}],"wp:attachment":[{"href":"https:\/\/defensoriaparana.com.ar\/index.php\/wp-json\/wp\/v2\/media?parent=3179"}],"wp:term":[{"taxonomy":"category","embeddable":true,"href":"https:\/\/defensoriaparana.com.ar\/index.php\/wp-json\/wp\/v2\/categories?post=3179"},{"taxonomy":"post_tag","embeddable":true,"href":"https:\/\/defensoriaparana.com.ar\/index.php\/wp-json\/wp\/v2\/tags?post=3179"}],"curies":[{"name":"wp","href":"https:\/\/api.w.org\/{rel}","templated":true}]}}