{"id":3180,"date":"2019-10-25T23:51:50","date_gmt":"2019-10-25T23:51:50","guid":{"rendered":"http:\/\/defensoriaparana.com.ar\/?p=3180"},"modified":"2022-08-25T23:53:09","modified_gmt":"2022-08-25T23:53:09","slug":"un-fallo-judicial-reafirmo-que-los-jubilados-no-deben-pagar-el-impuesto-a-las-ganancias","status":"publish","type":"post","link":"https:\/\/defensoriaparana.com.ar\/index.php\/2019\/10\/25\/un-fallo-judicial-reafirmo-que-los-jubilados-no-deben-pagar-el-impuesto-a-las-ganancias\/","title":{"rendered":"Un fallo judicial reafirm\u00f3 que los jubilados no deben pagar el impuesto a las ganancias"},"content":{"rendered":"<p>La Corte Suprema de Justicia de la Naci\u00f3n confirm\u00f3 la sentencia de la Sala 2 de la C\u00e1mara de la Seguridad Social dictada en la causa \u201cCardale Calderale, Leonardo Gualberto c\/ ANSES s\/ Reajustes varios\u201d, que reafirma que los jubilados y pensionados no deben pagar el Impuesto a las Ganancias. El fallo que tiene fecha el 1 de octubre pasado, declara la inconstitucionalidad de la retenci\u00f3n del impuesto, con independencia de la situaci\u00f3n de vulnerabilidad del jubilado.<br \/>\nSi bien en mayo de este a\u00f1o, el m\u00e1ximo tribunal en autos \u201cGarc\u00eda, Mar\u00eda Isabel c\/ AFIP s\/ acci\u00f3n meramente declarativa de inconstitucionalidad\u201d ya hab\u00eda confirmado la sentencia de C\u00e1mara al disponer que los jubilados y pensionados deben estar exentos del tributo, se hab\u00eda enmarcado el caso en la situaci\u00f3n de vulnerabilidad de la demandante, quien se encontraba enferma.<br \/>\nAhora, con este reciente fallo, los jubilados y pensionados que inicien juicio ya no deber\u00e1n acreditar situaci\u00f3n de vulnerabilidad.<br \/>\nSobre el tema, los miembros de la Asociaci\u00f3n de Defensores del Pueblo de la Rep\u00fablica Argentina (Adpra) solicitaron en junio pasado a las autoridades de las dos C\u00e1maras Legislativas de la Naci\u00f3n se arbitren los medios necesario para el tratamiento y posterior dictado de una ley que exima a los jubilados y pensionados de abonar el impuesto a las ganancias. Fundamentaron el requerimiento en un fallo de la Corte Suprema de Justicia, en el que se consider\u00f3 inconstitucional la aplicaci\u00f3n del descuento por ganancias a haberes de jubilados y pensionados. La sentencia refer\u00eda a la presentaci\u00f3n de un caso. Se trataba del reclamo realizado por Mar\u00eda Isabel Garc\u00eda, una jubilada entrerriana, quien en 2015 promovi\u00f3 la acci\u00f3n contra la Administraci\u00f3n Federal de Ingresos P\u00fablicos (AFIP) para conseguir que se dicte la inconstitucionalidad de la deducci\u00f3n sobre su jubilaci\u00f3n. El caso \u2013tal como se aclara- expon\u00eda una situaci\u00f3n de vulnerabilidad de la persona, por encontrarse enferma. Por ello, la \u00faltima sentencia es considerada una reafirmaci\u00f3n de lo dispuesto y se reclama que la medida se generalice a trav\u00e9s de la legislaci\u00f3n.<\/p>\n<p>Fuente: Defensor\u00eda del Pueblo de CABA.<\/p>\n","protected":false},"excerpt":{"rendered":"<p>La Corte Suprema de Justicia de la Naci\u00f3n confirm\u00f3 la sentencia de la Sala 2 de la C\u00e1mara de la Seguridad Social dictada en la causa \u201cCardale Calderale, Leonardo Gualberto c\/ ANSES s\/ Reajustes varios\u201d, que reafirma que los jubilados y pensionados no deben pagar el Impuesto a las Ganancias. El fallo que tiene fecha [&hellip;]<\/p>\n","protected":false},"author":1,"featured_media":0,"comment_status":"open","ping_status":"open","sticky":false,"template":"","format":"standard","meta":{"om_disable_all_campaigns":false,"_monsterinsights_skip_tracking":false,"_monsterinsights_sitenote_active":false,"_monsterinsights_sitenote_note":"","_monsterinsights_sitenote_category":0},"categories":[1],"tags":[],"_links":{"self":[{"href":"https:\/\/defensoriaparana.com.ar\/index.php\/wp-json\/wp\/v2\/posts\/3180"}],"collection":[{"href":"https:\/\/defensoriaparana.com.ar\/index.php\/wp-json\/wp\/v2\/posts"}],"about":[{"href":"https:\/\/defensoriaparana.com.ar\/index.php\/wp-json\/wp\/v2\/types\/post"}],"author":[{"embeddable":true,"href":"https:\/\/defensoriaparana.com.ar\/index.php\/wp-json\/wp\/v2\/users\/1"}],"replies":[{"embeddable":true,"href":"https:\/\/defensoriaparana.com.ar\/index.php\/wp-json\/wp\/v2\/comments?post=3180"}],"version-history":[{"count":1,"href":"https:\/\/defensoriaparana.com.ar\/index.php\/wp-json\/wp\/v2\/posts\/3180\/revisions"}],"predecessor-version":[{"id":3183,"href":"https:\/\/defensoriaparana.com.ar\/index.php\/wp-json\/wp\/v2\/posts\/3180\/revisions\/3183"}],"wp:attachment":[{"href":"https:\/\/defensoriaparana.com.ar\/index.php\/wp-json\/wp\/v2\/media?parent=3180"}],"wp:term":[{"taxonomy":"category","embeddable":true,"href":"https:\/\/defensoriaparana.com.ar\/index.php\/wp-json\/wp\/v2\/categories?post=3180"},{"taxonomy":"post_tag","embeddable":true,"href":"https:\/\/defensoriaparana.com.ar\/index.php\/wp-json\/wp\/v2\/tags?post=3180"}],"curies":[{"name":"wp","href":"https:\/\/api.w.org\/{rel}","templated":true}]}}