{"id":3181,"date":"2019-10-05T23:51:51","date_gmt":"2019-10-05T23:51:51","guid":{"rendered":"http:\/\/defensoriaparana.com.ar\/?p=3181"},"modified":"2022-08-25T23:53:26","modified_gmt":"2022-08-25T23:53:26","slug":"se-acude-al-dialogo-porque-hay-una-necesidad-de-coparticipacion-en-la-toma-de-decisiones-en-la-politica","status":"publish","type":"post","link":"https:\/\/defensoriaparana.com.ar\/index.php\/2019\/10\/05\/se-acude-al-dialogo-porque-hay-una-necesidad-de-coparticipacion-en-la-toma-de-decisiones-en-la-politica\/","title":{"rendered":"\u00abSe acude al di\u00e1logo porque hay una necesidad de coparticipaci\u00f3n en la toma de decisiones en la pol\u00edtica\u00bb"},"content":{"rendered":"<p>Francisco Diez, mediador con vasta experiencia, con reconocimiento y trayectoria a nivel internacional -recientemente estuvo trabajando en Ecuador como representante de Naciones Unidas-, se refiri\u00f3 a la situaci\u00f3n de Chile, al rol de los partidos pol\u00edticos en las crisis, a las grietas y consensos y a la importancia de considerar el valor de las diferencias. Lo hizo en declaraciones al programa\u00a0<em>Informales<\/em>\u00a0de FM Costa Paran\u00e1, en el marco del micro radial del Centro de Mediaci\u00f3n de la Defensor\u00eda del Pueblo de la Ciudad de Paran\u00e1, que se emite los martes en dicho espacio.<br \/>\nDiez tiene un v\u00ednculo muy cercano con el Centro de Mediaci\u00f3n local, ya que ha dictado capacitaciones a los integrantes del Registro de mediadores comunitarios voluntarios de la instituci\u00f3n en dos oportunidades (2011 y 2018). Tambi\u00e9n, particip\u00f3 de charlas abiertas organizadas por la Defensor\u00eda en 2010 y en 2018, a\u00f1o este \u00faltimo en el que se organiz\u00f3 una serie de actividades en conmemoraci\u00f3n de los 15 a\u00f1os de la instituci\u00f3n. El martes 22 de octubre entabl\u00f3 una comunicaci\u00f3n telef\u00f3nica desde Salta, su ciudad natal, que se puede escuchar en https:\/\/www.mixcloud.com\/costa-parana\/micro-irina-chausovky-francisco-diez-22-10-2019\/?fbclid=IwAR2PNPU6GnBiIY1aIyErZBjmjvw4xF-4kt4oLpUILuOtFyxN9z13gn1p7_s<\/p>\n<div id=\"attachment_6812\" class=\"wp-caption alignnone\"><img loading=\"lazy\" class=\"size-thumbnail wp-image-6812\" src=\"http:\/\/www.defensoriaparana.gov.ar\/wp-content\/uploads\/FOTO-DIEZ-2-150x150.jpg\" sizes=\"(max-width: 150px) 100vw, 150px\" srcset=\"https:\/\/www.defensoriaparana.gov.ar\/wp-content\/uploads\/FOTO-DIEZ-2-150x150.jpg 150w, https:\/\/www.defensoriaparana.gov.ar\/wp-content\/uploads\/FOTO-DIEZ-2-32x32.jpg 32w\" alt=\"\" width=\"150\" height=\"150\" \/><\/p>\n<p class=\"wp-caption-text\">Francisco Diez, junto a Mar\u00eda Gabriela Rodr\u00edguez Querejazu, en una charla en el marco de los actos conmemorativos de los 15 a\u00f1os de la Defensor\u00eda del Pueblo de Paran\u00e1.<\/p>\n<\/div>\n<p>Entre los conceptos vertidos por Diez, se pueden mencionar los referidos a la situaci\u00f3n en Chile. Consider\u00f3: \u201cEs terrible. Lo que uno est\u00e1 viendo con claridad es el efecto de la distancia entre la ciudadan\u00eda y la pol\u00edtica. Cualquiera sea la manifestaci\u00f3n de la conflictividad, est\u00e1 claro que los sistemas pol\u00edticos y la manera en que la pol\u00edtica est\u00e1 siendo gestionada no est\u00e1 sirvi\u00e9ndole a la ciudadan\u00eda y no est\u00e1 dando las respuestas que la gente necesita. Creo que lo natural es que los conflictos empiecen a explotar por todos lados. Nuestra regi\u00f3n est\u00e1 llena de bolsones de exclusi\u00f3n y de injusticia y eso en el mundo de hoy no puede sostenerse indefinidamente. Tiene que haber canales para el cambio constructivo, si no, hay violencia. Y es eso lo que creo que est\u00e1 pasando\u201d.<br \/>\nSeguidamente, fue consultado sobre qu\u00e9 le dir\u00eda al presidente de Chile, en vista de su experiencia en mediaci\u00f3n con jefes de Estado. \u201cQue tiene que abrirse a un di\u00e1logo, que tiene que hacer una pol\u00edtica mucho m\u00e1s participativa, que tiene que escuchar a la gente, el reclamo de la gente\u201d, dijo. Y consider\u00f3 que a \u201cla sociedad chilena se la ve desde afuera como el buen alumno de Am\u00e9rica Latina en todo lo que refiere a lo econ\u00f3mico y a la aplicaci\u00f3n de las recetas del desarrollo moderno, pero es una sociedad que ha mantenido estructuras de injusticias y exclusi\u00f3n muy profundas. Y eso tiene que cambiar porque la gente no lo tolera\u201d.<br \/>\n<strong><br \/>\n\u201cEl sistema pol\u00edtico est\u00e1 resquebraj\u00e1ndose\u201d<\/strong><br \/>\nEn respuesta a una consulta sobre la falta de di\u00e1logo por parte de los gobernantes pese a que se trata de una palabra siempre presente en los discursos, el mediador sostuvo que \u201cel sistema pol\u00edtico como tal est\u00e1 resquebraj\u00e1ndose desde hace una d\u00e9cada por lo menos. La intermediaci\u00f3n que hac\u00edan los partidos pol\u00edticos entre aquellos que conduc\u00edan el pa\u00eds y tomaban decisiones y los sectores sociales desapareci\u00f3. Ahora no hay intermediaci\u00f3n (de los partidos) y la comunicaci\u00f3n es directa entre los que toman decisiones y los que se benefician o perjudican con ellas. Y el sistema pol\u00edtico no est\u00e1 preparado para esto. No ha habido una generaci\u00f3n de nuevos mecanismos que permitan que este nivel de comunicaci\u00f3n y de conocimiento sea procesado para que el sistema pol\u00edtico y de toma de decisiones lo incorpore. Entonces lo que pasa es que no hay receta. Se acude al di\u00e1logo porque lo que es evidente es que hay una necesidad de coparticipaci\u00f3n en la toma de decisiones en la pol\u00edtica\u201d.<br \/>\nA continuaci\u00f3n, mencion\u00f3 que \u201cel \u00fanico mecanismo que ha habido y se conoce es el mecanismo inclusivo de espacios de di\u00e1logo, donde los intereses de los sectores que se ven afectados por las decisiones pol\u00edticas puedan ser escuchados y tenidos en cuenta\u00bb.<br \/>\nSobre los partidos pol\u00edticos, afirm\u00f3 que \u201chan perdido relevancia completamente. El rol fundamental de los partidos pol\u00edticos era servir de cadena de transmisi\u00f3n entre los tomadores de decisiones y la ciudadan\u00eda. Uno iba al comit\u00e9, a la unidad b\u00e1sica, y ah\u00ed hab\u00eda un sistema de representaciones en escalera que llevaban hasta aquellos que tomaban decisiones. Hoy en d\u00eda eso ya no existe\u201d.<br \/>\nSobre los antagonismos y las grietas que cruzan la sociedad argentina y tambi\u00e9n el interior de las familias, en los que las ideolog\u00edas parecen darse m\u00e1s por la negativa que por la adhesi\u00f3n a esa idea, lament\u00f3 la situaci\u00f3n y consider\u00f3 que esto manifiesta \u201cuna p\u00e9rdida de identidad muy importante\u201d. A\u00f1adi\u00f3 que en \u00e9poca de campa\u00f1as, \u201cla sociedad espera l\u00edneas que definan la identidad, valores, principios, ideales, visiones y propuestas hacia adelante\u201d.<br \/>\nPero \u201cde eso no hay nada\u201d y \u00abes lo que est\u00e1 pidiendo la gente\u00bb, dijo. Seguidamente, habl\u00f3 sobre necesidad de \u201cgenerar espacios donde la participaci\u00f3n sea posible, donde la escucha sea efectiva, y donde se pueda compartir la responsabilidad del futuro com\u00fan que tenemos\u00bb. Indic\u00f3 que \u00abhay en la historia cercana ejemplos de procesos participativos que reencauzan la energ\u00eda social hacia una din\u00e1mica m\u00e1s constructiva que destructiva. Eso es justamente lo que tenemos que conseguir: procesos, mecanismos y espacios que canalicen esa energ\u00eda destructiva que se ve en las calles, en las protestas, incendios y peleas de una manera tal que esta energ\u00eda en las crisis sirva para construir y no para destruir\u00bb.<\/p>\n<p><strong>Diferencia y consenso<\/strong><br \/>\nRespecto a las divergencias intrafamiliares, aconsej\u00f3 \u201ceducar en la aceptaci\u00f3n y reconocimiento de las diferencias. Todos nuestros sistemas educativos institucionales, familiares y comunitarios, (e incluso los medios de comunicaci\u00f3n) est\u00e1n orientados a marcar la diferencia como algo negativo, algo que hay que evitar. Y pareciera que el consenso es mucho m\u00e1s positivo y mejor que la diferencia, pero el consenso es una manera de procesar las diferencias y eso requiere reconocimiento y aceptaci\u00f3n de las diferencias\u201d. Se\u00f1al\u00f3 que habitualmente el diferente no es bien visto, lo que lleva naturalmente a que las diferencias sean fuente de conflictos y no de valor. Y sostuvo, como operador que trabaja cotidianamente con los conflictos, que resulta imprescindible aceptar que las diferencias son una fuente de valor y que constituyen una oportunidad de enriquecimiento. \u00abEn el mundo de hoy donde las diferencias son tan evidentes, si no logramos entender que las diferencias son fuente de valor, los conflictos se van a multiplicar\u00bb, advirti\u00f3 finalmente.<\/p>\n","protected":false},"excerpt":{"rendered":"<p>Francisco Diez, mediador con vasta experiencia, con reconocimiento y trayectoria a nivel internacional -recientemente estuvo trabajando en Ecuador como representante de Naciones Unidas-, se refiri\u00f3 a la situaci\u00f3n de Chile, al rol de los partidos pol\u00edticos en las crisis, a las grietas y consensos y a la importancia de considerar el valor de las diferencias. [&hellip;]<\/p>\n","protected":false},"author":1,"featured_media":0,"comment_status":"open","ping_status":"open","sticky":false,"template":"","format":"standard","meta":{"om_disable_all_campaigns":false,"_monsterinsights_skip_tracking":false,"_monsterinsights_sitenote_active":false,"_monsterinsights_sitenote_note":"","_monsterinsights_sitenote_category":0},"categories":[1],"tags":[],"_links":{"self":[{"href":"https:\/\/defensoriaparana.com.ar\/index.php\/wp-json\/wp\/v2\/posts\/3181"}],"collection":[{"href":"https:\/\/defensoriaparana.com.ar\/index.php\/wp-json\/wp\/v2\/posts"}],"about":[{"href":"https:\/\/defensoriaparana.com.ar\/index.php\/wp-json\/wp\/v2\/types\/post"}],"author":[{"embeddable":true,"href":"https:\/\/defensoriaparana.com.ar\/index.php\/wp-json\/wp\/v2\/users\/1"}],"replies":[{"embeddable":true,"href":"https:\/\/defensoriaparana.com.ar\/index.php\/wp-json\/wp\/v2\/comments?post=3181"}],"version-history":[{"count":1,"href":"https:\/\/defensoriaparana.com.ar\/index.php\/wp-json\/wp\/v2\/posts\/3181\/revisions"}],"predecessor-version":[{"id":3184,"href":"https:\/\/defensoriaparana.com.ar\/index.php\/wp-json\/wp\/v2\/posts\/3181\/revisions\/3184"}],"wp:attachment":[{"href":"https:\/\/defensoriaparana.com.ar\/index.php\/wp-json\/wp\/v2\/media?parent=3181"}],"wp:term":[{"taxonomy":"category","embeddable":true,"href":"https:\/\/defensoriaparana.com.ar\/index.php\/wp-json\/wp\/v2\/categories?post=3181"},{"taxonomy":"post_tag","embeddable":true,"href":"https:\/\/defensoriaparana.com.ar\/index.php\/wp-json\/wp\/v2\/tags?post=3181"}],"curies":[{"name":"wp","href":"https:\/\/api.w.org\/{rel}","templated":true}]}}