{"id":3185,"date":"2019-06-25T23:53:33","date_gmt":"2019-06-25T23:53:33","guid":{"rendered":"http:\/\/defensoriaparana.com.ar\/?p=3185"},"modified":"2022-08-25T23:54:34","modified_gmt":"2022-08-25T23:54:34","slug":"piden-que-se-designe-defensor-del-pueblo-de-la-nacion-un-cargo-vacante-desde-hace-una-decada","status":"publish","type":"post","link":"https:\/\/defensoriaparana.com.ar\/index.php\/2019\/06\/25\/piden-que-se-designe-defensor-del-pueblo-de-la-nacion-un-cargo-vacante-desde-hace-una-decada\/","title":{"rendered":"Piden que se designe Defensor del Pueblo de la Naci\u00f3n, un cargo vacante desde hace una d\u00e9cada"},"content":{"rendered":"<p>Los Defensores del Pueblo del pa\u00eds, nucleados en la Asociaci\u00f3n Adpra, enviaron una carta al presidente de la C\u00e1mara Nacional Electoral, Santiago Corcuera, para solicitarle que incorpore en el debate presidencial que se realizar\u00e1 en octubre pr\u00f3ximo la necesidad de designar al Defensor del Pueblo de la Naci\u00f3n y al Defensor Nacional de Ni\u00f1os, Ni\u00f1as y Adolescentes.<br \/>\nEl pedido surgi\u00f3 del II Plenario Anual de la Asociaci\u00f3n de Defensores del Pueblo de la Rep\u00fablica Argentina (Adpra), realizado la semana pasada en Buenos Aires, \u00e1mbito en el que particip\u00f3 la Defensor\u00eda de Paran\u00e1 mediante la presencia del Defensor Adjunto, Pablo Donad\u00edo.<br \/>\nEn los fundamentos de la solicitud, se se\u00f1ala que el cargo de Defensor del Pueblo de la Naci\u00f3n se encuentra vacantes desde 2009, incumpliendo as\u00ed al art\u00edculo 86 de la Constituci\u00f3n Nacional que establecen la creaci\u00f3n y funciones del instituto.<br \/>\n\u201cNuestra Asociaci\u00f3n considera que esta figura es un \u00f3rgano independiente e indispensable para cubrir espacios de acci\u00f3n comunitaria en la b\u00fasqueda de mejorar la calidad de vida de las personas, como as\u00ed tambi\u00e9n impedir el avasallamiento de sus derechos y garant\u00edas constitucionales\u201d, consigna un p\u00e1rrafo de la nota, en la que se destaca el trabajo de la Defensor\u00eda nacional en provincias y ciudades del pa\u00eds. En este sentido, cabe recordar que una delegaci\u00f3n de la instituci\u00f3n funciona desde 2010 en la Defensor\u00eda del Pueblo de Paran\u00e1, en el marco de un convenio de colaboraci\u00f3n mutua. La tarea realizada en forma conjunta, entre ambas instituciones en casi una d\u00e9cada, ha generado excelentes resultados en el abordaje y resoluci\u00f3n de temas de jurisdicci\u00f3n nacional con impacto directo en paranaenses y habitantes de otras localidades.<br \/>\nSeguidamente, la carta puntualiza que la Defensor\u00eda de los Ni\u00f1os, Ni\u00f1as y Adolescentes, una figura clave en la protecci\u00f3n de los derechos de la infancia, se encuentra vacante desde su creaci\u00f3n mediante la Ley 26.061, en 2005. Por ello, los Defensores solicitan un compromiso de parte de los candidatos para asumir la Presidencia de la Naci\u00f3n.<br \/>\nSE ADJUNTA LA NOTA<br \/>\nhttp:\/\/www.adpra.org.ar\/wp-content\/uploads\/2019\/06\/Nota-ADPRA-camara-electortal-junio-2019.pdf<br \/>\n<img loading=\"lazy\" class=\"alignnone size-thumbnail wp-image-6550\" src=\"http:\/\/www.defensoriaparana.gov.ar\/wp-content\/uploads\/Carta-150x150.png\" sizes=\"(max-width: 150px) 100vw, 150px\" srcset=\"https:\/\/www.defensoriaparana.gov.ar\/wp-content\/uploads\/Carta-150x150.png 150w, https:\/\/www.defensoriaparana.gov.ar\/wp-content\/uploads\/Carta-32x32.png 32w\" alt=\"\" width=\"150\" height=\"150\" \/><\/p>\n","protected":false},"excerpt":{"rendered":"<p>Los Defensores del Pueblo del pa\u00eds, nucleados en la Asociaci\u00f3n Adpra, enviaron una carta al presidente de la C\u00e1mara Nacional Electoral, Santiago Corcuera, para solicitarle que incorpore en el debate presidencial que se realizar\u00e1 en octubre pr\u00f3ximo la necesidad de designar al Defensor del Pueblo de la Naci\u00f3n y al Defensor Nacional de Ni\u00f1os, Ni\u00f1as [&hellip;]<\/p>\n","protected":false},"author":1,"featured_media":0,"comment_status":"open","ping_status":"open","sticky":false,"template":"","format":"standard","meta":{"om_disable_all_campaigns":false,"_monsterinsights_skip_tracking":false,"_monsterinsights_sitenote_active":false,"_monsterinsights_sitenote_note":"","_monsterinsights_sitenote_category":0},"categories":[1],"tags":[],"_links":{"self":[{"href":"https:\/\/defensoriaparana.com.ar\/index.php\/wp-json\/wp\/v2\/posts\/3185"}],"collection":[{"href":"https:\/\/defensoriaparana.com.ar\/index.php\/wp-json\/wp\/v2\/posts"}],"about":[{"href":"https:\/\/defensoriaparana.com.ar\/index.php\/wp-json\/wp\/v2\/types\/post"}],"author":[{"embeddable":true,"href":"https:\/\/defensoriaparana.com.ar\/index.php\/wp-json\/wp\/v2\/users\/1"}],"replies":[{"embeddable":true,"href":"https:\/\/defensoriaparana.com.ar\/index.php\/wp-json\/wp\/v2\/comments?post=3185"}],"version-history":[{"count":1,"href":"https:\/\/defensoriaparana.com.ar\/index.php\/wp-json\/wp\/v2\/posts\/3185\/revisions"}],"predecessor-version":[{"id":3188,"href":"https:\/\/defensoriaparana.com.ar\/index.php\/wp-json\/wp\/v2\/posts\/3185\/revisions\/3188"}],"wp:attachment":[{"href":"https:\/\/defensoriaparana.com.ar\/index.php\/wp-json\/wp\/v2\/media?parent=3185"}],"wp:term":[{"taxonomy":"category","embeddable":true,"href":"https:\/\/defensoriaparana.com.ar\/index.php\/wp-json\/wp\/v2\/categories?post=3185"},{"taxonomy":"post_tag","embeddable":true,"href":"https:\/\/defensoriaparana.com.ar\/index.php\/wp-json\/wp\/v2\/tags?post=3185"}],"curies":[{"name":"wp","href":"https:\/\/api.w.org\/{rel}","templated":true}]}}