{"id":3186,"date":"2019-06-20T23:53:34","date_gmt":"2019-06-20T23:53:34","guid":{"rendered":"http:\/\/defensoriaparana.com.ar\/?p=3186"},"modified":"2022-08-25T23:54:45","modified_gmt":"2022-08-25T23:54:45","slug":"la-defensoria-del-parana-participa-del-primer-encuentro-binacional-de-organismos-de-derechos-humanos","status":"publish","type":"post","link":"https:\/\/defensoriaparana.com.ar\/index.php\/2019\/06\/20\/la-defensoria-del-parana-participa-del-primer-encuentro-binacional-de-organismos-de-derechos-humanos\/","title":{"rendered":"La Defensor\u00eda del Paran\u00e1 participa del primer encuentro binacional de organismos de derechos humanos"},"content":{"rendered":"<p>El Primer Encuentro Binacional de Comisiones de Derechos Humanos de Me\u0301xico y Defensori\u0301as del Pueblo de Argentina se desarrolla en Buenos Aires, en la segunda jornada. Comenz\u00f3 el jueves 13 y es una actividad organizada por la Defensor\u00eda del Pueblo de CABA, la Comisi\u00f3n Nacional de los Derechos Humanos de M\u00e9xico y la Asociaci\u00f3n de Defensores del Pueblo de la Rep\u00fablica Argentina (Adpra), entidad de la que es parte activa la Defensor\u00eda del Pueblo de la Ciudad de Paran\u00e1. En el encuentro, del que participa el Defensor del Pueblo Adjunto Pablo Donad\u00edo, se intercambian experiencias en tem\u00e1ticas de inter\u00e9s com\u00fan, como la migraci\u00f3n.<\/p>\n<div id=\"attachment_6544\" class=\"wp-caption alignnone\"><img loading=\"lazy\" class=\"size-thumbnail wp-image-6544\" src=\"http:\/\/www.defensoriaparana.gov.ar\/wp-content\/uploads\/FOTO-12-2-150x150.jpg\" sizes=\"(max-width: 150px) 100vw, 150px\" srcset=\"https:\/\/www.defensoriaparana.gov.ar\/wp-content\/uploads\/FOTO-12-2-150x150.jpg 150w, https:\/\/www.defensoriaparana.gov.ar\/wp-content\/uploads\/FOTO-12-2-32x32.jpg 32w\" alt=\"\" width=\"150\" height=\"150\" \/><\/p>\n<p class=\"wp-caption-text\">Defensores del Pueblo del pa\u00eds se re\u00fanen en Buenos Aires.<\/p>\n<\/div>\n<p>La apertura estuvo a cargo de Dolores Gandulfo, titular de la Unidad de Pol\u00edticas Institucionales de la Defensor\u00eda local, quien destac\u00f3: \u201cAunque somos pa\u00edses distintos, tenemos problem\u00e1ticas comunes. Esperamos que estas jornadas sean el puntapi\u00e9 inicial de una alianza estrat\u00e9gica entre las Defensor\u00edas argentinas y las Comisiones mexicanas\u201d.<br \/>\nSeguidamente, Fernando Straface, secretario general y de Relaciones Internacionales del GCBA, reivindic\u00f3 \u201cel profundo di\u00e1logo institucional que el Ejecutivo local tiene con la Defensor\u00eda. Un intercambio no solo de ideas, sino de acciones conjuntas. Nuestra presencia no es solo protocolar, refleja ese trabajo y dialogo institucional\u201d. Adem\u00e1s, destac\u00f3 la hermandad entre Argentina y M\u00e9xico, y entre Buenos Aires y M\u00e9xico DF, as\u00ed como el compromiso de la Ciudad con la Agenda 2030 y los objetivos de Desarrollo Sostenible.<br \/>\nPor su parte, Gabriela Agosto, secretaria del Consejo Nacional de Coordinaci\u00f3n de Pol\u00edticas Sociales, se refiri\u00f3 a la labor de ese espacio de articulaci\u00f3n entre organismos del Estado y afirm\u00f3 que la Agenda 2030 \u201cnos incita a una planificaci\u00f3n estrat\u00e9gica en pol\u00edticas sociales, econ\u00f3micas y medio ambientales\u201d.<br \/>\nA continuaci\u00f3n, Claudio Avruj, secretario de Derechos Humanos y Pluralismo Cultural de la Naci\u00f3n, llam\u00f3 a fortalecer el rol de las instituciones p\u00fablicas que velan por los derechos de todos los ciudadanos y defini\u00f3 a los derechos humanos en Argentina como \u201cuna pol\u00edtica de estado abierta, trasversal e integral\u201d.<br \/>\nConsuelo Olvera Trevi\u00f1o, secretaria ejecutiva de la Comisi\u00f3n Nacional de Derechos Humanos, se refiri\u00f3 a la importancia de la puesta en com\u00fan entre los organismos presentes as\u00ed como la conformaci\u00f3n de una red de \u201capoyo mutuo\u201d: \u201cEstamos aqu\u00ed porque la Verdad, la Memoria y la Justicia, la libertad de expresi\u00f3n, el respeto a la integridad y la dignidad, y la promoci\u00f3n de los valores democr\u00e1ticos son el camino para lograr el desarrollo desde una perspectiva sostenible\u201d, sostuvo.<br \/>\nFinalmente, Alejandro Amor, Defensor del Pueblo porte\u00f1o y presidente de la Asociaci\u00f3n de Defensores del Pueblo de la Rep\u00fablica Argentina (Adpra), sostuvo que \u201cse necesitan Defensor\u00edas con independencia de los poderes pol\u00edticos y autarqu\u00eda financiera, para poder actuar con absoluta legitimidad y contundencia\u201d.<br \/>\nAdem\u00e1s, asegur\u00f3 que a lo largo de las jornadas \u201cvamos a abordar puntos duros y centrales que recorren a Latinoam\u00e9rica y al mundo en este momento, para ir buscando entre nosotros posturas comunes. La construcci\u00f3n de muros profundiza la violaci\u00f3n de los derechos humanos, los puentes sirven para su defensa integral. Tenemos la obligaci\u00f3n como Defensores de proponer pol\u00edticas de estado a largo plazo\u201d.<br \/>\nFinalizada la ceremonia de apertura tuvo lugar el primer panel de la jornada sobre la defensa y promoci\u00f3n de derechos econ\u00f3micos, sociales, culturales y ambientales, el cual cont\u00f3 con la participaci\u00f3n de Jorge Taiana, director del Centro Internacional de Estudios Pol\u00edticos (CIEP); Laila Brandy, directora del Abordaje Integral de Programas Especiales del Consejo Nacional de Coordinaci\u00f3n de Pol\u00edticas Sociales; Agust\u00edn Salvia, director del Observatorio de la Deuda Social de la Universidad Cat\u00f3lica Argentina; y Flavio Fuertes, coordinador de la Red Argentina del Pacto Global.<br \/>\nA continuaci\u00f3n se llev\u00f3 a cabo una mesa de trabajo sobre el rol de los organismos de derechos humanos como garantes de derechos, encabezada por Silvina Pennella, secretaria general de la Defensor\u00eda porte\u00f1a; Mar\u00eda Laura Garibaldi, Defensora del Pueblo de Avellaneda; y Marco Antonio Toh Eu\u00e1n, presidente de la Comisi\u00f3n de los Derechos Humanos de Quintana Roo.<br \/>\nEste viernes, continuaba la segunda jornada del encuentro. El mi\u00e9rcoles, la actividada se centr\u00f3 en el II Plenario Anual de Adpra, \u00e1mbito en el que se abordaron distintos temas a propuesta de las distintas Defensor\u00edas.<\/p>\n<p>Ayer, en la primer jornada, se debati\u00f3 en un panel sobre \u00abMigrar es un derecho: poli\u0301ticas pu\u0301blicas para la proteccio\u0301n y defensa de los movimientos migratorios\u201d con Jorge Argu\u0308ello, Presidente de la Fundacio\u0301n Embajada Abierta; Pablo Ceriani Cernadas, Director de la Especializacio\u0301n en Migracio\u0301n y Asilo (UNLA); Diego Beltrand, Director Regional de la Organizacio\u0301n Internacional para las Migraciones y la moderaci\u00f3n a cargo de Roci\u0301o Ferna\u0301ndez, Defensora del Pueblo de Escobar.<\/p>\n<p>Esta primera jornada concluy\u00f3 con una mesa de trabajo que con Camila Carril, Subcoordinadora Operativa de Migrantes de la Defensori\u0301a del Pueblo de la Ciudad Auto\u0301noma de Buenos Aires. Se abord\u00f3 la tem\u00e1tica sobre \u201cBuenas pra\u0301cticas en materia migratoria. La experiencia de los organismos\u201d y en la ocasi\u00f3n disertaron Jose\u0301 Rau\u0301l Montero de Alba, Presidente de la Comisi\u00f3n de los Derechos Humanos del Estado de Guanajuato e Ismael Rins, Defensor del Pueblo de Ri\u0301o Cuarto.<\/p>\n<p>Fuente: Informaci\u00f3n publicada por la Defensor\u00eda del Pueblo de la Ciudad de Buenos Aires.<\/p>\n","protected":false},"excerpt":{"rendered":"<p>El Primer Encuentro Binacional de Comisiones de Derechos Humanos de Me\u0301xico y Defensori\u0301as del Pueblo de Argentina se desarrolla en Buenos Aires, en la segunda jornada. Comenz\u00f3 el jueves 13 y es una actividad organizada por la Defensor\u00eda del Pueblo de CABA, la Comisi\u00f3n Nacional de los Derechos Humanos de M\u00e9xico y la Asociaci\u00f3n de [&hellip;]<\/p>\n","protected":false},"author":1,"featured_media":0,"comment_status":"open","ping_status":"open","sticky":false,"template":"","format":"standard","meta":{"om_disable_all_campaigns":false,"_monsterinsights_skip_tracking":false,"_monsterinsights_sitenote_active":false,"_monsterinsights_sitenote_note":"","_monsterinsights_sitenote_category":0},"categories":[1],"tags":[],"_links":{"self":[{"href":"https:\/\/defensoriaparana.com.ar\/index.php\/wp-json\/wp\/v2\/posts\/3186"}],"collection":[{"href":"https:\/\/defensoriaparana.com.ar\/index.php\/wp-json\/wp\/v2\/posts"}],"about":[{"href":"https:\/\/defensoriaparana.com.ar\/index.php\/wp-json\/wp\/v2\/types\/post"}],"author":[{"embeddable":true,"href":"https:\/\/defensoriaparana.com.ar\/index.php\/wp-json\/wp\/v2\/users\/1"}],"replies":[{"embeddable":true,"href":"https:\/\/defensoriaparana.com.ar\/index.php\/wp-json\/wp\/v2\/comments?post=3186"}],"version-history":[{"count":1,"href":"https:\/\/defensoriaparana.com.ar\/index.php\/wp-json\/wp\/v2\/posts\/3186\/revisions"}],"predecessor-version":[{"id":3189,"href":"https:\/\/defensoriaparana.com.ar\/index.php\/wp-json\/wp\/v2\/posts\/3186\/revisions\/3189"}],"wp:attachment":[{"href":"https:\/\/defensoriaparana.com.ar\/index.php\/wp-json\/wp\/v2\/media?parent=3186"}],"wp:term":[{"taxonomy":"category","embeddable":true,"href":"https:\/\/defensoriaparana.com.ar\/index.php\/wp-json\/wp\/v2\/categories?post=3186"},{"taxonomy":"post_tag","embeddable":true,"href":"https:\/\/defensoriaparana.com.ar\/index.php\/wp-json\/wp\/v2\/tags?post=3186"}],"curies":[{"name":"wp","href":"https:\/\/api.w.org\/{rel}","templated":true}]}}