{"id":3191,"date":"2018-12-25T23:55:00","date_gmt":"2018-12-25T23:55:00","guid":{"rendered":"http:\/\/defensoriaparana.com.ar\/?p=3191"},"modified":"2022-08-25T23:55:53","modified_gmt":"2022-08-25T23:55:53","slug":"dia-internacional-de-los-derechos-humanos-y-de-la-democracia-argentina","status":"publish","type":"post","link":"https:\/\/defensoriaparana.com.ar\/index.php\/2018\/12\/25\/dia-internacional-de-los-derechos-humanos-y-de-la-democracia-argentina\/","title":{"rendered":"D\u00eda internacional de los Derechos Humanos y de la democracia argentina"},"content":{"rendered":"<p>Este 10 de diciembre confluyen dos aniversarios trascendentales: 35 a\u00f1os de la recuperaci\u00f3n de la democracia argentina y 70 a\u00f1os de la declaraci\u00f3n del D\u00eda Internacional de los Derechos Humanos. El 10 de diciembre de 1983, en coincidencia con ese d\u00eda de 1948 en el que la Asamblea General de las Naciones Unidas adopt\u00f3 la Declaraci\u00f3n Universal de Derechos Humanos, asum\u00eda la presidencia de la Naci\u00f3n argentina, Ra\u00fal Alfons\u00edn.<\/p>\n<div id=\"attachment_6160\" class=\"wp-caption alignnone\"><img loading=\"lazy\" class=\"size-thumbnail wp-image-6160\" src=\"http:\/\/www.defensoriaparana.gov.ar\/wp-content\/uploads\/democracia-150x150.jpg\" sizes=\"(max-width: 150px) 100vw, 150px\" srcset=\"https:\/\/www.defensoriaparana.gov.ar\/wp-content\/uploads\/democracia-150x150.jpg 150w, https:\/\/www.defensoriaparana.gov.ar\/wp-content\/uploads\/democracia-32x32.jpg 32w\" alt=\"\" width=\"150\" height=\"150\" \/><\/p>\n<p class=\"wp-caption-text\">El 10 de diciembre es considerado D\u00eda de la Recuperaci\u00f3n de la Democracia argentina.<\/p>\n<\/div>\n<p>El retorno a la democracia ocurr\u00eda despu\u00e9s de siete a\u00f1os de un golpe c\u00edvico-militar que ti\u00f1\u00f3 de muerte y horror el per\u00edodo iniciado en marzo de 1976. El dirigente radical lleg\u00f3 al cargo tras el resultado de las elecciones generales, realizadas el 30 de octubre de 1983.<br \/>\nEn 1948, 35 a\u00f1os antes del fin de la tragedia argentina, la Declaraci\u00f3n universal proclam\u00f3 que \u00ablos derechos son inalienables inherentes a todos los seres humanos, sin importar su raza, color, religi\u00f3n, sexo, idioma, opiniones pol\u00edticas o de otra \u00edndole, origen nacional o social, propiedades, lugar de nacimiento, ni ninguna otra condici\u00f3n\u00bb.<br \/>\nLa Defensor\u00eda del Pueblo de la Ciudad de Paran\u00e1 recuerda ambas fechas, valorando sus significados fuertemente ligados, y lo hace con el compromiso de continuar trabajando en la defensa de los derechos humanos y la democracia.<\/p>\n","protected":false},"excerpt":{"rendered":"<p>Este 10 de diciembre confluyen dos aniversarios trascendentales: 35 a\u00f1os de la recuperaci\u00f3n de la democracia argentina y 70 a\u00f1os de la declaraci\u00f3n del D\u00eda Internacional de los Derechos Humanos. El 10 de diciembre de 1983, en coincidencia con ese d\u00eda de 1948 en el que la Asamblea General de las Naciones Unidas adopt\u00f3 la [&hellip;]<\/p>\n","protected":false},"author":1,"featured_media":0,"comment_status":"open","ping_status":"open","sticky":false,"template":"","format":"standard","meta":{"om_disable_all_campaigns":false,"_monsterinsights_skip_tracking":false,"_monsterinsights_sitenote_active":false,"_monsterinsights_sitenote_note":"","_monsterinsights_sitenote_category":0},"categories":[1],"tags":[],"_links":{"self":[{"href":"https:\/\/defensoriaparana.com.ar\/index.php\/wp-json\/wp\/v2\/posts\/3191"}],"collection":[{"href":"https:\/\/defensoriaparana.com.ar\/index.php\/wp-json\/wp\/v2\/posts"}],"about":[{"href":"https:\/\/defensoriaparana.com.ar\/index.php\/wp-json\/wp\/v2\/types\/post"}],"author":[{"embeddable":true,"href":"https:\/\/defensoriaparana.com.ar\/index.php\/wp-json\/wp\/v2\/users\/1"}],"replies":[{"embeddable":true,"href":"https:\/\/defensoriaparana.com.ar\/index.php\/wp-json\/wp\/v2\/comments?post=3191"}],"version-history":[{"count":1,"href":"https:\/\/defensoriaparana.com.ar\/index.php\/wp-json\/wp\/v2\/posts\/3191\/revisions"}],"predecessor-version":[{"id":3194,"href":"https:\/\/defensoriaparana.com.ar\/index.php\/wp-json\/wp\/v2\/posts\/3191\/revisions\/3194"}],"wp:attachment":[{"href":"https:\/\/defensoriaparana.com.ar\/index.php\/wp-json\/wp\/v2\/media?parent=3191"}],"wp:term":[{"taxonomy":"category","embeddable":true,"href":"https:\/\/defensoriaparana.com.ar\/index.php\/wp-json\/wp\/v2\/categories?post=3191"},{"taxonomy":"post_tag","embeddable":true,"href":"https:\/\/defensoriaparana.com.ar\/index.php\/wp-json\/wp\/v2\/tags?post=3191"}],"curies":[{"name":"wp","href":"https:\/\/api.w.org\/{rel}","templated":true}]}}