{"id":3192,"date":"2018-12-17T23:55:02","date_gmt":"2018-12-17T23:55:02","guid":{"rendered":"http:\/\/defensoriaparana.com.ar\/?p=3192"},"modified":"2022-08-25T23:56:13","modified_gmt":"2022-08-25T23:56:13","slug":"mas-de-120-mediadores-integran-el-registro-para-2019","status":"publish","type":"post","link":"https:\/\/defensoriaparana.com.ar\/index.php\/2018\/12\/17\/mas-de-120-mediadores-integran-el-registro-para-2019\/","title":{"rendered":"M\u00e1s de 120 mediadores integran el Registro para 2019"},"content":{"rendered":"<p>El Registro de Mediadores Comunitarios voluntarios para el per\u00edodo 2019 del Centro de Mediaci\u00f3n Comunitaria, de la Defensor\u00eda del Pueblo de la Ciudad de Paran\u00e1, qued\u00f3 conformado por 121 integrantes.<br \/>\nLa actualizaci\u00f3n del Registro es de forma anual, con una convocatoria p\u00fablica a mediadores comunitarios que se realiza en el mes de noviembre de cada a\u00f1o. Esta vez, el per\u00edodo de inscripci\u00f3n fue desde el 5 y al 14, y se anotaron 33 mediadores que se suman por primera vez a la n\u00f3mina, nueve volvieron despu\u00e9s de alg\u00fan per\u00edodo de ausencia y se reinscribi\u00f3 el resto, que viene conformando el Registro desde a\u00f1os anteriores. Este \u00faltimo grupo abarca a 13 mediadores que permanecen desde la primera n\u00f3mina, en 2003, cuando comenz\u00f3 a funcionar la Defensor\u00eda del Pueblo, el Centro de Mediaci\u00f3n y el Registro.<br \/>\nEn tanto, el n\u00famero de 121 puede aumentar debido a que hay un grupo de mediadores cuya inscripci\u00f3n fue tomada en car\u00e1cter provisorio, hasta tanto cumplimente la totalidad de requisitos solicitados.<br \/>\nEl Registro de Mediadores Comunitarios tiene una intensa actividad y gracias a su aporte la Defensor\u00eda del Pueblo ofrece en la ciudad un \u00e1mbito de escucha y comprensi\u00f3n para que los vecinos puedan dialogar y mejorar la convivencia.<br \/>\nLa labor est\u00e1 a cargo de integrantes del Registro -que son convocados en parejas de co-mediaci\u00f3n-, quienes intervienen en procesos de mediaci\u00f3n entre vecinos, a partir de solicitudes ingresadas al Centro de Mediaci\u00f3n Comunitaria, \u00e1rea de la Defensor\u00eda del Pueblo. Este a\u00f1o se registraron unos 480 casos.<br \/>\nLa n\u00f3mina, vigente desde 2003 cuando comenz\u00f3 a funcionar la instituci\u00f3n, re\u00fane a profesionales de distintas disciplinas y oficios, que una vez en el Registro tienen la posibilidad de participar de instancias regulares de capacitaci\u00f3n, reflexi\u00f3n e intercambio de experiencias. La instituci\u00f3n brinda talleres trimestrales, reuniones de intercambio y un curso de actualizaci\u00f3n anual a cargo de especialistas con reconocimiento nacional e internacional. Esta \u00faltima instancia de formaci\u00f3n es una de las obligatorias.<br \/>\nEl Registro de mediadores voluntarios de la Defensor\u00eda es considerado \u201cmodelo\u201d en el \u00e1mbito nacional por ser el m\u00e1s numeroso del pa\u00eds (la cantidad de integrantes sobrepasa cada a\u00f1o el centenar de inscriptos), por su conformaci\u00f3n multidisciplinaria, por su condici\u00f3n de ad honorem y tambi\u00e9n, por la cantidad de actividades de capacitaci\u00f3n que brinda la instituci\u00f3n \u2013y exige- a sus integrantes.<br \/>\n<img loading=\"lazy\" class=\"alignnone size-thumbnail wp-image-6153\" src=\"http:\/\/www.defensoriaparana.gov.ar\/wp-content\/uploads\/mediadores-registro1-150x150.jpg\" sizes=\"(max-width: 150px) 100vw, 150px\" srcset=\"https:\/\/www.defensoriaparana.gov.ar\/wp-content\/uploads\/mediadores-registro1-150x150.jpg 150w, https:\/\/www.defensoriaparana.gov.ar\/wp-content\/uploads\/mediadores-registro1-32x32.jpg 32w\" alt=\"\" width=\"150\" height=\"150\" \/>\u00a0<img loading=\"lazy\" class=\"alignnone size-thumbnail wp-image-6154\" src=\"http:\/\/www.defensoriaparana.gov.ar\/wp-content\/uploads\/mediadores-registro-150x150.jpg\" sizes=\"(max-width: 150px) 100vw, 150px\" srcset=\"https:\/\/www.defensoriaparana.gov.ar\/wp-content\/uploads\/mediadores-registro-150x150.jpg 150w, https:\/\/www.defensoriaparana.gov.ar\/wp-content\/uploads\/mediadores-registro-32x32.jpg 32w\" alt=\"\" width=\"150\" height=\"150\" \/><\/p>\n<p>El primer taller de reflexi\u00f3n para los integrantes del Registro 2019 ser\u00e1 el pr\u00f3ximo mi\u00e9rcoles 12, en la Secretar\u00eda de la Juventud (Alameda de la Federaci\u00f3n 317). Construyendo confianza. Objetos, creatividad y encuentros es el t\u00edtulo del encuentro a cargo de Juanqui Izaguirre. En la oportunidad, se realizar\u00e1 el sorteo del orden orientativo con el que ser\u00e1n convocados los integrantes de Registro, se dar\u00e1 la bienvenida a los mediadores reci\u00e9n incorporados, y se realizar\u00e1n reconocimientos a los que asistieron a todos los talleres y participaron de actividades especiales.<br \/>\nLuego del taller, a las 21, como todos los a\u00f1os, se realizar\u00e1 la despedida de 2018, y el festejo del aniversario n\u00famero 15 del Centro, en coincidencia con la celebraci\u00f3n realizada durante este a\u00f1o por la Defensor\u00eda del Pueblo.<br \/>\nLa Defensor\u00eda del Pueblo de Paran\u00e1 ofrece la mediaci\u00f3n de forma gratuita a los vecinos. El proceso de mediaci\u00f3n es voluntario, participativo y confidencial. En ese \u00e1mbito, los ciudadanos pueden hallar instancias de encuentro, acuerdo y soluci\u00f3n a los problemas o diferencias.<br \/>\nPara obtener m\u00e1s informaci\u00f3n, los interesados pueden comunicarse al (0343) 4211029 o a mediacionparana@hotmail.com o personalmente en Monte Caseros 161 de 8 a 13.<\/p>\n","protected":false},"excerpt":{"rendered":"<p>El Registro de Mediadores Comunitarios voluntarios para el per\u00edodo 2019 del Centro de Mediaci\u00f3n Comunitaria, de la Defensor\u00eda del Pueblo de la Ciudad de Paran\u00e1, qued\u00f3 conformado por 121 integrantes. La actualizaci\u00f3n del Registro es de forma anual, con una convocatoria p\u00fablica a mediadores comunitarios que se realiza en el mes de noviembre de cada [&hellip;]<\/p>\n","protected":false},"author":1,"featured_media":0,"comment_status":"open","ping_status":"open","sticky":false,"template":"","format":"standard","meta":{"om_disable_all_campaigns":false,"_monsterinsights_skip_tracking":false,"_monsterinsights_sitenote_active":false,"_monsterinsights_sitenote_note":"","_monsterinsights_sitenote_category":0},"categories":[1],"tags":[],"_links":{"self":[{"href":"https:\/\/defensoriaparana.com.ar\/index.php\/wp-json\/wp\/v2\/posts\/3192"}],"collection":[{"href":"https:\/\/defensoriaparana.com.ar\/index.php\/wp-json\/wp\/v2\/posts"}],"about":[{"href":"https:\/\/defensoriaparana.com.ar\/index.php\/wp-json\/wp\/v2\/types\/post"}],"author":[{"embeddable":true,"href":"https:\/\/defensoriaparana.com.ar\/index.php\/wp-json\/wp\/v2\/users\/1"}],"replies":[{"embeddable":true,"href":"https:\/\/defensoriaparana.com.ar\/index.php\/wp-json\/wp\/v2\/comments?post=3192"}],"version-history":[{"count":1,"href":"https:\/\/defensoriaparana.com.ar\/index.php\/wp-json\/wp\/v2\/posts\/3192\/revisions"}],"predecessor-version":[{"id":3195,"href":"https:\/\/defensoriaparana.com.ar\/index.php\/wp-json\/wp\/v2\/posts\/3192\/revisions\/3195"}],"wp:attachment":[{"href":"https:\/\/defensoriaparana.com.ar\/index.php\/wp-json\/wp\/v2\/media?parent=3192"}],"wp:term":[{"taxonomy":"category","embeddable":true,"href":"https:\/\/defensoriaparana.com.ar\/index.php\/wp-json\/wp\/v2\/categories?post=3192"},{"taxonomy":"post_tag","embeddable":true,"href":"https:\/\/defensoriaparana.com.ar\/index.php\/wp-json\/wp\/v2\/tags?post=3192"}],"curies":[{"name":"wp","href":"https:\/\/api.w.org\/{rel}","templated":true}]}}