{"id":3193,"date":"2018-12-06T23:55:03","date_gmt":"2018-12-06T23:55:03","guid":{"rendered":"http:\/\/defensoriaparana.com.ar\/?p=3193"},"modified":"2022-08-25T23:56:28","modified_gmt":"2022-08-25T23:56:28","slug":"vivir-en-la-calle-rescato-el-valioso-trabajo-de-ongs-pero-es-el-estado-el-que-tiene-que-abordar-el-tema","status":"publish","type":"post","link":"https:\/\/defensoriaparana.com.ar\/index.php\/2018\/12\/06\/vivir-en-la-calle-rescato-el-valioso-trabajo-de-ongs-pero-es-el-estado-el-que-tiene-que-abordar-el-tema\/","title":{"rendered":"Vivir en la calle: \u00abRescato el valioso trabajo de Ongs, pero es el Estado el que tiene que abordar el tema\u00bb"},"content":{"rendered":"<p>El Defensor del Pueblo de la Ciudad se refiri\u00f3 a la situaci\u00f3n de las personas que viven en la calle en Paran\u00e1. \u00abRescato el valioso trabajo de Suma de Voluntades, pero creo que es el Estado el que tiene que abordar el tema, desde otra mirada y no s\u00f3lo desde el voluntariado, porque sino desliga su responsabilidad en las ONG\u00bb, dijo Luis Garay en declaraciones period\u00edstica. A continuaci\u00f3n, la nota publicada por diario UNO, https:\/\/www.unoentrerios.com.ar\/la-provincia\/estar-la-calle-un-drama-que-va-mas-alla-no-tener-una-casa-donde-vivir-n1710103.htm<\/p>\n<p>Paran\u00e1<br \/>\nMi\u00e9rcoles 28 de Noviembre de 2018<br \/>\n<strong>Estar en la calle: un drama que va m\u00e1s all\u00e1 de no tener una casa donde vivir<\/strong><em><br \/>\nAdem\u00e1s de una situaci\u00f3n econ\u00f3mica adversa, hay problemas familiares, sociales y adicciones que el Estado no contempla al ofrecer alguna asistencia<\/em><\/p>\n<p>Vanesa Erbes<\/p>\n<p>Es dif\u00edcil determinar cu\u00e1ntas personas en Paran\u00e1 actualmente est\u00e1n en situaci\u00f3n de calle, pero mucha gente advierte que son m\u00e1s que antes. En la placita que est\u00e1 frente a la Direcci\u00f3n de Tr\u00e1nsito municipal duerme un grupo, otro se queda en donde estaba el restaurante Petra, y otros pernoctan en la galer\u00eda Almendral, en la Plaza de 1\u00b0 de Mayo y en la Terminal.<br \/>\nDe noche se acomodan en alg\u00fan viejo colch\u00f3n o en el piso, tapados con frazadas o cartones. De d\u00eda deambulan por las calles, algunos vendiendo estampitas o pidiendo una moneda. Al mediod\u00eda varios de ellos van a almorzar al comedor comunitario de la iglesia San Miguel, y por las noches en la plaza Alberdi o en la S\u00e1enz Pe\u00f1a la ONG Suma de Voluntades y otros grupos solidarios que asumen un gran trabajo social desde el voluntariado, les acercan un plato de comida y los acompa\u00f1an humanamente.<br \/>\nSi bien la Municipalidad cuenta con un refugio en calle Blas Parera que abre en invierno para que no se mueran de fr\u00edo y que a\u00fan hoy permanece en funcionamiento, no quieren ir, porque se los amontona a todos en una pieza con 20 camas sin contemplar sus necesidades. \u00abNo queremos ir al refugio, porque te roban todo. Nos pusieron a todos juntos como \u2018carne pa\u2019chorizo\u2019, y la gente grande no podemos estar con los pibes, porque hay peleas\u00bb, confi\u00f3 a UNO Miguel, quien hace a\u00f1os que no tiene un hogar y elige dormir en la plaza, a la intemperie, o junto a la reja de la galer\u00eda Almendral cuando llueve. \u00abSomos varios y no tenemos colchones ni nada. A veces tenemos algo para taparnos y a veces no\u00bb, explic\u00f3.<br \/>\nA Ricardo le dicen el Turco y hace tres a\u00f1os est\u00e1 en la calle. Duerme en Petra porque tampoco se sinti\u00f3 c\u00f3modo en el refugio, y argument\u00f3: \u00abAh\u00ed ten\u00e9s que entrar a las 9 de la noche y a las 6 de la ma\u00f1ana te ten\u00e9s que ir. Cuando hace fr\u00edo te conviene quedarte tirado en la calle y no tener que salir a esa hora\u00bb.<br \/>\nHace d\u00edas est\u00e1 con los dos pies vendados y apenas puede estar parado. \u00abMe agarr\u00f3 una ulceraci\u00f3n. Me sacaron un turno para ver c\u00f3mo est\u00e1 la circulaci\u00f3n de sangre y estoy contento porque la doctora me dijo que me estoy curando. Trabajo con las estampitas, como la mayor\u00eda, pero ahora no puedo caminar mucho, as\u00ed que hay d\u00edas que me quedo sentado pidiendo una moneda para los gastos\u00bb, se\u00f1al\u00f3.<br \/>\n\u00abLa gente es muy bondadosa, pasan y te dan dinero, o te traen comida, que la verdad no sobra. A veces nos llegan cosas que nos sorprenden, como antes de ayer, que nos trajeron una bandeja con una picada que costar\u00e1 como 300 pesos, o nos traen unas pizzas b\u00e1rbaras o hamburguesas\u00bb, dijo, rescatando alg\u00fan lujo que lo hace sentir menos excluido y hasta privilegiado de vez en cuando.<br \/>\n\u00abNosotros ac\u00e1 no gastamos en comida. La gente nos ayuda y est\u00e1n los comedores\u00bb, sostuvo, antes de hablar de la adicci\u00f3n al alcohol que lo alej\u00f3 de su familia y soltar su llanto, dejando en claro que sus carencias pasan por otro lado: \u00abQuiero que mis hijos est\u00e9n bien; uno est\u00e1 en Paran\u00e1 y el otro vive en Buenos Aires y juega en Lan\u00fas. Me acuerdo de ellos y me pongo a llorar. Por ellos quiero empezar a trabajar, pero me dej\u00e9 estar y la calle te atrapa\u00bb, expres\u00f3, visiblemente angustiado.<br \/>\nGuillermo, el Chileno, tambi\u00e9n duerme en la galer\u00eda Almendral. En los dos \u00faltimos a\u00f1os logr\u00f3 zafar de la calle un par de veces, con la contenci\u00f3n de la gente de Suma de Voluntades primero y despu\u00e9s cuando encontr\u00f3 el amor por un tiempo. Estar bien lo ayud\u00f3 a conseguir un trabajo con el que pudo pagarse una pensi\u00f3n. Afeitado, bien vestido y sonriente, parec\u00eda otra persona, muy distinta a la que ahora anda en la plaza. \u00abEstoy mal, tuve una reca\u00edda. Llevo cinco a\u00f1os en la calle y no me gusta estar as\u00ed. Perd\u00ed un diente y me hice los estudios para un postizo, pero despu\u00e9s me separ\u00e9 y dej\u00e9 todo tirado. Yo hab\u00eda cambiado, estaba trabajando bien, pero no s\u00e9 qu\u00e9 me pasa que estoy de nuevo como antes. El alcohol es un vicio que nos hace mal\u00bb, explic\u00f3.<br \/>\n\u00abNos gustar\u00eda que el Estado nos d\u00e9 una contenci\u00f3n\u00bb, acot\u00f3 Jorge, oriundo de Cerrito, quien cont\u00f3 que all\u00e1 vive su hermana, y que le gustar\u00eda volverse pero no tiene c\u00f3mo.<br \/>\nMientras estaban ayer sentados en un banco de la Plaza, tomando sol despu\u00e9s de tanta lluvia, una se\u00f1ora les alcanz\u00f3 un pedazo de tarta. Le agradecieron y se sentaron a compartir las porciones y un vino en cajita para que los ayudara a digerir no solo la comida sino tambi\u00e9n la realidad adversa que los hostiga. Reniegan del alcohol y sue\u00f1an con dejarlo, pero sin ayuda saben que ser\u00e1 imposible superar esta enfermedad que los atrap\u00f3 buscando un escape a un cruel destino de abandono y sufrimiento.<br \/>\nLuis Garay, defensor del Pueblo de Paran\u00e1, record\u00f3 a UNO que ya han hecho recomendaciones al municipio para que se haga un abordaje integral de la problem\u00e1tica de las personas en situaci\u00f3n de calle, y se\u00f1al\u00f3: \u00abCreemos que no hay que abordar este tema desde el asistencialismo, sino desde la inclusi\u00f3n. Para eso hace falta tener un dispositivo que sea un centro de d\u00eda, donde empiecen a encontrar su identidad y el saber por qu\u00e9 volvieron a la calle, porque no es solamente una cuesti\u00f3n econ\u00f3mica. Obviamente que la crisis ha hecho que mucha gente ya no pueda pagar alquiler, pero hay muchas personas en situaci\u00f3n de calle que tienen problemas afectivos, emocionales o sociales que de alguna u otra manera las llev\u00f3 a esa situaci\u00f3n\u00bb.<br \/>\n\u00abEl Estado tiene que escucharlos para saber lo que necesitan. Estamos hablando de personas con sus derechos vulnerados. No creo que alguien una noche piense \u2018ma\u00f1ana me voy a vivir a la calle\u2019. Pasan un mont\u00f3n de cosas en el medio y esas cuestiones no se est\u00e1n teniendo en cuenta. Se pueden abrir albergues para lo coyuntural y que en invierno no se mueran de fr\u00edo, o comedores para que no pasen hambre, pero el problema sigue\u00bb, dijo, y analiz\u00f3: \u00abHay que trabajar con la persona en forma individual, aparte de lo social, para saber qu\u00e9 es lo que est\u00e1 necesitando para salir de esa situaci\u00f3n. Se llama situaci\u00f3n porque se puede cambiar, se puede revertir\u00bb.<br \/>\nEn este marco, manifest\u00f3: \u00abPor eso creemos que hay que abordarlo con otra mirada, con equipos interdisciplinarios, con profesionales dispuestos a trabajar en el tema. En el Estado hay abogados, acompa\u00f1antes terap\u00e9uticos, psic\u00f3logos y dem\u00e1s profesionales que puedan atender la problem\u00e1tica y acompa\u00f1arlos en ese proceso\u00bb.<br \/>\nPor \u00faltimo, reflexion\u00f3: \u00abEntendemos lo coyuntural y rescato el valioso trabajo de Suma de Voluntades, pero creo que es el Estado el que tiene que abordar el tema, desde otra mirada y no solo desde el voluntariado, porque sino desliga su responsabilidad en las ONG\u00bb.<\/p>\n","protected":false},"excerpt":{"rendered":"<p>El Defensor del Pueblo de la Ciudad se refiri\u00f3 a la situaci\u00f3n de las personas que viven en la calle en Paran\u00e1. \u00abRescato el valioso trabajo de Suma de Voluntades, pero creo que es el Estado el que tiene que abordar el tema, desde otra mirada y no s\u00f3lo desde el voluntariado, porque sino desliga [&hellip;]<\/p>\n","protected":false},"author":1,"featured_media":0,"comment_status":"open","ping_status":"open","sticky":false,"template":"","format":"standard","meta":{"om_disable_all_campaigns":false,"_monsterinsights_skip_tracking":false,"_monsterinsights_sitenote_active":false,"_monsterinsights_sitenote_note":"","_monsterinsights_sitenote_category":0},"categories":[1],"tags":[],"_links":{"self":[{"href":"https:\/\/defensoriaparana.com.ar\/index.php\/wp-json\/wp\/v2\/posts\/3193"}],"collection":[{"href":"https:\/\/defensoriaparana.com.ar\/index.php\/wp-json\/wp\/v2\/posts"}],"about":[{"href":"https:\/\/defensoriaparana.com.ar\/index.php\/wp-json\/wp\/v2\/types\/post"}],"author":[{"embeddable":true,"href":"https:\/\/defensoriaparana.com.ar\/index.php\/wp-json\/wp\/v2\/users\/1"}],"replies":[{"embeddable":true,"href":"https:\/\/defensoriaparana.com.ar\/index.php\/wp-json\/wp\/v2\/comments?post=3193"}],"version-history":[{"count":2,"href":"https:\/\/defensoriaparana.com.ar\/index.php\/wp-json\/wp\/v2\/posts\/3193\/revisions"}],"predecessor-version":[{"id":3197,"href":"https:\/\/defensoriaparana.com.ar\/index.php\/wp-json\/wp\/v2\/posts\/3193\/revisions\/3197"}],"wp:attachment":[{"href":"https:\/\/defensoriaparana.com.ar\/index.php\/wp-json\/wp\/v2\/media?parent=3193"}],"wp:term":[{"taxonomy":"category","embeddable":true,"href":"https:\/\/defensoriaparana.com.ar\/index.php\/wp-json\/wp\/v2\/categories?post=3193"},{"taxonomy":"post_tag","embeddable":true,"href":"https:\/\/defensoriaparana.com.ar\/index.php\/wp-json\/wp\/v2\/tags?post=3193"}],"curies":[{"name":"wp","href":"https:\/\/api.w.org\/{rel}","templated":true}]}}