{"id":3198,"date":"2018-07-25T23:56:35","date_gmt":"2018-07-25T23:56:35","guid":{"rendered":"http:\/\/defensoriaparana.com.ar\/?p=3198"},"modified":"2022-08-25T23:57:39","modified_gmt":"2022-08-25T23:57:39","slug":"defensores-del-pueblo-del-pais-plantean-la-inconstitucionalidad-del-decreto-sobre-las-ffaa","status":"publish","type":"post","link":"https:\/\/defensoriaparana.com.ar\/index.php\/2018\/07\/25\/defensores-del-pueblo-del-pais-plantean-la-inconstitucionalidad-del-decreto-sobre-las-ffaa\/","title":{"rendered":"Defensores del Pueblo del pa\u00eds plantean la inconstitucionalidad del decreto sobre las FFAA"},"content":{"rendered":"<p>La Asociaci\u00f3n de Defensores del Pueblo de la Rep\u00fablica Argentina (Adpra), organizaci\u00f3n a la que pertenece la Defensor\u00eda del Pueblo de la Ciudad de Paran\u00e1, emiti\u00f3 un comunicado fijando posici\u00f3n respecto del decreto del Poder Ejecutivo Nacional 683\/2018. A continuaci\u00f3n, el texto:<\/p>\n<p>La asociaci\u00f3n \u201cintegrada por hombres y mujeres que defendemos la plena vigencia de los Derechos Humanos, la Constituci\u00f3n Nacional, y el respeto por las Instituciones, manifestamos nuestra profunda preocupaci\u00f3n en relaci\u00f3n al Decreto del Poder Ejecutivo Nacional 683\/2018, ello en virtud de que:<\/p>\n<p>Conforme se desprende de la Ley de Defensa Nacional, la funci\u00f3n de las Fuerzas Armadas reside en la defensa de la Naci\u00f3n ante el ataque exterior, guerra o conflicto armado internacional, teniendo por finalidad garantizar la soberan\u00eda e independencia de la Rep\u00fablica.<\/p>\n<p>Por su parte la Ley 24.059 entiende que la Seguridad Interior debe propender a que el Estado Nacional garantice la plena vigencia de los derechos a la vida, a la libertad, y al patrimonio de los ciudadanos. A tal efecto, la Polic\u00eda Federal, la Polic\u00eda de Seguridad Aeroportuaria, la Polic\u00eda de los Estados Provinciales adherentes a la mentada norma, la Gendarmer\u00eda Nacional y la Prefectura Naval Argentina, ser\u00e1n los \u00f3rganos que propender\u00e1n a tales fines. As\u00ed pues, en este marco, desarrollar\u00e1n los medios necesarios para el control y vigilancia de las fronteras, aguas jurisdiccionales de la Naci\u00f3n y custodia de objetivos estrat\u00e9gicos.<\/p>\n<p>Consecuentemente, en virtud de los principios emanados de nuestra Constituci\u00f3n Nacional, los principios Republicanos de Gobierno, y nuestra historia reciente, resulta inadmisible que una modificaci\u00f3n de los mencionados principios y competencias se determine por Decreto del Poder Ejecutivo Nacional, toda vez que por la materia resulta ser competencia exclusiva del Congreso de la Naci\u00f3n\u201d.<\/p>\n","protected":false},"excerpt":{"rendered":"<p>La Asociaci\u00f3n de Defensores del Pueblo de la Rep\u00fablica Argentina (Adpra), organizaci\u00f3n a la que pertenece la Defensor\u00eda del Pueblo de la Ciudad de Paran\u00e1, emiti\u00f3 un comunicado fijando posici\u00f3n respecto del decreto del Poder Ejecutivo Nacional 683\/2018. A continuaci\u00f3n, el texto: La asociaci\u00f3n \u201cintegrada por hombres y mujeres que defendemos la plena vigencia de [&hellip;]<\/p>\n","protected":false},"author":1,"featured_media":0,"comment_status":"open","ping_status":"open","sticky":false,"template":"","format":"standard","meta":{"om_disable_all_campaigns":false,"_monsterinsights_skip_tracking":false,"_monsterinsights_sitenote_active":false,"_monsterinsights_sitenote_note":"","_monsterinsights_sitenote_category":0},"categories":[1],"tags":[],"_links":{"self":[{"href":"https:\/\/defensoriaparana.com.ar\/index.php\/wp-json\/wp\/v2\/posts\/3198"}],"collection":[{"href":"https:\/\/defensoriaparana.com.ar\/index.php\/wp-json\/wp\/v2\/posts"}],"about":[{"href":"https:\/\/defensoriaparana.com.ar\/index.php\/wp-json\/wp\/v2\/types\/post"}],"author":[{"embeddable":true,"href":"https:\/\/defensoriaparana.com.ar\/index.php\/wp-json\/wp\/v2\/users\/1"}],"replies":[{"embeddable":true,"href":"https:\/\/defensoriaparana.com.ar\/index.php\/wp-json\/wp\/v2\/comments?post=3198"}],"version-history":[{"count":1,"href":"https:\/\/defensoriaparana.com.ar\/index.php\/wp-json\/wp\/v2\/posts\/3198\/revisions"}],"predecessor-version":[{"id":3201,"href":"https:\/\/defensoriaparana.com.ar\/index.php\/wp-json\/wp\/v2\/posts\/3198\/revisions\/3201"}],"wp:attachment":[{"href":"https:\/\/defensoriaparana.com.ar\/index.php\/wp-json\/wp\/v2\/media?parent=3198"}],"wp:term":[{"taxonomy":"category","embeddable":true,"href":"https:\/\/defensoriaparana.com.ar\/index.php\/wp-json\/wp\/v2\/categories?post=3198"},{"taxonomy":"post_tag","embeddable":true,"href":"https:\/\/defensoriaparana.com.ar\/index.php\/wp-json\/wp\/v2\/tags?post=3198"}],"curies":[{"name":"wp","href":"https:\/\/api.w.org\/{rel}","templated":true}]}}