{"id":3199,"date":"2018-07-13T23:56:36","date_gmt":"2018-07-13T23:56:36","guid":{"rendered":"http:\/\/defensoriaparana.com.ar\/?p=3199"},"modified":"2022-08-25T23:57:53","modified_gmt":"2022-08-25T23:57:53","slug":"detras-de-la-violencia-siempre-hay-exclusion","status":"publish","type":"post","link":"https:\/\/defensoriaparana.com.ar\/index.php\/2018\/07\/13\/detras-de-la-violencia-siempre-hay-exclusion\/","title":{"rendered":"\u201cDetr\u00e1s de la violencia siempre hay exclusi\u00f3n\u201d"},"content":{"rendered":"<p><em><strong>D<\/strong><strong>i\u00e1logos y construcci\u00f3n ciudadana. Modos efectivos de participaci\u00f3n social<\/strong><\/em>\u00a0fue el tema de una charla abierta a cargo de dos prestigiosos mediadores, Francisco Diez y Mar\u00eda Gabriela Rodr\u00edguez Querejazu. La actividad se desarroll\u00f3 en el marco de la conmemoraci\u00f3n de los 15 a\u00f1os de existencia de la Defensor\u00eda del Pueblo de la Ciudad de Paran\u00e1,\u00a0 \u00fanica instituci\u00f3n del tipo en la provincia de Entre R\u00edos.<\/p>\n<p>La charla se desarroll\u00f3 previamente a la capacitaci\u00f3n anual que brinda la Defensor\u00eda a los m\u00e1s de cien mediadores comunitarios voluntarios, que integran el Registro del Centro de Mediaci\u00f3n perteneciente a la instituci\u00f3n. El encuentro que cont\u00f3 con p\u00fablico en general, se realiz\u00f3 en el Aula Magna de la Facultad de Ciencias Econ\u00f3micas, en la \u00faltima semana de junio, y fue organizado junto a dicha casa de estudios y el Concejo Deliberante de Paran\u00e1.<\/p>\n<p>&nbsp;<\/p>\n<p><strong>\u201cTodo reclamo, todo grito, tiene que ver con una necesidad no satisfecha\u201d<\/strong><\/p>\n<p>&nbsp;<\/p>\n<p>Los especialistas Francisco Diez y Mar\u00eda Gabriela Rodr\u00edguez Querejazu desarrollaron una charla amena, en forma din\u00e1mica que incluy\u00f3 la participaci\u00f3n de ambos en un formato, por momentos, de conversaci\u00f3n.\u00a0 El desarrollo de la exposici\u00f3n abarc\u00f3 an\u00e9cdotas sobre la trayectoria individual, experiencias compartidas y casos abordados, mediante an\u00e1lisis de situaciones y relaciones.<\/p>\n<p>&nbsp;<\/p>\n<p>Sobre la posibilidad de reunir a partes en conflicto en un espacio f\u00edsico bajo determinadas condiciones, Rodr\u00edguez Querejazu record\u00f3 que hace muchos a\u00f1os, en su paso por la Defensor\u00eda del Pueblo de la Ciudad de Buenos Aires eso fue \u201cinventar un espacio\u201d en el que cada uno pueda \u201cdecir lo que sienta y quiera, donde nos podamos ver y respetar\u201d.<\/p>\n<p>\u201cLa idea \u2013remarc\u00f3-\u00a0 es que la gente se encuentre, m\u00e1s all\u00e1 de que sea mediable o no. Todo es conversable, dialogable, si hay voluntad y ganas de construir\u201d. Seguidamente,\u00a0 se\u00f1al\u00f3 que \u201cel \u00fanico enemigo que tenemos es la violencia, no es la grieta, ni el que piensa de un modo distinto\u201d.<\/p>\n<p>Por su parte, Francisco Diez enfatiz\u00f3 en que \u201cla violencia no existe en el vac\u00edo. Es una expresi\u00f3n de din\u00e1micas relacionales que muchas veces dan origen a la violencia. Detr\u00e1s de cada conflicto si uno rasca un poco siempre hay situaciones de exclusi\u00f3n. Detr\u00e1s de la violencia siempre hay exclusiones. No se tratar de evitarla o sostenerla, se trata de entender por qu\u00e9 aparece la violencia y trabajar en las causas que dan origen a esas expresiones que se dan de violencia. Por supuesto que vemos la violencia y es eso lo que tenemos que parar porque la violencia no resuelve la exclusi\u00f3n, al contrario, muchas veces la violencia aumenta los ciclos de exclusi\u00f3n y potencia las desigualdades. Puede ser excusa para m\u00e1s desigualdades y exclusi\u00f3n. Tenemos que parar la violencia y trabajar en las causas que dan origen a esa violencia\u201d.<\/p>\n<p>&nbsp;<\/p>\n<p>Por su parte, Rodr\u00edguez Querejazu a\u00f1adi\u00f3 que \u201cestos procesos de exclusi\u00f3n son los que muchas veces generan la confrontaci\u00f3n social. Todo reclamo, todo grito, tiene que ver con una necesidad no satisfecha, no escuchada. A esto hay que prestarle atenci\u00f3n. Por eso en nuestro campo lo primero que preguntamos a las personas es qu\u00e9 necesita, en qu\u00e9 podemos ayudar. Esto genera otra condici\u00f3n de posibilidad. No es que todo se resuelve con el di\u00e1logo, pero es una condici\u00f3n de posibilidad de muchas resoluciones\u201d.<\/p>\n<p>&nbsp;<\/p>\n<p>En el mismo sentido, Diez agreg\u00f3 que \u201ccada vez que uno se enfrenta a situaciones de conflicto o confrontaciones, se da cuenta, que en rigor de verdad, no hay otra manera de resolver esas situaciones que conversando, generando los espacios para las conversaciones, en donde todos se puedan expresar y escuchar. La conversaci\u00f3n es el mecanismo privilegiado que tenemos los seres humanos para crear realidades. El di\u00e1logo es el mecanismo privilegiado para cambiar esas realidades \u2013las de la violencia. Si no hay di\u00e1logo no hay manera de cambiar realidades. Nos hemos cansado de ver c\u00f3mo el recurso a la violencia ha sido un mecanismo tendiente a cambiar realidades y nunca lo ha logrado. Siempre ha tenido que haber una conversaci\u00f3n, una negociaci\u00f3n o un acuerdo para poner fin a la violencia y comenzar a construir una realidad diferente\u201d.<\/p>\n<div id=\"attachment_5637\" class=\"wp-caption alignleft\"><a href=\"http:\/\/www.defensoriaparana.gov.ar\/?attachment_id=5637\" rel=\"attachment wp-att-5637\"><img loading=\"lazy\" class=\"size-medium wp-image-5637\" title=\"Rodriguez Querejazu-Diez 1\" src=\"http:\/\/www.defensoriaparana.gov.ar\/wp-content\/uploads\/Rodriguez-Querejazu-Diez-11-300x200.jpg\" sizes=\"(max-width: 300px) 100vw, 300px\" srcset=\"https:\/\/www.defensoriaparana.gov.ar\/wp-content\/uploads\/Rodriguez-Querejazu-Diez-11-300x200.jpg 300w, https:\/\/www.defensoriaparana.gov.ar\/wp-content\/uploads\/Rodriguez-Querejazu-Diez-11-170x113.jpg 170w, https:\/\/www.defensoriaparana.gov.ar\/wp-content\/uploads\/Rodriguez-Querejazu-Diez-11-284x189.jpg 284w, https:\/\/www.defensoriaparana.gov.ar\/wp-content\/uploads\/Rodriguez-Querejazu-Diez-11-135x90.jpg 135w, https:\/\/www.defensoriaparana.gov.ar\/wp-content\/uploads\/Rodriguez-Querejazu-Diez-11.jpg 960w\" alt=\"\" width=\"300\" height=\"200\" \/><\/a><\/p>\n<p class=\"wp-caption-text\">Los especialistas, en la charla abierta Di\u00e1logos y Construcci\u00f3n Ciudadana. Modos efectivos de participaci\u00f3n social.<\/p>\n<\/div>\n<p>&nbsp;<\/p>\n<p>&nbsp;<\/p>\n<p>&nbsp;<\/p>\n<p>&nbsp;<\/p>\n<p>&nbsp;<\/p>\n<p>&nbsp;<\/p>\n<p>&nbsp;<\/p>\n<p>&nbsp;<\/p>\n<p>&nbsp;<\/p>\n<p>Estos conceptos son parte de la charla que se podr\u00e1 escuchar en el siguiente link:\u00a0<a href=\"https:\/\/drive.google.com\/file\/d\/12Rr7UpOCvmCqBvMVVA2214Am2wEo1n5f\/view?usp=sharing\">https:\/\/drive.google.com\/file\/d\/12Rr7UpOCvmCqBvMVVA2214Am2wEo1n5f\/view?usp=sharing<\/a>\u00a0En el audio se hace referencia a im\u00e1genes y cuadros de apoyo de la exposici\u00f3n.<\/p>\n","protected":false},"excerpt":{"rendered":"<p>Di\u00e1logos y construcci\u00f3n ciudadana. Modos efectivos de participaci\u00f3n social\u00a0fue el tema de una charla abierta a cargo de dos prestigiosos mediadores, Francisco Diez y Mar\u00eda Gabriela Rodr\u00edguez Querejazu. La actividad se desarroll\u00f3 en el marco de la conmemoraci\u00f3n de los 15 a\u00f1os de existencia de la Defensor\u00eda del Pueblo de la Ciudad de Paran\u00e1,\u00a0 \u00fanica [&hellip;]<\/p>\n","protected":false},"author":1,"featured_media":0,"comment_status":"open","ping_status":"open","sticky":false,"template":"","format":"standard","meta":{"om_disable_all_campaigns":false,"_monsterinsights_skip_tracking":false,"_monsterinsights_sitenote_active":false,"_monsterinsights_sitenote_note":"","_monsterinsights_sitenote_category":0},"categories":[1],"tags":[],"_links":{"self":[{"href":"https:\/\/defensoriaparana.com.ar\/index.php\/wp-json\/wp\/v2\/posts\/3199"}],"collection":[{"href":"https:\/\/defensoriaparana.com.ar\/index.php\/wp-json\/wp\/v2\/posts"}],"about":[{"href":"https:\/\/defensoriaparana.com.ar\/index.php\/wp-json\/wp\/v2\/types\/post"}],"author":[{"embeddable":true,"href":"https:\/\/defensoriaparana.com.ar\/index.php\/wp-json\/wp\/v2\/users\/1"}],"replies":[{"embeddable":true,"href":"https:\/\/defensoriaparana.com.ar\/index.php\/wp-json\/wp\/v2\/comments?post=3199"}],"version-history":[{"count":1,"href":"https:\/\/defensoriaparana.com.ar\/index.php\/wp-json\/wp\/v2\/posts\/3199\/revisions"}],"predecessor-version":[{"id":3202,"href":"https:\/\/defensoriaparana.com.ar\/index.php\/wp-json\/wp\/v2\/posts\/3199\/revisions\/3202"}],"wp:attachment":[{"href":"https:\/\/defensoriaparana.com.ar\/index.php\/wp-json\/wp\/v2\/media?parent=3199"}],"wp:term":[{"taxonomy":"category","embeddable":true,"href":"https:\/\/defensoriaparana.com.ar\/index.php\/wp-json\/wp\/v2\/categories?post=3199"},{"taxonomy":"post_tag","embeddable":true,"href":"https:\/\/defensoriaparana.com.ar\/index.php\/wp-json\/wp\/v2\/tags?post=3199"}],"curies":[{"name":"wp","href":"https:\/\/api.w.org\/{rel}","templated":true}]}}