{"id":3205,"date":"2018-04-13T23:58:13","date_gmt":"2018-04-13T23:58:13","guid":{"rendered":"http:\/\/defensoriaparana.com.ar\/?p=3205"},"modified":"2022-08-26T00:07:12","modified_gmt":"2022-08-26T00:07:12","slug":"reunion-con-el-defensor-del-pueblo-de-santa-fe-por-lo-obra-del-puente","status":"publish","type":"post","link":"https:\/\/defensoriaparana.com.ar\/index.php\/2018\/04\/13\/reunion-con-el-defensor-del-pueblo-de-santa-fe-por-lo-obra-del-puente\/","title":{"rendered":"Reuni\u00f3n con el Defensor del Pueblo de Santa Fe por lo obra del puente"},"content":{"rendered":"<p>El Defensor del Pueblo de la Ciudad de Paran\u00e1, Luis Garay, acompa\u00f1\u00f3 a vecinos, dirigentes sociales y ambientales de la ciudad, preocupados por el proyecto de ejecuci\u00f3n del puente entre Paran\u00e1 y Santa Fe, a una reuni\u00f3n con su par de la Defensor\u00eda del Pueblo de la provincia santafesina, Ra\u00fal Lamberto.<\/p>\n<p>El motivo del encuentro fue iniciar conversaciones que deriven en gestiones tendientes a facilitar el acceso de la informaci\u00f3n p\u00fablica referida a la obra y a visibilizar las opiniones, dudas y posicionamientos de habitantes de Paran\u00e1 que observan con inquietud el desarrollo preliminar del proyecto.<\/p>\n<p>El Defensor Luis Garay abri\u00f3 la reuni\u00f3n explicando las dudas y necesidades de vecinos de la ciudad ante los anuncios de ejecuci\u00f3n de la obra que cruzar\u00e1 el r\u00edo Paran\u00e1. Aclar\u00f3 que el punto de discusi\u00f3n es la ubicaci\u00f3n del puente, no la obra en s\u00ed, pues se trata de una infraestructura hist\u00f3ricamente anunciada que absorber\u00eda el paso del tr\u00e1nsito pesado aliviando el flujo por el t\u00fanel subfluvial Uranga-Sylvestre Begnis. Al respecto, el Defensor puso \u00e9nfasis en la necesidad de resguardar desde instituciones como las Defensor\u00edas el acceso a la informaci\u00f3n\u00a0por parte de los vecinos, como as\u00ed tambi\u00e9n la canalizaci\u00f3n de la voz ciudadana ante quienes tienen la responsabilidad de tomar decisiones.<\/p>\n<p>H\u00e9ctor Fischbach, vecino del barrio Toma Vieja, hizo un detalle pormenorizado del proyecto, de la contrataci\u00f3n de una consultora en 2012 para realizar los an\u00e1lisis previos de la obra, \u00a0las distintas trazas posibles y la que finalmente habr\u00eda sido decidida a fin del a\u00f1o pasado que cruzar\u00eda por el lado m\u00e1s angosto del r\u00edo, a la altura del Camping de la Toma Vieja. Puso \u00e9nfasis en la manera en que habr\u00eda sido definida esa traza y el impacto que -los vecinos afirman- ser\u00e1 negativo para esa sector norte de Paran\u00e1. En ese sentido, se refiri\u00f3 a la p\u00e9rdida que significar\u00e1 para la ciudad parte del\u00a0camping p\u00fablico, declarado por ordenanza paisaje protegido, y el perjuicio para la zona en general, en franco crecimiento urbano.<\/p>\n<p>Uno de los argumentos que se expuso con firmeza en la reuni\u00f3n, con incumbencia para ambas provincias, radica en la posible afectaci\u00f3n de la infraestructura del t\u00fanel si se resolver\u00eda desarrollar la \u00faltima traza, frente a la Toma Vieja. Sobre ese punto, Alicia Glauser, integrante de la Asamblea Ciudadana Vecinalista,\u00a0expres\u00f3 la preocupaci\u00f3n en base a informaci\u00f3n y testimonios obtenidos por el grupo organizado en un movimiento denominado Despierta Paran\u00e1, creado justamente para abordar el tema del puente y su impacto. La vecinalista aclar\u00f3 que el slogan del movimiento es\u00a0<em>S\u00ed al puente, no en la ciudad,\u00a0<\/em>para reafirmar la aceptaci\u00f3n de la obra y el rechazo a la ubicaci\u00f3n en inmediaciones de la Toma.<\/p>\n<p>Por su parte, Roberto Schunk, docente universitario y ex funcionario provincial,\u00a0explic\u00f3 que la relevancia de la obra excede a la jurisdicci\u00f3n de ambas ciudades capitales y la situ\u00f3 en el contexto regional que involucra a las dos provincias. En ese marco, apoy\u00f3 una de las posibles ubicaciones planteadas: el puente en la zona suroeste de la ciudad y, en consonancia con esa posibilidad, se refiri\u00f3 a un proyecto de reinstalar un puerto en Diamante y al desarrollo regional.<\/p>\n<p>&nbsp;<\/p>\n<div id=\"attachment_5196\" class=\"wp-caption alignleft\"><a href=\"http:\/\/www.defensoriaparana.gov.ar\/?attachment_id=5196\" rel=\"attachment wp-att-5196\"><img loading=\"lazy\" class=\"size-medium wp-image-5196\" title=\"reuni\u00f3n puente2\" src=\"http:\/\/www.defensoriaparana.gov.ar\/wp-content\/uploads\/reuni%C3%B3n-puente2-300x168.jpg\" sizes=\"(max-width: 300px) 100vw, 300px\" srcset=\"https:\/\/www.defensoriaparana.gov.ar\/wp-content\/uploads\/reuni\u00f3n-puente2-300x168.jpg 300w, https:\/\/www.defensoriaparana.gov.ar\/wp-content\/uploads\/reuni\u00f3n-puente2-1024x574.jpg 1024w, https:\/\/www.defensoriaparana.gov.ar\/wp-content\/uploads\/reuni\u00f3n-puente2-170x95.jpg 170w, https:\/\/www.defensoriaparana.gov.ar\/wp-content\/uploads\/reuni\u00f3n-puente2-284x159.jpg 284w, https:\/\/www.defensoriaparana.gov.ar\/wp-content\/uploads\/reuni\u00f3n-puente2.jpg 1280w\" alt=\"\" width=\"300\" height=\"168\" \/><\/a><\/p>\n<p class=\"wp-caption-text\">Los vecinos expusieron sus preocupaciones y reclamos.<\/p>\n<\/div>\n<p>Marcelo Haddad, dirigente socialista y ex concejal de Paran\u00e1, puso \u00e9nfasis en la necesidad de que se abran \u00e1mbitos de participaci\u00f3n ciudadana en ambas provincias y mencion\u00f3 las audiencias p\u00fablicas como instrumento esencial. Se\u00f1al\u00f3 luego que los procesos de debates son asim\u00e9tricos entre Entre R\u00edos y Santa Fe: en esta \u00faltima provincia hay un plan estrat\u00e9gico y la ciudad se ha dado un proceso de debate m\u00e1s colectivo, dijo. Mientras, en Entre R\u00edos no ha habido nada de eso, asever\u00f3. As\u00ed, propuso que ser\u00eda significativo que se pueda plantear entre ambas Defensor\u00edas un espacio de debate para que intervengan las dos provincias y la comunidad civil sobre una mega obra que tendr\u00eda un impacto estrat\u00e9gico por el corredor bioce\u00e1nico.<\/p>\n<p>Seguidamente, Daniel Verse\u00f1azzi, integrante del Foro Ecologista de Paran\u00e1, volvi\u00f3 sobre el t\u00fanel subfluvial y la necesidad de preservar esa obra. Mencion\u00f3 una recomendaci\u00f3n de los constructores alemanes, quienes habr\u00edan puesto l\u00edmites en el terreno de cubierta de los tubos donde desaconsejan cualquier intervenci\u00f3n. Seg\u00fan los vecinos, si la ejecuci\u00f3n del puente avanzara con la \u00faltima traza (en la zona de la Toma Vieja), la obra tendr\u00eda impacto en el t\u00fanel. En ese sentido, se preguntan si se ha encarado alg\u00fan estudio sobre el posible impacto en el viaducto y tambi\u00e9n en lo concerniente a lo ambiental. Respecto de este \u00faltimo punto, el vecino se explay\u00f3 sobre las consecuencias negativas que tendr\u00eda la emisi\u00f3n de gases de la combusti\u00f3n producida por el tr\u00e1nsito pesado para la poblaci\u00f3n aleda\u00f1a a la ruta, as\u00ed como tambi\u00e9n en los humedales de la zona. Por su parte, Marina Virgilio, habitante de la Toma Vieja, expuso la preocupaci\u00f3n de los ciudadanos del barrio referida al futuro de sus viviendas, muchas de ellas levantadas con cr\u00e9ditos Procrear en plena vigencia. Tambi\u00e9n sobre el reciente tendido del servicio de gas natural, obra solicitada hace a\u00f1os por el vecindario.<\/p>\n<p>Por \u00faltimo, el Defensor Ra\u00fal Lamberto propuso a los vecinos realizar una presentaci\u00f3n por escrito, con la documentaci\u00f3n respaldatoria con que cuente el grupo, ante esa instituci\u00f3n que permita elevar al gobierno provincial de Santa Fe las inquietudes y dudas de inter\u00e9s com\u00fan como son las referidas al posible impacto en el t\u00fanel subfluvial y en los humedales. Asimismo, los vecinos comentaron que vienen reuni\u00e9ndose con funcionarios del gobierno provinciales de Entre R\u00edos, a quienes han comunicado la profunda preocupaci\u00f3n y el pedido para que se reconsidere la traza que cortar\u00eda en dos a la zona de la Toma Vieja.<\/p>\n","protected":false},"excerpt":{"rendered":"<p>El Defensor del Pueblo de la Ciudad de Paran\u00e1, Luis Garay, acompa\u00f1\u00f3 a vecinos, dirigentes sociales y ambientales de la ciudad, preocupados por el proyecto de ejecuci\u00f3n del puente entre Paran\u00e1 y Santa Fe, a una reuni\u00f3n con su par de la Defensor\u00eda del Pueblo de la provincia santafesina, Ra\u00fal Lamberto. El motivo del encuentro [&hellip;]<\/p>\n","protected":false},"author":1,"featured_media":0,"comment_status":"open","ping_status":"open","sticky":false,"template":"","format":"standard","meta":{"om_disable_all_campaigns":false,"_monsterinsights_skip_tracking":false,"_monsterinsights_sitenote_active":false,"_monsterinsights_sitenote_note":"","_monsterinsights_sitenote_category":0},"categories":[1],"tags":[],"_links":{"self":[{"href":"https:\/\/defensoriaparana.com.ar\/index.php\/wp-json\/wp\/v2\/posts\/3205"}],"collection":[{"href":"https:\/\/defensoriaparana.com.ar\/index.php\/wp-json\/wp\/v2\/posts"}],"about":[{"href":"https:\/\/defensoriaparana.com.ar\/index.php\/wp-json\/wp\/v2\/types\/post"}],"author":[{"embeddable":true,"href":"https:\/\/defensoriaparana.com.ar\/index.php\/wp-json\/wp\/v2\/users\/1"}],"replies":[{"embeddable":true,"href":"https:\/\/defensoriaparana.com.ar\/index.php\/wp-json\/wp\/v2\/comments?post=3205"}],"version-history":[{"count":1,"href":"https:\/\/defensoriaparana.com.ar\/index.php\/wp-json\/wp\/v2\/posts\/3205\/revisions"}],"predecessor-version":[{"id":3208,"href":"https:\/\/defensoriaparana.com.ar\/index.php\/wp-json\/wp\/v2\/posts\/3205\/revisions\/3208"}],"wp:attachment":[{"href":"https:\/\/defensoriaparana.com.ar\/index.php\/wp-json\/wp\/v2\/media?parent=3205"}],"wp:term":[{"taxonomy":"category","embeddable":true,"href":"https:\/\/defensoriaparana.com.ar\/index.php\/wp-json\/wp\/v2\/categories?post=3205"},{"taxonomy":"post_tag","embeddable":true,"href":"https:\/\/defensoriaparana.com.ar\/index.php\/wp-json\/wp\/v2\/tags?post=3205"}],"curies":[{"name":"wp","href":"https:\/\/api.w.org\/{rel}","templated":true}]}}