{"id":3207,"date":"2018-04-02T23:58:15","date_gmt":"2018-04-02T23:58:15","guid":{"rendered":"http:\/\/defensoriaparana.com.ar\/?p=3207"},"modified":"2022-08-26T00:07:41","modified_gmt":"2022-08-26T00:07:41","slug":"hoy-se-realiza-la-audiencia-publica-para-elegir-la-coordinadora-del-centro-de-mediacion","status":"publish","type":"post","link":"https:\/\/defensoriaparana.com.ar\/index.php\/2018\/04\/02\/hoy-se-realiza-la-audiencia-publica-para-elegir-la-coordinadora-del-centro-de-mediacion\/","title":{"rendered":"Hoy se realiza la audiencia p\u00fablica para elegir la coordinadora del Centro de Mediaci\u00f3n"},"content":{"rendered":"<p>A \u00a0partir de las 13.30 de este mi\u00e9rcoles, se realizar\u00e1 la audiencia p\u00fablica prevista en el marco de la elecci\u00f3n de la pr\u00f3xima titular de la Coordinaci\u00f3n del Centro de Mediaci\u00f3n de la Defensor\u00eda del Pueblo de la Ciudad de Paran\u00e1. El procedimiento se enmarca en un llamado a Concurso de Antecedentes y Oposici\u00f3n que tuvo su inicio en febrero, con la apertura de la n\u00f3mina de aspirantes.<\/p>\n<p>La convocatoria a audiencia p\u00fablica fue dispuesta por la Presidencia del Concejo Deliberante, instituci\u00f3n que lleva adelante el proceso\u00a0 de acuerdo a lo dispuesto por la ordenanza 8.391, de creaci\u00f3n de la Defensor\u00eda del Pueblo en Paran\u00e1, y contempla la presentaci\u00f3n de dos postulantes quienes expondr\u00e1n a lo largo de media hora cada una un proyecto de trabajo para el Centro. Se trata de Irina Chausovsky, actual coordinadora del Centro de Mediaci\u00f3n designada a trav\u00e9s del mismo mecanismo en 2012, y Claudia Manfroni.\u00a0 Ambas son abogadas y mediadoras.<\/p>\n<p>Los integrantes del jurado quedaron designados mediante el decreto N\u00ba 59 de la presidencia del Concejo, recayendo el nombramiento en los mediadores Nora Cattaneo (Directora del Consejo de Mediaci\u00f3n, Conciliaci\u00f3n y Arbitraje de la Defensor\u00eda del Pueblo de la Ciudad de Buenos Aires), Miriam Markus (capacitadora de la Direcci\u00f3n Nacional de Mediaci\u00f3n dependiente del Ministerio de Justicia y Derechos Humanos de la Naci\u00f3n) y V\u00edctor Jorge Jaef (Director del Centro de Mediaci\u00f3n Rosario, de la Defensor\u00eda del Pueblo de la Provincia de Santa Fe), profesionales de vasta trayectoria a nivel nacional en la materia. En tanto, la Defensor\u00eda del Pueblo participar\u00e1 a trav\u00e9s de un representante en car\u00e1cter de veedor. Tambi\u00e9n lo har\u00e1n el Secretario del Concejo Deliberante en representaci\u00f3n de la presidencia del Cuerpo y el Secretario de Derechos Humanos de la Municipalidad de Paran\u00e1, de acuerdo al art\u00edculo 12 del reglamento de Concurso.<\/p>\n<p>Las audiencias son p\u00fablicas y se realizar\u00e1n en \u00e1mbitos del Concejo Deliberante. A las 13.30 est\u00e1 previsto que exponga Irina Chausovsky y a las 14, Claudia Manfroni.<\/p>\n<p>El viernes 9 de marzo, luego de un mes de iniciada la convocatoria, termin\u00f3 el plazo de inscripci\u00f3n al concurso de antecedentes y oposici\u00f3n con dos aspirantes. El llamado conllev\u00f3 etapas que incluyeron la presentaci\u00f3n de antecedentes y un proyecto de trabajo, designaci\u00f3n del jurado y la exposici\u00f3n de objetivos y propuestas por parte de las postulantes: esta instancia se desarrollar\u00e1 este mi\u00e9rcoles.<\/p>\n<p>En cuanto a la \u00faltima etapa del proceso y la evaluaci\u00f3n, el art\u00edculo 20 del reglamento del Concurso establece que el jurado otorgar\u00e1 el 50% del puntaje a los antecedentes y el 50% a la propuesta y defensa de \u00e9sta. Tendr\u00e1 un plazo de tres d\u00eda h\u00e1biles posteriores a su constituci\u00f3n para emitir un dictamen fundado (art.21) y ser\u00e1 la instancia de la oposici\u00f3n la que completar\u00e1 el juicio del jurado sobre la propuesta presentada, luego de la evaluaci\u00f3n de los antecedentes realizada previamente (art. 18).<\/p>\n<p>El Centro de la Defensor\u00eda del Pueblo de Paran\u00e1 cumplir\u00e1 en noviembre quince a\u00f1os de existencia, tiempo en el que ha conseguido reconocimiento local, tambi\u00e9n nacional y hasta internacional por su trabajo en mediaci\u00f3n comunitaria.<\/p>\n","protected":false},"excerpt":{"rendered":"<p>A \u00a0partir de las 13.30 de este mi\u00e9rcoles, se realizar\u00e1 la audiencia p\u00fablica prevista en el marco de la elecci\u00f3n de la pr\u00f3xima titular de la Coordinaci\u00f3n del Centro de Mediaci\u00f3n de la Defensor\u00eda del Pueblo de la Ciudad de Paran\u00e1. El procedimiento se enmarca en un llamado a Concurso de Antecedentes y Oposici\u00f3n que [&hellip;]<\/p>\n","protected":false},"author":1,"featured_media":0,"comment_status":"open","ping_status":"open","sticky":false,"template":"","format":"standard","meta":{"om_disable_all_campaigns":false,"_monsterinsights_skip_tracking":false,"_monsterinsights_sitenote_active":false,"_monsterinsights_sitenote_note":"","_monsterinsights_sitenote_category":0},"categories":[1],"tags":[],"_links":{"self":[{"href":"https:\/\/defensoriaparana.com.ar\/index.php\/wp-json\/wp\/v2\/posts\/3207"}],"collection":[{"href":"https:\/\/defensoriaparana.com.ar\/index.php\/wp-json\/wp\/v2\/posts"}],"about":[{"href":"https:\/\/defensoriaparana.com.ar\/index.php\/wp-json\/wp\/v2\/types\/post"}],"author":[{"embeddable":true,"href":"https:\/\/defensoriaparana.com.ar\/index.php\/wp-json\/wp\/v2\/users\/1"}],"replies":[{"embeddable":true,"href":"https:\/\/defensoriaparana.com.ar\/index.php\/wp-json\/wp\/v2\/comments?post=3207"}],"version-history":[{"count":1,"href":"https:\/\/defensoriaparana.com.ar\/index.php\/wp-json\/wp\/v2\/posts\/3207\/revisions"}],"predecessor-version":[{"id":3210,"href":"https:\/\/defensoriaparana.com.ar\/index.php\/wp-json\/wp\/v2\/posts\/3207\/revisions\/3210"}],"wp:attachment":[{"href":"https:\/\/defensoriaparana.com.ar\/index.php\/wp-json\/wp\/v2\/media?parent=3207"}],"wp:term":[{"taxonomy":"category","embeddable":true,"href":"https:\/\/defensoriaparana.com.ar\/index.php\/wp-json\/wp\/v2\/categories?post=3207"},{"taxonomy":"post_tag","embeddable":true,"href":"https:\/\/defensoriaparana.com.ar\/index.php\/wp-json\/wp\/v2\/tags?post=3207"}],"curies":[{"name":"wp","href":"https:\/\/api.w.org\/{rel}","templated":true}]}}