{"id":3212,"date":"2017-10-26T21:14:18","date_gmt":"2017-10-26T21:14:18","guid":{"rendered":"http:\/\/defensoriaparana.com.ar\/?p=3212"},"modified":"2022-08-26T21:15:10","modified_gmt":"2022-08-26T21:15:10","slug":"la-defensoria-de-parana-representara-a-instituciones-del-pais-ante-la-fio","status":"publish","type":"post","link":"https:\/\/defensoriaparana.com.ar\/index.php\/2017\/10\/26\/la-defensoria-de-parana-representara-a-instituciones-del-pais-ante-la-fio\/","title":{"rendered":"La Defensor\u00eda de Paran\u00e1 representar\u00e1 a instituciones del pa\u00eds ante la FIO"},"content":{"rendered":"<p>El Defensor del Pueblo de la Ciudad de Paran\u00e1, Luis Garay, fue elegido por sus pares parar representar a las Defensor\u00edas del Pueblo municipales de Argentina ante la Federaci\u00f3n Iberoamericana del Ombudsman (FIO), organizaci\u00f3n dedicada a promover la cooperaci\u00f3n, el intercambio de experiencias, la promoci\u00f3n, difusi\u00f3n y fortalecimiento de la instituci\u00f3n.<\/p>\n<p>La designaci\u00f3n fue por el voto un\u00e1nime de los integrantes de la Asociaci\u00f3n de Defensores del Pueblo de la Rep\u00fablica Argentina (Adpra), en el marco de la renovaci\u00f3n de la comisi\u00f3n directiva de la organizaci\u00f3n que aglutina a m\u00e1s de cuarenta instituciones del pa\u00eds.<\/p>\n<p>En la presidencia de Adpra fue reelegido Alejandro Amor, Defensor del Pueblo de Ciudad de Buenos Aires, quien desempe\u00f1a el cargo desde noviembre de 2015, cuando Luis Garay fue electo vicepresidente segundo de la Asociaci\u00f3n.<\/p>\n<p>En esta oportunidad, el Defensor de Paran\u00e1 fue designado en la nueva funci\u00f3n a propuesta de las Defensor\u00edas de Santa Fe y de R\u00edo Negro. En tanto, Ra\u00fal Lamberto, titular de la instituci\u00f3n santafesina, representar\u00e1 a Defensor\u00edas provinciales ante la FIO.<\/p>\n<p>La Federaci\u00f3n Iberoamericana de Ombudsman es una agrupaci\u00f3n que, constituida en Cartagena de Indias (Colombia) en 1995, re\u00fane a Defensores del Pueblo, Procuradores, Proveedores, Raonadores (Razonador), Comisionados y Presidentes de Comisiones P\u00fablicas de Derechos Humanos de los pa\u00edses iberoamericanos de los \u00e1mbitos nacional, estatal, regional, auton\u00f3mico.<\/p>\n<p>Los ombudsman -Defensores del Pueblo en Am\u00e9rica del Sur- \u201ctienen la misi\u00f3n de proteger los derechos constitucionales y fundamentales de la persona y de la comunidad; supervisar el cumplimiento de los deberes de la administraci\u00f3n del Estado y la prestaci\u00f3n de los servicios p\u00fablicos a la poblaci\u00f3n. Defienden y promueven los derechos humanos. Para ello el o la titular de la instituci\u00f3n goza de total independencia para el cumplimiento de las funciones que la Constituci\u00f3n le confiere\u201d, consigna la p\u00e1gina oficial de la FIO.<\/p>\n<p>La comisi\u00f3n directiva de Adpra, presidida por Amor,\u00a0 qued\u00f3 constituida por Fernando Juri Debo, Defensor de Tucum\u00e1n, en la vicepresidencia primera; H\u00e9ctor Simionati, Defensor del Pueblo de Chubut, en la vicepresidencia segunda y en la tercera, Ismael Rins, Defensor del Pueblo de R\u00edo Cuarto. En la secretar\u00eda fue reelegida Roc\u00edo Fern\u00e1ndez, Defensora del Pueblo de Escobar \u00a0y Javier Rodr\u00edguez, Defensor de los Vecinos de Corrientes, como tesorero.<\/p>\n<p>En la reuni\u00f3n, realizada en Buenos Aires, los Defensores votaron tambi\u00e9n consejeros que se ocupan de distintos temas espec\u00edficos (ni\u00f1ez, mediaci\u00f3n, entre otros). La Defensor\u00eda de Paran\u00e1 fue electa para hacerse cargo de las relaciones institucionales.\u00a0 Tambi\u00e9n se puso a consideraci\u00f3n de los presentes el acta constitutiva de la organizaci\u00f3n cuya denominaci\u00f3n se modific\u00f3 y ser\u00e1 Asociaci\u00f3n de Defensores y Defensoras de la Rep\u00fablica Argentina.<\/p>\n<p>&nbsp;<\/p>\n","protected":false},"excerpt":{"rendered":"<p>El Defensor del Pueblo de la Ciudad de Paran\u00e1, Luis Garay, fue elegido por sus pares parar representar a las Defensor\u00edas del Pueblo municipales de Argentina ante la Federaci\u00f3n Iberoamericana del Ombudsman (FIO), organizaci\u00f3n dedicada a promover la cooperaci\u00f3n, el intercambio de experiencias, la promoci\u00f3n, difusi\u00f3n y fortalecimiento de la instituci\u00f3n. La designaci\u00f3n fue por [&hellip;]<\/p>\n","protected":false},"author":1,"featured_media":0,"comment_status":"open","ping_status":"open","sticky":false,"template":"","format":"standard","meta":{"om_disable_all_campaigns":false,"_monsterinsights_skip_tracking":false,"_monsterinsights_sitenote_active":false,"_monsterinsights_sitenote_note":"","_monsterinsights_sitenote_category":0},"categories":[1],"tags":[],"_links":{"self":[{"href":"https:\/\/defensoriaparana.com.ar\/index.php\/wp-json\/wp\/v2\/posts\/3212"}],"collection":[{"href":"https:\/\/defensoriaparana.com.ar\/index.php\/wp-json\/wp\/v2\/posts"}],"about":[{"href":"https:\/\/defensoriaparana.com.ar\/index.php\/wp-json\/wp\/v2\/types\/post"}],"author":[{"embeddable":true,"href":"https:\/\/defensoriaparana.com.ar\/index.php\/wp-json\/wp\/v2\/users\/1"}],"replies":[{"embeddable":true,"href":"https:\/\/defensoriaparana.com.ar\/index.php\/wp-json\/wp\/v2\/comments?post=3212"}],"version-history":[{"count":1,"href":"https:\/\/defensoriaparana.com.ar\/index.php\/wp-json\/wp\/v2\/posts\/3212\/revisions"}],"predecessor-version":[{"id":3215,"href":"https:\/\/defensoriaparana.com.ar\/index.php\/wp-json\/wp\/v2\/posts\/3212\/revisions\/3215"}],"wp:attachment":[{"href":"https:\/\/defensoriaparana.com.ar\/index.php\/wp-json\/wp\/v2\/media?parent=3212"}],"wp:term":[{"taxonomy":"category","embeddable":true,"href":"https:\/\/defensoriaparana.com.ar\/index.php\/wp-json\/wp\/v2\/categories?post=3212"},{"taxonomy":"post_tag","embeddable":true,"href":"https:\/\/defensoriaparana.com.ar\/index.php\/wp-json\/wp\/v2\/tags?post=3212"}],"curies":[{"name":"wp","href":"https:\/\/api.w.org\/{rel}","templated":true}]}}