{"id":3213,"date":"2017-10-20T21:14:19","date_gmt":"2017-10-20T21:14:19","guid":{"rendered":"http:\/\/defensoriaparana.com.ar\/?p=3213"},"modified":"2022-08-26T21:15:27","modified_gmt":"2022-08-26T21:15:27","slug":"la-defensoria-participa-del-seminario-sobre-gestion-de-conflictos-socioambientales","status":"publish","type":"post","link":"https:\/\/defensoriaparana.com.ar\/index.php\/2017\/10\/20\/la-defensoria-participa-del-seminario-sobre-gestion-de-conflictos-socioambientales\/","title":{"rendered":"La Defensor\u00eda participa del seminario sobre Gesti\u00f3n de Conflictos Socioambientales"},"content":{"rendered":"<p>El Defensor del Pueblo de la Ciudad de Paran\u00e1, Luis Garay, y la Coordinadora del Centro de Mediaci\u00f3n Comunitaria de la instituci\u00f3n, Irina Chausovsky, participan del seminario sobre Gesti\u00f3n de Conflictos Socioambientales que comenz\u00f3 la semana pasada y finalizar\u00e1 en diciembre pr\u00f3ximo.<\/p>\n<p>La Defensor\u00eda del Pueblo de Paran\u00e1 es una de las instituciones que acompa\u00f1a la concreci\u00f3n de la actividad, impulsada por la Fundaci\u00f3n Eco Urbano. Lo hace en vista de que la tem\u00e1tica tiene un gran valor para la instituci\u00f3n debido a que recibe con frecuencia planteos relacionados a situaciones (emprendimientos, obras, etc\u00e9tera) con impacto en el medioambiente y en la vida diaria de vecinos. La mayor\u00eda de los casos son atendidos con la participaci\u00f3n del Centro de Mediaci\u00f3n. Justamente, entre los disertantes estar\u00e1 Irina Chausovsky , refiri\u00e9ndose a\u00a0<em>El rol de los \u201cterceros\u201d en las plataformas de articulaci\u00f3n intersectorial.\u00a0<\/em>Ser\u00e1 en el encuentro previsto para noviembre.<\/p>\n<p>&nbsp;<\/p>\n<div id=\"attachment_4749\" class=\"wp-caption alignleft\"><a href=\"http:\/\/www.defensoriaparana.gov.ar\/?attachment_id=4749\" rel=\"attachment wp-att-4749\"><img loading=\"lazy\" class=\"size-medium wp-image-4749\" title=\"verde1\" src=\"http:\/\/www.defensoriaparana.gov.ar\/wp-content\/uploads\/verde1-300x168.jpg\" sizes=\"(max-width: 300px) 100vw, 300px\" srcset=\"https:\/\/www.defensoriaparana.gov.ar\/wp-content\/uploads\/verde1-300x168.jpg 300w, https:\/\/www.defensoriaparana.gov.ar\/wp-content\/uploads\/verde1-1024x574.jpg 1024w, https:\/\/www.defensoriaparana.gov.ar\/wp-content\/uploads\/verde1-170x95.jpg 170w, https:\/\/www.defensoriaparana.gov.ar\/wp-content\/uploads\/verde1-284x159.jpg 284w, https:\/\/www.defensoriaparana.gov.ar\/wp-content\/uploads\/verde1.jpg 1280w\" alt=\"\" width=\"300\" height=\"168\" \/><\/a><\/p>\n<p class=\"wp-caption-text\">Acto de apertura del seminario, en el sal\u00f3n de la Facultad de Ciencias Econ\u00f3micas.<\/p>\n<\/div>\n<p>El acto de apertura fue el jueves 28 de septiembre en el sal\u00f3n de la Facultad de Ciencias Econ\u00f3micas de la Universidad Nacional de Entre R\u00edos (UNER) con la presencia de asistentes provenientes de distintos sectores, reuniendo a estudiantes, profesionales, funcionarios, integrantes de distintas organizaciones y p\u00fablico en general, tanto de Paran\u00e1 como de otras localidades de la provincia. Entre los presentes se destaca el grupo de mediadores comunitarios que participa de la propuesta, \u00a0cuya duraci\u00f3n suma 48 horas distribuidas en 12 jornadas.\u00a0 Abrieron el acto el Decano de la Facultad de Ciencias Econ\u00f3micas, Cr. Andr\u00e9s Sabella, y\u00a0\u00a0Juliana Robledo, coordinadora del seminario e integrante de Eco Urbano.<\/p>\n<p>La iniciativa cuenta con el aporte de profesionales especialistas en la tem\u00e1tica y con reconocida experiencia en pol\u00edticas p\u00fablicas, intervenci\u00f3n y capacitaci\u00f3n en casos de conflictos socioambientales en Am\u00e9rica Latina y en nuestra regi\u00f3n.\u00a0 En la apertura, que fue libre a todo p\u00fablico, estuvieron el Dr. Alejandro Nat\u00f3, \u00a0Coordinador de la Oficina de Gesti\u00f3n de Conflictos del Defensor del Pueblo de la Naci\u00f3n, quien se refiri\u00f3 \u00a0a las\u00a0<em>Tendencias de la Conflictividad en el escenario urbano y nuevos abordaje,\u00a0<\/em>y el Ing. Enrique Mihura, Director del Programa Ambiente y Sociedad de la Universidad Nacional del Litoral (UNL), quien abord\u00f3\u00a0<em>los Desaf\u00edos ambientales en la integraci\u00f3n regional.<\/em><\/p>\n<p>Luego, ambos profesionales iniciaron formalmente el seminario con los siguientes temas: \u00a0\u00a0<em>Teor\u00eda del Desarrollo Sustentable y presentaci\u00f3n de casos de Microrregi\u00f3n<\/em>, desarrollado por Mihura; y\u00a0<em>Gobernabilidad en un marco de creciente conflictividad. Condiciones para una intervenci\u00f3n constructiva. El rol de los medios<\/em>, por Nat\u00f3.<\/p>\n<p>Cabe recordar que el objetivo del seminario consiste en aportar herramientas y nuevos marcos te\u00f3ricos para repensar los conflictos ambientales con el fin de procesarlos de una manera constructiva y preventiva. La actividad parte del hecho de que los conflictos de tipo socioambiental han ido en incremento en los \u00faltimos a\u00f1os en Am\u00e9rica Latina en general, panorama que incluye nuestro pa\u00eds y a esta provincia en particular.<\/p>\n<p>El alcance del seminario radica en acercar a los participantes\u00a0 conceptos, enfoques y procesos usados actualmente para el abordaje y transformaci\u00f3n de conflictos socioambientales y brindar herramientas que contribuyan a una gesti\u00f3n m\u00e1s constructiva de las tensiones presentes en el desarrollo a nivel local o regional.<\/p>\n<p><strong>Los encuentros pr\u00f3ximos<\/strong><\/p>\n<p>El segundo encuentro ser\u00e1 el 6 y 7 de octubre; seguir\u00e1 el 20 y 21 de octubre; luego est\u00e1 previsto para el 3 y 4 de noviembre; la quinta reuni\u00f3n ser\u00e1 el 17 y 18 de noviembre y la \u00faltima, el 1 y 2 de diciembre.<\/p>\n<p>La iniciativa de la Fundaci\u00f3n Eco Urbano cuenta con el apoyo de las siguientes instituciones p\u00fablicas y privadas: Vicegobernaci\u00f3n de Entre R\u00edos, Ministerio de Gobierno y Justicia de Entre R\u00edos, Consejo Empresario de Entre R\u00edos (CEER), Facultad de Ciencias Econ\u00f3micas de la Universidad Nacional de Entre R\u00edos (UNER), El Programa de Sociedad y Ambiente de la Universidad Nacional del Litoral (UNL), y la Defensor\u00eda del Pueblo de la ciudad de Paran\u00e1.<\/p>\n","protected":false},"excerpt":{"rendered":"<p>El Defensor del Pueblo de la Ciudad de Paran\u00e1, Luis Garay, y la Coordinadora del Centro de Mediaci\u00f3n Comunitaria de la instituci\u00f3n, Irina Chausovsky, participan del seminario sobre Gesti\u00f3n de Conflictos Socioambientales que comenz\u00f3 la semana pasada y finalizar\u00e1 en diciembre pr\u00f3ximo. La Defensor\u00eda del Pueblo de Paran\u00e1 es una de las instituciones que acompa\u00f1a [&hellip;]<\/p>\n","protected":false},"author":1,"featured_media":0,"comment_status":"open","ping_status":"open","sticky":false,"template":"","format":"standard","meta":{"om_disable_all_campaigns":false,"_monsterinsights_skip_tracking":false,"_monsterinsights_sitenote_active":false,"_monsterinsights_sitenote_note":"","_monsterinsights_sitenote_category":0},"categories":[1],"tags":[],"_links":{"self":[{"href":"https:\/\/defensoriaparana.com.ar\/index.php\/wp-json\/wp\/v2\/posts\/3213"}],"collection":[{"href":"https:\/\/defensoriaparana.com.ar\/index.php\/wp-json\/wp\/v2\/posts"}],"about":[{"href":"https:\/\/defensoriaparana.com.ar\/index.php\/wp-json\/wp\/v2\/types\/post"}],"author":[{"embeddable":true,"href":"https:\/\/defensoriaparana.com.ar\/index.php\/wp-json\/wp\/v2\/users\/1"}],"replies":[{"embeddable":true,"href":"https:\/\/defensoriaparana.com.ar\/index.php\/wp-json\/wp\/v2\/comments?post=3213"}],"version-history":[{"count":1,"href":"https:\/\/defensoriaparana.com.ar\/index.php\/wp-json\/wp\/v2\/posts\/3213\/revisions"}],"predecessor-version":[{"id":3216,"href":"https:\/\/defensoriaparana.com.ar\/index.php\/wp-json\/wp\/v2\/posts\/3213\/revisions\/3216"}],"wp:attachment":[{"href":"https:\/\/defensoriaparana.com.ar\/index.php\/wp-json\/wp\/v2\/media?parent=3213"}],"wp:term":[{"taxonomy":"category","embeddable":true,"href":"https:\/\/defensoriaparana.com.ar\/index.php\/wp-json\/wp\/v2\/categories?post=3213"},{"taxonomy":"post_tag","embeddable":true,"href":"https:\/\/defensoriaparana.com.ar\/index.php\/wp-json\/wp\/v2\/tags?post=3213"}],"curies":[{"name":"wp","href":"https:\/\/api.w.org\/{rel}","templated":true}]}}