{"id":3218,"date":"2017-05-26T21:15:47","date_gmt":"2017-05-26T21:15:47","guid":{"rendered":"http:\/\/defensoriaparana.com.ar\/?p=3218"},"modified":"2022-08-26T21:16:59","modified_gmt":"2022-08-26T21:16:59","slug":"el-defensor-garay-repudio-el-fallo-del-2x1-y-lo-considero-un-retroceso-muy-importante","status":"publish","type":"post","link":"https:\/\/defensoriaparana.com.ar\/index.php\/2017\/05\/26\/el-defensor-garay-repudio-el-fallo-del-2x1-y-lo-considero-un-retroceso-muy-importante\/","title":{"rendered":"El Defensor Garay repudi\u00f3 el fallo del 2\u00d71 y lo consider\u00f3 \u201cun retroceso muy importante\u201d"},"content":{"rendered":"<p>El Defensor del Pueblo de la Ciudad de Paran\u00e1, Luis Garay, particip\u00f3 de la manifestaci\u00f3n masiva que se realiz\u00f3 el mi\u00e9rcoles<strong>\u00a0<\/strong>en la Plaza 1\u00ba de Mayo de Paran\u00e1, en repudio al fallo de la Corte Suprema de Justicia de la Naci\u00f3n (CSJN) que proporcion\u00f3 el 2\u00d71 a un represor de la \u00faltima dictadura c\u00edvico militar de Argentina.<\/p>\n<p>\u201cSiento verg\u00fcenza ajena, no solamente como Defensor sino como ciudadano. Me parece que ha sido un retroceso muy importante en las pol\u00edticas de derechos humanos que han sido ejemplo en el mundo durante los \u00faltimos a\u00f1os. Hoy nos miran con otros ojos. Yo no lo llamo un error, creo que ha sido totalmente preparado por los tres integrantes de la Corte, por eso creo que al margen de que est\u00e9 la ley (en relaci\u00f3n a la norma aprobada el mi\u00e9rcoles por la Legislatura nacional), que ha salido y es un triunfo de la democracia y de la reacci\u00f3n que suele tener la ciudadan\u00eda ante las injusticias, entiendo que esto tiene que tener otro tipo de castigo. Nosotros, como Asociaci\u00f3n de Defensores, nos presentamos ma\u00f1ana ante la Corte Interamericana de Derechos Humanos pidiendo que se revea el fallo\u201d, dijo en declaraciones a El Diario.<\/p>\n<p>Cabe recordar que la Asociaci\u00f3n de Defensores del Pueblo de la Rep\u00fablica Argentina (Adpra) se expidi\u00f3 mediante un documento, emitido durante el II Plenario realizado el jueves y viernes de la semana pasada en Vicente L\u00f3pez, Buenos Aires. Los Defensores repudiaron el fallo por considerarlo un profundo retroceso en materia de derechos humanos.<\/p>\n<p>\u201cComo instituciones de Derechos Humanos nos preocupa la interpretaci\u00f3n que plasma el fallo de la Corte Suprema de Justicia de la Naci\u00f3n porque resulta contrario a las pol\u00edticas y a la defensa de los derechos humanos sustentadas hasta el presente.<br \/>\nEl voto de Elena Highton de Nolasco, Carlos Rosenkrantz y Horacio Rosatti que decide el fallo de la CSJN constituye un retroceso y el camino hacia la consagraci\u00f3n de la impunidad en delitos de lesa humanidad. Es una decisi\u00f3n pol\u00edtica que expone a la Argentina en su pol\u00edtica de derechos humanos y la coloca en una situaci\u00f3n internacional comprometida y vergonzosa\u201d, consigna una parte del documento.<\/p>\n<p>&nbsp;<\/p>\n<div id=\"attachment_4363\" class=\"wp-caption alignleft\"><a href=\"http:\/\/www.defensoriaparana.gov.ar\/?attachment_id=4363\" rel=\"attachment wp-att-4363\"><img loading=\"lazy\" class=\"size-medium wp-image-4363\" title=\"def1\" src=\"http:\/\/www.defensoriaparana.gov.ar\/wp-content\/uploads\/def11-300x200.jpg\" sizes=\"(max-width: 300px) 100vw, 300px\" srcset=\"https:\/\/www.defensoriaparana.gov.ar\/wp-content\/uploads\/def11-300x200.jpg 300w, https:\/\/www.defensoriaparana.gov.ar\/wp-content\/uploads\/def11-170x113.jpg 170w, https:\/\/www.defensoriaparana.gov.ar\/wp-content\/uploads\/def11-284x189.jpg 284w, https:\/\/www.defensoriaparana.gov.ar\/wp-content\/uploads\/def11-135x90.jpg 135w, https:\/\/www.defensoriaparana.gov.ar\/wp-content\/uploads\/def11.jpg 831w\" alt=\"\" width=\"300\" height=\"200\" \/><\/a><\/p>\n<p class=\"wp-caption-text\">La manifestaci\u00f3n se realiz\u00f3 en la Plaza 1\u00ba de Mayo. Gentileza El Diario.<\/p>\n<\/div>\n<p>&nbsp;<\/p>\n","protected":false},"excerpt":{"rendered":"<p>El Defensor del Pueblo de la Ciudad de Paran\u00e1, Luis Garay, particip\u00f3 de la manifestaci\u00f3n masiva que se realiz\u00f3 el mi\u00e9rcoles\u00a0en la Plaza 1\u00ba de Mayo de Paran\u00e1, en repudio al fallo de la Corte Suprema de Justicia de la Naci\u00f3n (CSJN) que proporcion\u00f3 el 2\u00d71 a un represor de la \u00faltima dictadura c\u00edvico militar [&hellip;]<\/p>\n","protected":false},"author":1,"featured_media":0,"comment_status":"open","ping_status":"open","sticky":false,"template":"","format":"standard","meta":{"om_disable_all_campaigns":false,"_monsterinsights_skip_tracking":false,"_monsterinsights_sitenote_active":false,"_monsterinsights_sitenote_note":"","_monsterinsights_sitenote_category":0},"categories":[1],"tags":[],"_links":{"self":[{"href":"https:\/\/defensoriaparana.com.ar\/index.php\/wp-json\/wp\/v2\/posts\/3218"}],"collection":[{"href":"https:\/\/defensoriaparana.com.ar\/index.php\/wp-json\/wp\/v2\/posts"}],"about":[{"href":"https:\/\/defensoriaparana.com.ar\/index.php\/wp-json\/wp\/v2\/types\/post"}],"author":[{"embeddable":true,"href":"https:\/\/defensoriaparana.com.ar\/index.php\/wp-json\/wp\/v2\/users\/1"}],"replies":[{"embeddable":true,"href":"https:\/\/defensoriaparana.com.ar\/index.php\/wp-json\/wp\/v2\/comments?post=3218"}],"version-history":[{"count":1,"href":"https:\/\/defensoriaparana.com.ar\/index.php\/wp-json\/wp\/v2\/posts\/3218\/revisions"}],"predecessor-version":[{"id":3222,"href":"https:\/\/defensoriaparana.com.ar\/index.php\/wp-json\/wp\/v2\/posts\/3218\/revisions\/3222"}],"wp:attachment":[{"href":"https:\/\/defensoriaparana.com.ar\/index.php\/wp-json\/wp\/v2\/media?parent=3218"}],"wp:term":[{"taxonomy":"category","embeddable":true,"href":"https:\/\/defensoriaparana.com.ar\/index.php\/wp-json\/wp\/v2\/categories?post=3218"},{"taxonomy":"post_tag","embeddable":true,"href":"https:\/\/defensoriaparana.com.ar\/index.php\/wp-json\/wp\/v2\/tags?post=3218"}],"curies":[{"name":"wp","href":"https:\/\/api.w.org\/{rel}","templated":true}]}}