{"id":3221,"date":"2017-04-05T21:15:49","date_gmt":"2017-04-05T21:15:49","guid":{"rendered":"http:\/\/defensoriaparana.com.ar\/?p=3221"},"modified":"2022-08-26T21:17:36","modified_gmt":"2022-08-26T21:17:36","slug":"los-defensores-del-pueblo-del-pais-repudian-el-fallo-de-la-corte-por-el-2x1","status":"publish","type":"post","link":"https:\/\/defensoriaparana.com.ar\/index.php\/2017\/04\/05\/los-defensores-del-pueblo-del-pais-repudian-el-fallo-de-la-corte-por-el-2x1\/","title":{"rendered":"Los Defensores del Pueblo del pa\u00eds repudian el fallo de la Corte por el 2\u00d71"},"content":{"rendered":"<p>Tras el fallo emitido por la Corte Suprema de Justicia de la Naci\u00f3n que declar\u00f3 aplicable la Ley 24.390 \u2013conocida como 2\u00d71\u2013, que estuvo vigente entre los a\u00f1os 1994 y 2001, en un caso de delitos de lesa humanidad, los Defensores del Pueblo del pa\u00eds emitieron un comunicado rechaz\u00e1ndolo en duros t\u00e9rminos. El escrito fue elaborado en el\u00a0marco de la Asociaci\u00f3n que nuclea a unas cuarenta instituciones. \u00a0A continuaci\u00f3n, el texto:<\/p>\n<p><a href=\"http:\/\/www.defensoriaparana.gov.ar\/?attachment_id=4349\" rel=\"attachment wp-att-4349\"><img loading=\"lazy\" class=\"alignleft size-medium wp-image-4349\" title=\"adpra-corte\" src=\"http:\/\/www.defensoriaparana.gov.ar\/wp-content\/uploads\/adpra-corte1-300x300.png\" sizes=\"(max-width: 300px) 100vw, 300px\" srcset=\"https:\/\/www.defensoriaparana.gov.ar\/wp-content\/uploads\/adpra-corte1-300x300.png 300w, https:\/\/www.defensoriaparana.gov.ar\/wp-content\/uploads\/adpra-corte1-150x150.png 150w, https:\/\/www.defensoriaparana.gov.ar\/wp-content\/uploads\/adpra-corte1-32x32.png 32w, https:\/\/www.defensoriaparana.gov.ar\/wp-content\/uploads\/adpra-corte1-170x170.png 170w, https:\/\/www.defensoriaparana.gov.ar\/wp-content\/uploads\/adpra-corte1-284x284.png 284w, https:\/\/www.defensoriaparana.gov.ar\/wp-content\/uploads\/adpra-corte1.png 480w\" alt=\"\" width=\"300\" height=\"300\" \/><\/a>\u201cLa Asociaci\u00f3n de Defensores y Defensoras del Pueblo de la Rep\u00fablica Argentina (Adpra) no puede guardar silencio tras el fallo de la Corte Suprema de Justicia de la Naci\u00f3n, ante la magnitud de sus consecuencias en relaci\u00f3n con la lucha por los derechos humanos en Argentina y la persecuci\u00f3n de los delitos de lesa humanidad.<br \/>\nComo instituciones de Derechos Humanos nos preocupa la interpretaci\u00f3n que plasma el fallo de la Corte Suprema de Justicia de la Naci\u00f3n porque resulta contrario a las pol\u00edticas y a la defensa de los derechos humanos sustentadas hasta el presente.<br \/>\nEl voto de Elena Highton de Nolasco, Carlos Rosenkrantz y Horacio Rosatti que decide el fallo de la CSJN constituye un retroceso y el camino hacia la consagraci\u00f3n de la impunidad en delitos de lesa humanidad. Es una decisi\u00f3n pol\u00edtica que expone a la Argentina en su pol\u00edtica de derechos humanos y la coloca en una situaci\u00f3n internacional comprometida y vergonzosa.<br \/>\nTomando palabras del constitucionalista Andr\u00e9s Gil Dom\u00ednguez y del voto disidente de los jueces Juan Carlos Maqueda y Ricardo Lorenzetti, existen diferencias estructurales entre los delitos ordinarios y los de lesa humanidad. Estos \u00faltimos no son susceptibles de amnist\u00eda, indulto o conmutaci\u00f3n de la pena, son imprescriptibles y pueden ser juzgados en cualquier momento con el objeto de evitar la impunidad que impide una real reparaci\u00f3n de las v\u00edctimas del terrorismo de estado. Se desconocen las obligaciones internacionales asumidas ante la comunidad internacional en torno a la protecci\u00f3n de los derechos humanos.<br \/>\nLa renovaci\u00f3n de la Corte trajo aparejado el mayor retroceso en la pol\u00edtica de DD.HH. que, como dice Sabsay \u201ces romper con el principio de progresividad cuando un pa\u00eds ha alcanzado mayores niveles en materia de derechos humanos y retroceder\u201d. Tres votos pol\u00edticos que vulneran el valor justicia y deterioran a la instituci\u00f3n justicia. Tres votos pol\u00edticos que son una ignominia para las v\u00edctimas y para la Argentina en su conjunto. Tres votos que han quedado registrados en la historia como una nueva verg\u00fcenza que festejan los genocidas pero mancillan la memoria la verdad y la justicia. Tres votos pol\u00edticos que reafirman como nunca la convicci\u00f3n de que el punto de partida lo lanz\u00f3 como un grito en nuestra historia Julio Cesar Strassera: \u201cSr. Presidente, Nunca M\u00e1s\u201d y que debemos reafirmar. Recordando siempre que los derechos se conquistan y se defienden. La Argentina los hab\u00eda conquistado. Ahora hay que volverlos a conquistar y defenderlos. Ni un paso atr\u00e1s. Por la memoria de quienes no est\u00e1n. Por el presente del Pueblo Argentino. Por el futuro de la Patria.<br \/>\nDec\u00eda Leopoldo Marechal: \u201cLos pueblos suelen arrojar al mar, botellas con mensaje de esperanza para las generaciones futuras\u201d. El Nunca M\u00e1s y la lucha fueron la botella arrojada al mar como mensaje de esperanza. Tomemos la botella, agarremos el mensaje y recuperemos para la patria la dignidad de la memoria la verdad y la justicia. El mensaje de esperanza para la reconstrucci\u00f3n sin odios ni rencores, pero con la certeza de que Nunca M\u00e1s\u00a0quienes cometieron delitos de lesa humanidad encuentren alguien que les abra la puerta para salir del lugar en el que los hab\u00eda colocado la justicia, con el ejercicio del pleno derecho de defensa que ellos no les permitieron ni les dieron a quienes secuestraron, torturaron y asesinaron desde el aparato de represi\u00f3n m\u00e1s atroz que se conozca: el propio Estado. El garante de la vigencia plena de los derechos.<br \/>\nLos Defensores del Pueblo de la Rep\u00fablica Argentina manifestamos:<br \/>\nNO INDULTO, NO AMNIST\u00cdA Y NO IMPRESCRIPTIBILIDAD DE DELITOS DE LESA HUMANIDAD.<br \/>\nNo hubo dos demonios. Hubo un infierno. Nunca M\u00e1s\u201d.<\/p>\n<p>\u00abS\u00f3lo traer\u00e1 m\u00e1s separaci\u00f3n\u00bb<\/p>\n<p>El documento fue escrito en el marco del II Plenario de Defensores del Pueblo de la Rep\u00fablica Argentina desarrollado entre ayer y hoy (viernes), en Vicente L\u00f3pez, Buenos Aires. El Defensor del Pueblo de la Ciudad de Paran\u00e1, Luis Garay, participa del encuentro en su rol de vicepresidente segundo de Adpra. A los t\u00e9rminos del documento, a\u00f1adi\u00f3 que el fallo es una verg\u00fcenza, puesto que \u00abhabr\u00e1 muchos genocidas caminando nuevamente por las calles\u00bb. Eso, agreg\u00f3 el Defensor, \u00a0\u00abs\u00f3lo traer\u00e1 m\u00e1s separaci\u00f3n en los argentinos que ven burlada la confianza que ven\u00edan teniendo en la justicia que, aunque lentamente, ven\u00eda actuando con un criterio coherente, por lo que \u00e9ramos ejemplo en el mundo en materia de tratamiento de delitos de lesa humanidad\u00bb.<\/p>\n","protected":false},"excerpt":{"rendered":"<p>Tras el fallo emitido por la Corte Suprema de Justicia de la Naci\u00f3n que declar\u00f3 aplicable la Ley 24.390 \u2013conocida como 2\u00d71\u2013, que estuvo vigente entre los a\u00f1os 1994 y 2001, en un caso de delitos de lesa humanidad, los Defensores del Pueblo del pa\u00eds emitieron un comunicado rechaz\u00e1ndolo en duros t\u00e9rminos. El escrito fue [&hellip;]<\/p>\n","protected":false},"author":1,"featured_media":0,"comment_status":"open","ping_status":"open","sticky":false,"template":"","format":"standard","meta":{"om_disable_all_campaigns":false,"_monsterinsights_skip_tracking":false,"_monsterinsights_sitenote_active":false,"_monsterinsights_sitenote_note":"","_monsterinsights_sitenote_category":0},"categories":[1],"tags":[],"_links":{"self":[{"href":"https:\/\/defensoriaparana.com.ar\/index.php\/wp-json\/wp\/v2\/posts\/3221"}],"collection":[{"href":"https:\/\/defensoriaparana.com.ar\/index.php\/wp-json\/wp\/v2\/posts"}],"about":[{"href":"https:\/\/defensoriaparana.com.ar\/index.php\/wp-json\/wp\/v2\/types\/post"}],"author":[{"embeddable":true,"href":"https:\/\/defensoriaparana.com.ar\/index.php\/wp-json\/wp\/v2\/users\/1"}],"replies":[{"embeddable":true,"href":"https:\/\/defensoriaparana.com.ar\/index.php\/wp-json\/wp\/v2\/comments?post=3221"}],"version-history":[{"count":2,"href":"https:\/\/defensoriaparana.com.ar\/index.php\/wp-json\/wp\/v2\/posts\/3221\/revisions"}],"predecessor-version":[{"id":3225,"href":"https:\/\/defensoriaparana.com.ar\/index.php\/wp-json\/wp\/v2\/posts\/3221\/revisions\/3225"}],"wp:attachment":[{"href":"https:\/\/defensoriaparana.com.ar\/index.php\/wp-json\/wp\/v2\/media?parent=3221"}],"wp:term":[{"taxonomy":"category","embeddable":true,"href":"https:\/\/defensoriaparana.com.ar\/index.php\/wp-json\/wp\/v2\/categories?post=3221"},{"taxonomy":"post_tag","embeddable":true,"href":"https:\/\/defensoriaparana.com.ar\/index.php\/wp-json\/wp\/v2\/tags?post=3221"}],"curies":[{"name":"wp","href":"https:\/\/api.w.org\/{rel}","templated":true}]}}