{"id":3227,"date":"2016-12-20T21:18:05","date_gmt":"2016-12-20T21:18:05","guid":{"rendered":"http:\/\/defensoriaparana.com.ar\/?p=3227"},"modified":"2022-08-26T21:18:58","modified_gmt":"2022-08-26T21:18:58","slug":"la-defensoria-del-pueblo-pidio-informacion-sobre-la-intencion-de-vender-edificios-municipales-protegidos","status":"publish","type":"post","link":"https:\/\/defensoriaparana.com.ar\/index.php\/2016\/12\/20\/la-defensoria-del-pueblo-pidio-informacion-sobre-la-intencion-de-vender-edificios-municipales-protegidos\/","title":{"rendered":"La Defensor\u00eda del Pueblo pidi\u00f3 informaci\u00f3n sobre la intenci\u00f3n de vender edificios municipales protegidos"},"content":{"rendered":"<p>La Defensor\u00eda del Pueblo de la Ciudad de Paran\u00e1 solicit\u00f3 informaci\u00f3n a la presidente del Concejo Deliberante, Josefina Etienot, mediante una nota elevada el jueves, tras la difusi\u00f3n de la existencia de un proyecto de ordenanza del Ejecutivo municipal que incluye la intenci\u00f3n de vender el edificio de calle Monte Caseros 159, lugar donde funciona esta instituci\u00f3n desde su inicio, en 2003. Junto al inmueble de calle Monte Caseros 159, figuran dos en 25 de Mayo y uno en Alem 822. Los tres primeros, son edificios comprendidos por inventarios de sitios protegidos.<\/p>\n<p>La informaci\u00f3n tom\u00f3 de sorpresa a la instituci\u00f3n, cuyos integrantes se enteraron el jueves por la publicaci\u00f3n de la existencia del proyecto, elaborado por el Ejecutivo, con ingreso al Concejo en la sesi\u00f3n de ayer.<\/p>\n<p>La sede de la Defensor\u00eda y la propiedad ubicada sobre la calle 25 de Mayo 116 y 128 \u00a0\u201ccuentan con Declaratorias Municipal y Provincial (Ordenanza 7305 \u2013 Decreto 6676\/03, respectivamente) estando incorporadas al inventario del Patrimonio Hist\u00f3rico Arquitect\u00f3nico de la Ciudad de Paran\u00e1\u201d, consigna la nota, para a\u00f1adir seguidamente el pedido de informaci\u00f3n a la presidente y al Cuerpo.\u00a0\u00a0Se solicit\u00f3 conocer \u201clos fundamentos del proyecto referido, como as\u00ed tambi\u00e9n y especialmente previo a definir su aprobaci\u00f3n, se contemple las normativas vigentes y prevea medidas concretas que protejan y conserven dichos edificios, su identidad y memoria hist\u00f3rica\u201d.<\/p>\n","protected":false},"excerpt":{"rendered":"<p>La Defensor\u00eda del Pueblo de la Ciudad de Paran\u00e1 solicit\u00f3 informaci\u00f3n a la presidente del Concejo Deliberante, Josefina Etienot, mediante una nota elevada el jueves, tras la difusi\u00f3n de la existencia de un proyecto de ordenanza del Ejecutivo municipal que incluye la intenci\u00f3n de vender el edificio de calle Monte Caseros 159, lugar donde funciona [&hellip;]<\/p>\n","protected":false},"author":1,"featured_media":0,"comment_status":"open","ping_status":"open","sticky":false,"template":"","format":"standard","meta":{"om_disable_all_campaigns":false,"_monsterinsights_skip_tracking":false,"_monsterinsights_sitenote_active":false,"_monsterinsights_sitenote_note":"","_monsterinsights_sitenote_category":0},"categories":[1],"tags":[],"_links":{"self":[{"href":"https:\/\/defensoriaparana.com.ar\/index.php\/wp-json\/wp\/v2\/posts\/3227"}],"collection":[{"href":"https:\/\/defensoriaparana.com.ar\/index.php\/wp-json\/wp\/v2\/posts"}],"about":[{"href":"https:\/\/defensoriaparana.com.ar\/index.php\/wp-json\/wp\/v2\/types\/post"}],"author":[{"embeddable":true,"href":"https:\/\/defensoriaparana.com.ar\/index.php\/wp-json\/wp\/v2\/users\/1"}],"replies":[{"embeddable":true,"href":"https:\/\/defensoriaparana.com.ar\/index.php\/wp-json\/wp\/v2\/comments?post=3227"}],"version-history":[{"count":1,"href":"https:\/\/defensoriaparana.com.ar\/index.php\/wp-json\/wp\/v2\/posts\/3227\/revisions"}],"predecessor-version":[{"id":3230,"href":"https:\/\/defensoriaparana.com.ar\/index.php\/wp-json\/wp\/v2\/posts\/3227\/revisions\/3230"}],"wp:attachment":[{"href":"https:\/\/defensoriaparana.com.ar\/index.php\/wp-json\/wp\/v2\/media?parent=3227"}],"wp:term":[{"taxonomy":"category","embeddable":true,"href":"https:\/\/defensoriaparana.com.ar\/index.php\/wp-json\/wp\/v2\/categories?post=3227"},{"taxonomy":"post_tag","embeddable":true,"href":"https:\/\/defensoriaparana.com.ar\/index.php\/wp-json\/wp\/v2\/tags?post=3227"}],"curies":[{"name":"wp","href":"https:\/\/api.w.org\/{rel}","templated":true}]}}