{"id":3228,"date":"2016-12-05T21:18:06","date_gmt":"2016-12-05T21:18:06","guid":{"rendered":"http:\/\/defensoriaparana.com.ar\/?p=3228"},"modified":"2022-08-26T21:19:11","modified_gmt":"2022-08-26T21:19:11","slug":"mas-de-un-centenar-de-mediadores-se-anotaron-para-conformar-el-registro-de-la-defensoria-del-pueblo","status":"publish","type":"post","link":"https:\/\/defensoriaparana.com.ar\/index.php\/2016\/12\/05\/mas-de-un-centenar-de-mediadores-se-anotaron-para-conformar-el-registro-de-la-defensoria-del-pueblo\/","title":{"rendered":"M\u00e1s de un centenar de mediadores se anotaron para conformar el Registro de la Defensor\u00eda del Pueblo"},"content":{"rendered":"<div id=\"post-3977\" class=\"post-3977 post type-post status-publish format-standard has-post-thumbnail hentry category-noticias\">\n<div class=\"entry\">\n<p>El Registro de Mediadores Comunitarios Voluntarios de la Defensor\u00eda del Pueblo de la Ciudad de Paran\u00e1 qued\u00f3 constituido por 105 integrantes para 2017, mientras que hay 20 anotados de manera provisoria \u00a0debido a que les resta completar requisitos.<\/p>\n<p>La n\u00f3mina se actualiza cada a\u00f1o, en noviembre. Por ello, el Registro se renov\u00f3 tras el llamado a inscripci\u00f3n, realizado desde el 14 a 18 del mes pasado.<\/p>\n<p>Del total de 105 mediadores, 25 se inscribieron por primera vez, 10 volvieron luego de per\u00edodos de ausencia y 70 permanecen desde hace uno o m\u00e1s a\u00f1os. Por ejemplo, hay 13 mediadores que pertenecen al Registro desde el inici\u00f3 el Centro de Mediaci\u00f3n y el primer Registro, en noviembre de 2003.<\/p>\n<p>El n\u00famero de integrantes puede si la veintena de mediadores que permanecen inscriptos en calidad de \u00abprovisorios\u00bb, completan la capacitaci\u00f3n anual, un requisito solicitado para ingresar a la n\u00f3mina junto a la presentaci\u00f3n de los certificados del nivel secundario y formaci\u00f3n de mediaci\u00f3n, avalada por el Ministerio de Justicia de la Naci\u00f3n.<\/p>\n<p>&nbsp;<\/p>\n<div id=\"attachment_3984\" class=\"wp-caption alignleft\"><a href=\"http:\/\/www.defensoriaparana.gov.ar\/?attachment_id=3984\" rel=\"attachment wp-att-3984\"><img loading=\"lazy\" class=\"size-medium wp-image-3984\" title=\"taller reflexi\u00f3n 1\" src=\"http:\/\/www.defensoriaparana.gov.ar\/wp-content\/uploads\/taller-reflexi%C3%B3n-1-300x200.jpg\" sizes=\"(max-width: 300px) 100vw, 300px\" srcset=\"https:\/\/www.defensoriaparana.gov.ar\/wp-content\/uploads\/taller-reflexi\u00f3n-1-300x200.jpg 300w, https:\/\/www.defensoriaparana.gov.ar\/wp-content\/uploads\/taller-reflexi\u00f3n-1-170x113.jpg 170w, https:\/\/www.defensoriaparana.gov.ar\/wp-content\/uploads\/taller-reflexi\u00f3n-1-284x189.jpg 284w, https:\/\/www.defensoriaparana.gov.ar\/wp-content\/uploads\/taller-reflexi\u00f3n-1-135x90.jpg 135w, https:\/\/www.defensoriaparana.gov.ar\/wp-content\/uploads\/taller-reflexi\u00f3n-1.jpg 960w\" alt=\"\" width=\"300\" height=\"200\" \/><\/a><\/p>\n<p class=\"wp-caption-text\">Alojar al otro fue el tema del taller.<\/p>\n<\/div>\n<p>El Registro de Mediadores Comunitarios tiene una intensa actividad. A la par de la intervenci\u00f3n en procesos de mediaci\u00f3n entre vecinos, a partir de solicitudes ingresadas al Centro de Mediaci\u00f3n de la Defensor\u00eda del Pueblo, los integrantes del Registro tienen la posibilidad de participar de instancias regulares de capacitaci\u00f3n, reflexi\u00f3n e intercambio de experiencias. Concretamente, la instituci\u00f3n brinda talleres trimestrales, reuniones de intercambio y un curso de actualizaci\u00f3n anual a cargo de especialistas con reconocimiento nacional e internacional. Esta instancia de formaci\u00f3n es una de las obligatorias.<\/p>\n<p>El martes pasado, se realiz\u00f3 el primer taller de reflexi\u00f3n: se dictan cuatro en el transcurso de vigencia de cada Registro y es requisito asistir al menos a dos para poder re-inscribirse. Alojar al otro fue la tem\u00e1tica. En la oportunidad se dio la bienvenida a los nuevos integrantes del Registro. El encuentro se llev\u00f3 a cabo en la Sala del instituto Audiovisual de Entre R\u00edos.<\/p>\n<p>El Registro de Paran\u00e1 est\u00e1 conformado por mediadores provenientes de distintas disciplinas y oficios, por lo que entre sus caracter\u00edsticas sobresalientes a nivel nacional cuenta el abordaje interdisciplinario, el trabajo ad honorem de sus integrantes y la cantidad de mediadores que se anota cada a\u00f1o para brindar un servicio solidario a la comunidad.<\/p>\n<p>&nbsp;<\/p>\n<div id=\"attachment_3985\" class=\"wp-caption alignleft\"><a href=\"http:\/\/www.defensoriaparana.gov.ar\/?attachment_id=3985\" rel=\"attachment wp-att-3985\"><img loading=\"lazy\" class=\"size-medium wp-image-3985\" title=\"taller reflexi\u00f3n3\" src=\"http:\/\/www.defensoriaparana.gov.ar\/wp-content\/uploads\/taller-reflexi%C3%B3n3-300x200.jpg\" sizes=\"(max-width: 300px) 100vw, 300px\" srcset=\"https:\/\/www.defensoriaparana.gov.ar\/wp-content\/uploads\/taller-reflexi\u00f3n3-300x200.jpg 300w, https:\/\/www.defensoriaparana.gov.ar\/wp-content\/uploads\/taller-reflexi\u00f3n3-170x113.jpg 170w, https:\/\/www.defensoriaparana.gov.ar\/wp-content\/uploads\/taller-reflexi\u00f3n3-284x189.jpg 284w, https:\/\/www.defensoriaparana.gov.ar\/wp-content\/uploads\/taller-reflexi\u00f3n3-135x90.jpg 135w, https:\/\/www.defensoriaparana.gov.ar\/wp-content\/uploads\/taller-reflexi\u00f3n3.jpg 960w\" alt=\"\" width=\"300\" height=\"200\" \/><\/a><\/p>\n<p class=\"wp-caption-text\">La reuni\u00f3n fue la primera del Registro actualizado.<\/p>\n<\/div>\n<p>La tarea requiere de un fuerte compromiso social, \u00a0pues radica en ser parte de un proceso de acercamiento de las personas en conflicto, con el fin de lograr una soluci\u00f3n pac\u00edfica y colaborativa mediante el entendimiento de los vecinos involucrados.<\/p>\n<p>La Defensor\u00eda del Pueblo de Paran\u00e1 ofrece la mediaci\u00f3n de forma gratuita a los vecinos. El proceso de mediaci\u00f3n es voluntario, participativo y confidencial. En ese \u00e1mbito, los ciudadanos pueden hallar instancias de encuentro, acuerdo y soluci\u00f3n a los problemas o diferencias.<\/p>\n<p>Para obtener m\u00e1s informaci\u00f3n, los interesados pueden comunicarse al \u00a0(0343) 4211029 o a\u00a0<a href=\"mailto:mediacionparana@hotmail.com\" target=\"_blank\" rel=\"noopener\">mediacionparana@hotmail.com<\/a><\/p>\n<p>&nbsp;<\/p>\n<div class=\"clear\"><\/div>\n<\/div>\n<div class=\"clear\"><\/div>\n<\/div>\n<div id=\"rp-wrapper\"><\/div>\n","protected":false},"excerpt":{"rendered":"<p>El Registro de Mediadores Comunitarios Voluntarios de la Defensor\u00eda del Pueblo de la Ciudad de Paran\u00e1 qued\u00f3 constituido por 105 integrantes para 2017, mientras que hay 20 anotados de manera provisoria \u00a0debido a que les resta completar requisitos. La n\u00f3mina se actualiza cada a\u00f1o, en noviembre. Por ello, el Registro se renov\u00f3 tras el llamado [&hellip;]<\/p>\n","protected":false},"author":1,"featured_media":0,"comment_status":"open","ping_status":"open","sticky":false,"template":"","format":"standard","meta":{"om_disable_all_campaigns":false,"_monsterinsights_skip_tracking":false,"_monsterinsights_sitenote_active":false,"_monsterinsights_sitenote_note":"","_monsterinsights_sitenote_category":0},"categories":[1],"tags":[],"_links":{"self":[{"href":"https:\/\/defensoriaparana.com.ar\/index.php\/wp-json\/wp\/v2\/posts\/3228"}],"collection":[{"href":"https:\/\/defensoriaparana.com.ar\/index.php\/wp-json\/wp\/v2\/posts"}],"about":[{"href":"https:\/\/defensoriaparana.com.ar\/index.php\/wp-json\/wp\/v2\/types\/post"}],"author":[{"embeddable":true,"href":"https:\/\/defensoriaparana.com.ar\/index.php\/wp-json\/wp\/v2\/users\/1"}],"replies":[{"embeddable":true,"href":"https:\/\/defensoriaparana.com.ar\/index.php\/wp-json\/wp\/v2\/comments?post=3228"}],"version-history":[{"count":2,"href":"https:\/\/defensoriaparana.com.ar\/index.php\/wp-json\/wp\/v2\/posts\/3228\/revisions"}],"predecessor-version":[{"id":3232,"href":"https:\/\/defensoriaparana.com.ar\/index.php\/wp-json\/wp\/v2\/posts\/3228\/revisions\/3232"}],"wp:attachment":[{"href":"https:\/\/defensoriaparana.com.ar\/index.php\/wp-json\/wp\/v2\/media?parent=3228"}],"wp:term":[{"taxonomy":"category","embeddable":true,"href":"https:\/\/defensoriaparana.com.ar\/index.php\/wp-json\/wp\/v2\/categories?post=3228"},{"taxonomy":"post_tag","embeddable":true,"href":"https:\/\/defensoriaparana.com.ar\/index.php\/wp-json\/wp\/v2\/tags?post=3228"}],"curies":[{"name":"wp","href":"https:\/\/api.w.org\/{rel}","templated":true}]}}