{"id":3233,"date":"2016-08-26T21:19:20","date_gmt":"2016-08-26T21:19:20","guid":{"rendered":"http:\/\/defensoriaparana.com.ar\/?p=3233"},"modified":"2022-08-26T21:20:19","modified_gmt":"2022-08-26T21:20:19","slug":"llega-el-cine-movil-a-la-escuela-no-100-de-puerto-nuevo","status":"publish","type":"post","link":"https:\/\/defensoriaparana.com.ar\/index.php\/2016\/08\/26\/llega-el-cine-movil-a-la-escuela-no-100-de-puerto-nuevo\/","title":{"rendered":"Llega el cine m\u00f3vil a la Escuela N\u00ba 100 de Puerto Nuevo"},"content":{"rendered":"<p>El ciclo de cine m\u00f3vil en escuelas de la ciudad, organizado por la Defensor\u00eda del Pueblo de Paran\u00e1 y el Instituto Audiovisual de Entre R\u00edos, har\u00e1 este mi\u00e9rcoles una nueva proyecci\u00f3n. \u00a0Esta vez, ser\u00e1 en la Escuela de Educaci\u00f3n T\u00e9cnica (EET) N\u00ba 100 Puerto Nuevo, de 9 a 11, en \u00a0Santiago de Liniers 395. Se proyectar\u00e1 un documental del Ciclo Igual de Diferentes, coproducido por Canal Encuentro y el INADI, a estudiantes de 1\u00ba, 2\u00ba y 3\u00aa a\u00f1os.<\/p>\n<p>Tras la proyecci\u00f3n, \u00a0se realizar\u00e1 un taller en el que se propondr\u00e1 un trabajo en grupo sobre consignas disparadoras que permitan reflexionar sobre tem\u00e1ticas surgidas de la proyecci\u00f3n como prejuicios, estigmatizaci\u00f3n, discriminaci\u00f3n, visiones del mundo.<\/p>\n<p>En mayo, la Defensor\u00eda y el Instituto iniciaron un ciclo de cine en escuelas de nivel primario y medio con el fin de promover la difusi\u00f3n y el debate de los derechos ciudadanos. \u201cEjercitando nuestros derechos\u201d se denomina el ciclo del cine m\u00f3vil que comenz\u00f3 en la Escuela N\u00ba 190 Obispo Gelabert y Crespo,\u00a0 en Avenida de las Am\u00e9ricas 1901, con la proyecci\u00f3n a chicos de 5to grado de la pel\u00edcula Metegol, de Juan Jos\u00e9 Campanella. En ese caso, luego del film, hubo un espacio de juego con los chicos, poniendo \u00e9nfasis en los derechos abordados en la pel\u00edcula en relaci\u00f3n con la realidad.<\/p>\n<p>La Defensor\u00eda del Pueblo de Paran\u00e1 tiene como misi\u00f3n principal la defensa, protecci\u00f3n y promoci\u00f3n de los derechos humanos. En ese marco, se ide\u00f3 la actividad para conectar a ni\u00f1os, ni\u00f1as y adolescentes con sus derechos a trav\u00e9s de proyecciones cinematogr\u00e1ficas, que abordan temas actuales y de inter\u00e9s. Para eso, se busca establecer un lugar de encuentro que posibilite, mediante el uso y apropiaci\u00f3n del espacio del cine, democratizar el acceso tanto al entretenimiento como el aprendizaje, creando un espacio para la reflexi\u00f3n colectiva, consigna el proyecto de trabajo.<\/p>\n<p>De esta forma, los ni\u00f1os y j\u00f3venes pueden aprehender los derechos y deberes tanto individuales como colectivos, en un marco interactivo y participativo con el fin de aportar elementos para el desarrollo de una ciudadan\u00eda activa, basada en el respeto al otro, la solidaridad, la corresponsabilidad y el pensamiento cr\u00edtico.<\/p>\n<p>Las escuelas interesadas en recibir el cine m\u00f3vil podr\u00e1n enviar un mail al siguiente correo de la Defensor\u00eda: direccionproteccionderechos@gmail.com o llamar a los n\u00fameros 420-2322 \u2013 0800 777 1112.<\/p>\n","protected":false},"excerpt":{"rendered":"<p>El ciclo de cine m\u00f3vil en escuelas de la ciudad, organizado por la Defensor\u00eda del Pueblo de Paran\u00e1 y el Instituto Audiovisual de Entre R\u00edos, har\u00e1 este mi\u00e9rcoles una nueva proyecci\u00f3n. \u00a0Esta vez, ser\u00e1 en la Escuela de Educaci\u00f3n T\u00e9cnica (EET) N\u00ba 100 Puerto Nuevo, de 9 a 11, en \u00a0Santiago de Liniers 395. Se [&hellip;]<\/p>\n","protected":false},"author":1,"featured_media":0,"comment_status":"open","ping_status":"open","sticky":false,"template":"","format":"standard","meta":{"om_disable_all_campaigns":false,"_monsterinsights_skip_tracking":false,"_monsterinsights_sitenote_active":false,"_monsterinsights_sitenote_note":"","_monsterinsights_sitenote_category":0},"categories":[1],"tags":[],"_links":{"self":[{"href":"https:\/\/defensoriaparana.com.ar\/index.php\/wp-json\/wp\/v2\/posts\/3233"}],"collection":[{"href":"https:\/\/defensoriaparana.com.ar\/index.php\/wp-json\/wp\/v2\/posts"}],"about":[{"href":"https:\/\/defensoriaparana.com.ar\/index.php\/wp-json\/wp\/v2\/types\/post"}],"author":[{"embeddable":true,"href":"https:\/\/defensoriaparana.com.ar\/index.php\/wp-json\/wp\/v2\/users\/1"}],"replies":[{"embeddable":true,"href":"https:\/\/defensoriaparana.com.ar\/index.php\/wp-json\/wp\/v2\/comments?post=3233"}],"version-history":[{"count":1,"href":"https:\/\/defensoriaparana.com.ar\/index.php\/wp-json\/wp\/v2\/posts\/3233\/revisions"}],"predecessor-version":[{"id":3236,"href":"https:\/\/defensoriaparana.com.ar\/index.php\/wp-json\/wp\/v2\/posts\/3233\/revisions\/3236"}],"wp:attachment":[{"href":"https:\/\/defensoriaparana.com.ar\/index.php\/wp-json\/wp\/v2\/media?parent=3233"}],"wp:term":[{"taxonomy":"category","embeddable":true,"href":"https:\/\/defensoriaparana.com.ar\/index.php\/wp-json\/wp\/v2\/categories?post=3233"},{"taxonomy":"post_tag","embeddable":true,"href":"https:\/\/defensoriaparana.com.ar\/index.php\/wp-json\/wp\/v2\/tags?post=3233"}],"curies":[{"name":"wp","href":"https:\/\/api.w.org\/{rel}","templated":true}]}}