{"id":3234,"date":"2016-08-15T21:19:21","date_gmt":"2016-08-15T21:19:21","guid":{"rendered":"http:\/\/defensoriaparana.com.ar\/?p=3234"},"modified":"2022-08-26T21:20:28","modified_gmt":"2022-08-26T21:20:28","slug":"encuentro-sobre-la-accesibilidad-de-la-ciudad-y-las-personas-con-discapacidad","status":"publish","type":"post","link":"https:\/\/defensoriaparana.com.ar\/index.php\/2016\/08\/15\/encuentro-sobre-la-accesibilidad-de-la-ciudad-y-las-personas-con-discapacidad\/","title":{"rendered":"Encuentro sobre la accesibilidad de la ciudad y las personas con discapacidad"},"content":{"rendered":"<p>Con la participaci\u00f3n de dos especialistas espa\u00f1olas, el mi\u00e9rcoles 17 de agosto se realizar\u00e1 una charla abierta a todo p\u00fablico sobre \u201cciudades amables y accesibles\u201d y el derecho\u00a0 de las personas con discapacidad.<\/p>\n<p>El encuentro ser\u00e1 de 17.30 a 20.30, en el sal\u00f3n de la Escuela de M\u00fasica, Danza y Teatro Prof. Constancio Carminio, en calle Italia 61 de Paran\u00e1.<\/p>\n<p>La convocatoria busca\u00a0atender\u00a0la necesidad de\u00a0volver accesibles a los ciudadanos\u00a0los espacios urbanos y p\u00fablicos y, en ese marco, se escuchar\u00e1\u00a0la experiencia de Barcelona, Espa\u00f1a.\u00a0\u00a0Genisa Prats San Roman, licenciada en Ciencias de la Educaci\u00f3n con posgrado en Educaci\u00f3n Social de la Universidad de Barcelona,\u00a0 junto a Imma Alemany Ayats,\u00a0 Diplomada en Educaci\u00f3n Social en la Universidad Ram\u00f3n Lull de Barcelona, hablar\u00e1n de los cambios, de su desarrollo, y las adaptaciones que son necesarias realizar en\u00a0una ciudad\u00a0para que\u00a0resulte integradora y accesible.<\/p>\n<p>Inserci\u00f3n laboral, espacio p\u00fablico y edificaci\u00f3n, transporte, cultura y accesibilidad f\u00edsica y comunicativa ser\u00e1n algunos de los ejes de la charla que contar\u00e1 con la participaci\u00f3n especial de las profesionales\u00a0que \u00a0integran la Fundaci\u00f3n Desarrollo Comunitario (FDC), entidad de econom\u00eda social que inici\u00f3 la tarea de innovaci\u00f3n, producci\u00f3n y gesti\u00f3n del conocimiento en el \u00e1mbito de las pol\u00edticas p\u00fablicas bas\u00e1ndose en la participaci\u00f3n ciudadana, mediaci\u00f3n, acci\u00f3n comunitaria, accesibilidad e inclusi\u00f3n social en relaci\u00f3n a grupos concretos como personas con discapacidad, j\u00f3venes, mujeres, ciudadanos de origen extranjero, entre otros.<\/p>\n<p>La actividad es organizada por la Defensor\u00eda del Pueblo de la Ciudad de Paran\u00e1 junto a la Comisi\u00f3n de Enlace del Concejo Deliberante local, el\u00a0 Instituto Nacional contra la Discriminaci\u00f3n, Xenofobia y el Racismo (<strong>Inadi<\/strong>), el Instituto Provincial de Discapacidad (<strong>Iprodi<\/strong>),\u00a0 la Asociaci\u00f3n Paranaense de S\u00edndrome de Down y otras discapacidades (<strong>Aspasid<\/strong>) y el Centro de Acceso a la Justicia (Caj). Esta semana se realiz\u00f3 una reuni\u00f3n en la Defensor\u00eda con el fin de ultimar los destalles de la organizaci\u00f3n. Estuvieron los Defensores del Pueblo, Luis Garay y Pablo Donad\u00edo (Adjunto); la Coordinadora del Centro de Mediaci\u00f3n Comunitaria, Irina Chausovsky; Miriam Muller del Caj; Silvia Campos por el Inadi; Mar\u00eda Luz Avellaneda por el Iprodi; Josefina Angelino por la Facultad de Trabajo Social; Beatriz Arbasetti por Aspasid, Hugo Far\u00edas por el Rotary; Iv\u00e1n Mart\u00ednez asesor de la concejal Stefania Cora, entre otros.<\/p>\n<p>&nbsp;<\/p>\n<div id=\"attachment_3586\" class=\"wp-caption alignleft\"><a href=\"http:\/\/www.defensoriaparana.gov.ar\/?attachment_id=3586\" rel=\"attachment wp-att-3586\"><img loading=\"lazy\" class=\"size-medium wp-image-3586\" title=\"Reuni\u00f3n jornada espa\u00f1olas\" src=\"http:\/\/www.defensoriaparana.gov.ar\/wp-content\/uploads\/Reuni%C3%B3n-jornada-espa%C3%B1olas-300x168.jpg\" sizes=\"(max-width: 300px) 100vw, 300px\" srcset=\"https:\/\/www.defensoriaparana.gov.ar\/wp-content\/uploads\/Reuni\u00f3n-jornada-espa\u00f1olas-300x168.jpg 300w, https:\/\/www.defensoriaparana.gov.ar\/wp-content\/uploads\/Reuni\u00f3n-jornada-espa\u00f1olas-1024x574.jpg 1024w, https:\/\/www.defensoriaparana.gov.ar\/wp-content\/uploads\/Reuni\u00f3n-jornada-espa\u00f1olas-170x95.jpg 170w, https:\/\/www.defensoriaparana.gov.ar\/wp-content\/uploads\/Reuni\u00f3n-jornada-espa\u00f1olas-284x159.jpg 284w\" alt=\"\" width=\"300\" height=\"168\" \/><\/a><\/p>\n<p class=\"wp-caption-text\">Representantes de distintas organizaciones, en la reuni\u00f3n de trabajo.<\/p>\n<\/div>\n<p>Participan tambi\u00e9n de la organizaci\u00f3n el proyecto Redes VIII de la Facultad de Ciencias de la Gesti\u00f3n de la Universidad Aut\u00f3noma de Entre R\u00edos (Uader), Proyecto La producci\u00f3n social de la discapacidad de la Facultad de Trabajo Social de la Universidad de Entre R\u00edos (Uner) y el Observatorio de los derechos de las personas con discapacidad.<\/p>\n<p>Las profesionales espa\u00f1olas llegan a Buenos Aires con la posibilidad de visitar otra ciudad del pa\u00eds. Optaron por Paran\u00e1 con la intenci\u00f3n de conocer la tarea que se realiza en el Centro de Mediaci\u00f3n Comunitaria de la Defensor\u00eda del Pueblo local.<\/p>\n","protected":false},"excerpt":{"rendered":"<p>Con la participaci\u00f3n de dos especialistas espa\u00f1olas, el mi\u00e9rcoles 17 de agosto se realizar\u00e1 una charla abierta a todo p\u00fablico sobre \u201cciudades amables y accesibles\u201d y el derecho\u00a0 de las personas con discapacidad. El encuentro ser\u00e1 de 17.30 a 20.30, en el sal\u00f3n de la Escuela de M\u00fasica, Danza y Teatro Prof. Constancio Carminio, en [&hellip;]<\/p>\n","protected":false},"author":1,"featured_media":0,"comment_status":"open","ping_status":"open","sticky":false,"template":"","format":"standard","meta":{"om_disable_all_campaigns":false,"_monsterinsights_skip_tracking":false,"_monsterinsights_sitenote_active":false,"_monsterinsights_sitenote_note":"","_monsterinsights_sitenote_category":0},"categories":[1],"tags":[],"_links":{"self":[{"href":"https:\/\/defensoriaparana.com.ar\/index.php\/wp-json\/wp\/v2\/posts\/3234"}],"collection":[{"href":"https:\/\/defensoriaparana.com.ar\/index.php\/wp-json\/wp\/v2\/posts"}],"about":[{"href":"https:\/\/defensoriaparana.com.ar\/index.php\/wp-json\/wp\/v2\/types\/post"}],"author":[{"embeddable":true,"href":"https:\/\/defensoriaparana.com.ar\/index.php\/wp-json\/wp\/v2\/users\/1"}],"replies":[{"embeddable":true,"href":"https:\/\/defensoriaparana.com.ar\/index.php\/wp-json\/wp\/v2\/comments?post=3234"}],"version-history":[{"count":1,"href":"https:\/\/defensoriaparana.com.ar\/index.php\/wp-json\/wp\/v2\/posts\/3234\/revisions"}],"predecessor-version":[{"id":3237,"href":"https:\/\/defensoriaparana.com.ar\/index.php\/wp-json\/wp\/v2\/posts\/3234\/revisions\/3237"}],"wp:attachment":[{"href":"https:\/\/defensoriaparana.com.ar\/index.php\/wp-json\/wp\/v2\/media?parent=3234"}],"wp:term":[{"taxonomy":"category","embeddable":true,"href":"https:\/\/defensoriaparana.com.ar\/index.php\/wp-json\/wp\/v2\/categories?post=3234"},{"taxonomy":"post_tag","embeddable":true,"href":"https:\/\/defensoriaparana.com.ar\/index.php\/wp-json\/wp\/v2\/tags?post=3234"}],"curies":[{"name":"wp","href":"https:\/\/api.w.org\/{rel}","templated":true}]}}