{"id":3235,"date":"2016-08-03T21:19:22","date_gmt":"2016-08-03T21:19:22","guid":{"rendered":"http:\/\/defensoriaparana.com.ar\/?p=3235"},"modified":"2022-08-26T21:20:49","modified_gmt":"2022-08-26T21:20:49","slug":"reunion-por-la-tarifa-de-la-luz","status":"publish","type":"post","link":"https:\/\/defensoriaparana.com.ar\/index.php\/2016\/08\/03\/reunion-por-la-tarifa-de-la-luz\/","title":{"rendered":"Reuni\u00f3n por la tarifa de la luz"},"content":{"rendered":"<p>La Defensor\u00eda del Pueblo de la Ciudad de Paran\u00e1 particip\u00f3 el viernes de la Asamblea Extraordinaria del Consejo Provincial del Consumo (Coprodec) a trav\u00e9s del Director General de la instituci\u00f3n, Cr. Juan Patat. El encuentro se realiz\u00f3 en Villaguay con un tema central:\u00a0la audiencia p\u00fablica por la tarifa el\u00e9ctrica convocada por la Ente Provincial Regulador de Energ\u00eda (Epre) para el 31 de agosto pr\u00f3ximo, a la que la Defensor\u00eda del Pueblo est\u00e1 especialmente invitada para representar los derechos de los usuarios.<\/p>\n<p>En la reuni\u00f3n del \u00e1mbito, al que acudieron representantes de diversas organizaciones como el Colegio de Abogados, Asociaciones de Consumidores, Direcci\u00f3n General de Defensa del Consumidor y Lealtad Comercial y Defensor\u00eda del Pueblo, entre otros, se expusieron diversas propuestas respecto del cuadro tarifario y se acord\u00f3 la realizaci\u00f3n de pr\u00f3ximas reuniones para consensuar posturas.<\/p>\n<p>El 30 de junio, el Epre emiti\u00f3 la Resoluci\u00f3n N\u00ba 70 por la que convoc\u00f3 a audiencia p\u00fablica para el d\u00eda 31 de agosto de 2016, a las 10, a realizarse en el Cine Berisso de la ciudad de Villaguay con el objeto de tratar las propuestas de c\u00e1lculo de las tarifas para el segundo per\u00edodo tarifario de los contratos de concesi\u00f3n para el servicio p\u00fablico de distribuci\u00f3n de energ\u00eda el\u00e9ctrica vigentes, las cuales regir\u00e1n hasta el 30 de junio de 2021.<\/p>\n<p>El encuentro del viernes fue organizado por la Direcci\u00f3n General de Defensa del Consumidor de la Provincia y estuvo dirigido a todas las Oficinas de Defensa del Consumidor de Entre R\u00edos con el fin de coordinar planes de acci\u00f3n ante los fuertes aumentos tarifarios en el servicio el\u00e9ctrico, public\u00f3 el sitio web de la Municipalidad de Villaguay. La convocatoria fue para \u00a0los organismos gubernamentales encargados de su defensa, la \u00a0Defensor\u00eda del Pueblo y a representantes del Colegio de Abogados de Entre R\u00edos. La idea es sumar aportes \u201cacerca de las distintas miradas sobre la tem\u00e1tica\u201d, a\u00f1ade la publicaci\u00f3n.<\/p>\n","protected":false},"excerpt":{"rendered":"<p>La Defensor\u00eda del Pueblo de la Ciudad de Paran\u00e1 particip\u00f3 el viernes de la Asamblea Extraordinaria del Consejo Provincial del Consumo (Coprodec) a trav\u00e9s del Director General de la instituci\u00f3n, Cr. Juan Patat. El encuentro se realiz\u00f3 en Villaguay con un tema central:\u00a0la audiencia p\u00fablica por la tarifa el\u00e9ctrica convocada por la Ente Provincial Regulador [&hellip;]<\/p>\n","protected":false},"author":1,"featured_media":0,"comment_status":"open","ping_status":"open","sticky":false,"template":"","format":"standard","meta":{"om_disable_all_campaigns":false,"_monsterinsights_skip_tracking":false,"_monsterinsights_sitenote_active":false,"_monsterinsights_sitenote_note":"","_monsterinsights_sitenote_category":0},"categories":[1],"tags":[],"_links":{"self":[{"href":"https:\/\/defensoriaparana.com.ar\/index.php\/wp-json\/wp\/v2\/posts\/3235"}],"collection":[{"href":"https:\/\/defensoriaparana.com.ar\/index.php\/wp-json\/wp\/v2\/posts"}],"about":[{"href":"https:\/\/defensoriaparana.com.ar\/index.php\/wp-json\/wp\/v2\/types\/post"}],"author":[{"embeddable":true,"href":"https:\/\/defensoriaparana.com.ar\/index.php\/wp-json\/wp\/v2\/users\/1"}],"replies":[{"embeddable":true,"href":"https:\/\/defensoriaparana.com.ar\/index.php\/wp-json\/wp\/v2\/comments?post=3235"}],"version-history":[{"count":2,"href":"https:\/\/defensoriaparana.com.ar\/index.php\/wp-json\/wp\/v2\/posts\/3235\/revisions"}],"predecessor-version":[{"id":3239,"href":"https:\/\/defensoriaparana.com.ar\/index.php\/wp-json\/wp\/v2\/posts\/3235\/revisions\/3239"}],"wp:attachment":[{"href":"https:\/\/defensoriaparana.com.ar\/index.php\/wp-json\/wp\/v2\/media?parent=3235"}],"wp:term":[{"taxonomy":"category","embeddable":true,"href":"https:\/\/defensoriaparana.com.ar\/index.php\/wp-json\/wp\/v2\/categories?post=3235"},{"taxonomy":"post_tag","embeddable":true,"href":"https:\/\/defensoriaparana.com.ar\/index.php\/wp-json\/wp\/v2\/tags?post=3235"}],"curies":[{"name":"wp","href":"https:\/\/api.w.org\/{rel}","templated":true}]}}