{"id":3240,"date":"2016-04-24T21:20:56","date_gmt":"2016-04-24T21:20:56","guid":{"rendered":"http:\/\/defensoriaparana.com.ar\/?p=3240"},"modified":"2022-08-26T21:21:46","modified_gmt":"2022-08-26T21:21:46","slug":"organizaciones-preocupadas-por-la-situacion-de-las-personas-mayores","status":"publish","type":"post","link":"https:\/\/defensoriaparana.com.ar\/index.php\/2016\/04\/24\/organizaciones-preocupadas-por-la-situacion-de-las-personas-mayores\/","title":{"rendered":"Organizaciones preocupadas por la situaci\u00f3n de las personas mayores"},"content":{"rendered":"<p>Los Defensores del Pueblo de la Ciudad de Paran\u00e1, Luis Garay y Pablo Donad\u00edo (Adjunto), se reunieron con Norma Alonso, Teresa Damonte y Olga Schoj, integrantes a trav\u00e9s de sus organizaciones del Foro por los Derechos de la Personas Mayores.<\/p>\n<p>&nbsp;<\/p>\n<div id=\"attachment_3192\" class=\"wp-caption alignleft\"><a href=\"http:\/\/www.defensoriaparana.gov.ar\/?attachment_id=3192\" rel=\"attachment wp-att-3192\"><img loading=\"lazy\" class=\"size-medium wp-image-3192  \" title=\"REUNION PERSONAS MAYORES 2\" src=\"http:\/\/www.defensoriaparana.gov.ar\/wp-content\/uploads\/REUNION-PERSONAS-MAYORES-2-300x168.jpg\" alt=\"\" width=\"400\" height=\"250\" \/><\/a><\/p>\n<p class=\"wp-caption-text\">Los Defensores del Pueblo, junto a personal especializado de la instituci\u00f3n, recibieron a integrantes del Foro por los Derechos de las Personas Mayores.<\/p>\n<\/div>\n<p>Los temas del encuentro, realizado el martes en la sede de la Defensor\u00eda del Pueblo, giraron en torno de la situaci\u00f3n de las personas mayores y de la necesidad de atender especialmente las demandas y necesidades de esta franja de la poblaci\u00f3n.<\/p>\n<p>Uno de los temas de preocupaci\u00f3n que plantearon las integrantes del Foro radica en la existencia de lugares donde se aloja a personas mayores que no cumplir\u00edan las condiciones de geri\u00e1tricos pero que sin embargo se ofrecen como tal. \u00a0Sobre ese punto, desde el Foro se preguntaron por los controles del Estado, a lo que los Defensores a\u00f1adieron que desde la instituci\u00f3n se hizo un pedido de informes al \u00e1rea de Salud de la provincia.<\/p>\n<p>Tambi\u00e9n plantearon la necesidad de que haya consideraciones hacia las personas adultas a la hora de, por ejemplo, construir un edificio: solicitan que se adapten las caracter\u00edsticas edilicias que posibiliten el normal desenvolvimiento. \u00a0\u00a0Otra inquietud radica en el estado de las veredas y las compras en el supermercado, para lo<\/p>\n<p>Norma Alonso, perteneciente al Club Palabra Mayor y a la Asociaci\u00f3n Solidaria El Recreo; Teresa Damonte, del Centro de Gimnasia y Nataci\u00f3n Ser, y Olga Schoj, representante de la Asociaci\u00f3n Israelita de Paran\u00e1; todas integrante del Foro, observan con buenos ojos el proyecto de creaci\u00f3n de la figura del Defensor de los Derechos de las Personas Mayores, que funcionar\u00eda en el \u00e1mbito de la Defensor\u00eda del Pueblo de Paran\u00e1. Conf\u00edan en que la iniciativa, en an\u00e1lisis en el Concejo Deliberante, pueda constituirse en un \u00e1mbito que atienda con eficiencia y dedicaci\u00f3n la situaci\u00f3n de las personas mayores.<\/p>\n<p>De la reuni\u00f3n particip\u00f3 especialmente Fernando Veiga, personal de la Defensor\u00eda del Pueblo y T\u00e9cnico en Psicogerontolog\u00eda.<\/p>\n<p><strong>En an\u00e1lisis en el Concejo<\/strong><\/p>\n<p>&nbsp;<\/p>\n<div id=\"attachment_3199\" class=\"wp-caption alignleft\"><a href=\"http:\/\/www.defensoriaparana.gov.ar\/?attachment_id=3199\" rel=\"attachment wp-att-3199\"><img loading=\"lazy\" class=\"size-medium wp-image-3199\" title=\"REUNION TRABAJO PERSONAS MAYORES\" src=\"http:\/\/www.defensoriaparana.gov.ar\/wp-content\/uploads\/REUNION-TRABAJO-PERSONAS-MAYORES1-300x168.jpg\" sizes=\"(max-width: 300px) 100vw, 300px\" srcset=\"https:\/\/www.defensoriaparana.gov.ar\/wp-content\/uploads\/REUNION-TRABAJO-PERSONAS-MAYORES1-300x168.jpg 300w, https:\/\/www.defensoriaparana.gov.ar\/wp-content\/uploads\/REUNION-TRABAJO-PERSONAS-MAYORES1-170x95.jpg 170w, https:\/\/www.defensoriaparana.gov.ar\/wp-content\/uploads\/REUNION-TRABAJO-PERSONAS-MAYORES1-284x159.jpg 284w, https:\/\/www.defensoriaparana.gov.ar\/wp-content\/uploads\/REUNION-TRABAJO-PERSONAS-MAYORES1.jpg 960w\" alt=\"\" width=\"300\" height=\"168\" \/><\/a><\/p>\n<p class=\"wp-caption-text\">An\u00e1lisis en comisi\u00f3n del proyecto de creaci\u00f3n del Defensor de los Derechos de las Personas Mayores.<\/p>\n<\/div>\n<p>&nbsp;<\/p>\n<p>Este mi\u00e9rcoles 13, se continu\u00f3 con el an\u00e1lisis del proyecto de ordenanza de creaci\u00f3n de de la figura del Defensor de los Derechos de las Personas Mayores. Se reuni\u00f3 la Comisi\u00f3n de Familia, Ni\u00f1ez y Adolescencia del Cuerpo y participaron los Defensores del Pueblo junto a representantes de organizaciones.<\/p>\n<p>&nbsp;<\/p>\n","protected":false},"excerpt":{"rendered":"<p>Los Defensores del Pueblo de la Ciudad de Paran\u00e1, Luis Garay y Pablo Donad\u00edo (Adjunto), se reunieron con Norma Alonso, Teresa Damonte y Olga Schoj, integrantes a trav\u00e9s de sus organizaciones del Foro por los Derechos de la Personas Mayores. &nbsp; Los Defensores del Pueblo, junto a personal especializado de la instituci\u00f3n, recibieron a integrantes [&hellip;]<\/p>\n","protected":false},"author":1,"featured_media":0,"comment_status":"open","ping_status":"open","sticky":false,"template":"","format":"standard","meta":{"om_disable_all_campaigns":false,"_monsterinsights_skip_tracking":false,"_monsterinsights_sitenote_active":false,"_monsterinsights_sitenote_note":"","_monsterinsights_sitenote_category":0},"categories":[1],"tags":[],"_links":{"self":[{"href":"https:\/\/defensoriaparana.com.ar\/index.php\/wp-json\/wp\/v2\/posts\/3240"}],"collection":[{"href":"https:\/\/defensoriaparana.com.ar\/index.php\/wp-json\/wp\/v2\/posts"}],"about":[{"href":"https:\/\/defensoriaparana.com.ar\/index.php\/wp-json\/wp\/v2\/types\/post"}],"author":[{"embeddable":true,"href":"https:\/\/defensoriaparana.com.ar\/index.php\/wp-json\/wp\/v2\/users\/1"}],"replies":[{"embeddable":true,"href":"https:\/\/defensoriaparana.com.ar\/index.php\/wp-json\/wp\/v2\/comments?post=3240"}],"version-history":[{"count":1,"href":"https:\/\/defensoriaparana.com.ar\/index.php\/wp-json\/wp\/v2\/posts\/3240\/revisions"}],"predecessor-version":[{"id":3243,"href":"https:\/\/defensoriaparana.com.ar\/index.php\/wp-json\/wp\/v2\/posts\/3240\/revisions\/3243"}],"wp:attachment":[{"href":"https:\/\/defensoriaparana.com.ar\/index.php\/wp-json\/wp\/v2\/media?parent=3240"}],"wp:term":[{"taxonomy":"category","embeddable":true,"href":"https:\/\/defensoriaparana.com.ar\/index.php\/wp-json\/wp\/v2\/categories?post=3240"},{"taxonomy":"post_tag","embeddable":true,"href":"https:\/\/defensoriaparana.com.ar\/index.php\/wp-json\/wp\/v2\/tags?post=3240"}],"curies":[{"name":"wp","href":"https:\/\/api.w.org\/{rel}","templated":true}]}}