{"id":3241,"date":"2016-04-19T21:20:57","date_gmt":"2016-04-19T21:20:57","guid":{"rendered":"http:\/\/defensoriaparana.com.ar\/?p=3241"},"modified":"2022-08-26T21:21:57","modified_gmt":"2022-08-26T21:21:57","slug":"el-defensor-donadio-se-refirio-al-servicio-de-colectivos-interurbano-y-urbano","status":"publish","type":"post","link":"https:\/\/defensoriaparana.com.ar\/index.php\/2016\/04\/19\/el-defensor-donadio-se-refirio-al-servicio-de-colectivos-interurbano-y-urbano\/","title":{"rendered":"El Defensor Donad\u00edo se refiri\u00f3 al servicio de colectivos interurbano y urbano"},"content":{"rendered":"<p>El Defensor del Pueblo Adjunto de la Ciudad de Paran\u00e1, Pablo Donad\u00edo, se refiri\u00f3 al transporte interurbano entre Paran\u00e1 y Santa Fe y al servicio de colectivos urbanos, entre otros temas, en el programa El Explorador que se emite por Canal Once.<\/p>\n<p>Ante la consulta, en primer t\u00e9rmino, por el aumento del pasaje del servicio interurbano que rige desde este viernes, el Defensor inform\u00f3 que la instituci\u00f3n no hab\u00eda accedido a\u00fan a la disposici\u00f3n oficial citada como fuente de la suba y \u00a0dio cuenta de los reclamos que viene recibiendo la Defensor\u00eda respecto a la calidad del servicio.<\/p>\n<p>En ese sentido, indic\u00f3 que las quejas de los usuarios apuntan a la falta de organizaci\u00f3n del servicio, usado en gran medida por estudiantes, y mencion\u00f3 que pese a que las dos empresas (Etacer y Fluviales) est\u00e1n abarcadas por la misma concesi\u00f3n, brindan diferentes recorridos que no est\u00e1n claramente informados. As\u00ed, describi\u00f3 que los usuarios realizan una misma cola para tomar el colectivo con la incertidumbre, hasta que llegan a la puerta del coche, respecto al destino. Y si el recorrido no es el conveniente para el pasajero, \u00e9ste debe volver al final de la fila y esperar, explic\u00f3 el Defensor en el programa conducido por Horacio Moglia, junto a Sergio\u00a0Heinnitz.<\/p>\n<p>Este inconveniente como la irregularidad en las frecuencias y las demoras, entre otros temas, fue motivo de la conformaci\u00f3n de un \u00e1mbito de trabajo motorizado en abril de 2015 por la Defensor\u00eda del Pueblo de Paran\u00e1 junto a la Facultad de Ciencias de la Educaci\u00f3n de la Universidad Nacional de Entre R\u00edos. Luego, durante el a\u00f1o pasado, se fueron sumando otras instituciones y organizaciones estudiantiles de Paran\u00e1 y Santa Fe, como tambi\u00e9n usuarios y representantes de \u00e1reas del Estado concernientes a transporte. La mayor preocupaci\u00f3n gir\u00f3 en torno a las falencias del servicio y de los controles ejercidos por organismos nacionales, espec\u00edficamente, por la Comisi\u00f3n Nacional de Regulaci\u00f3n del Transporte (CNRT).<\/p>\n<p>\u201cEl reclamo no pasa tanto por la tarifa sino por la calidad del servicio\u201d, dijo el Defensor en referencia a las reiteradas quejas de usuarios respectos a los inconvenientes para tomar el colectivo. Tambi\u00e9n fue consultado por el servicio urbano de transporte y los controles, a lo que mencion\u00f3 el pedido de la Defensor\u00eda respecto de que se integre una Mesa de Transporte en el \u00e1mbito municipal y la necesidad de un llamado a licitaci\u00f3n ante el vencimiento, en octubre pr\u00f3ximo, de la concesi\u00f3n. Ambos temas fueron conversados con el intendente Sergio Varisco en un encuentro realizado en enero, acot\u00f3.<\/p>\n<p>Seguidamente, respondi\u00f3 consultas respecto del aumento de tarifas de servicios p\u00fablicos, como la electricidad. Mencion\u00f3 las reuniones realizadas con representantes de la Secretar\u00eda de Energ\u00eda y el Ente Provincial de la Energ\u00eda (EPRE) con el fin de conocer en detalle la composici\u00f3n tarifaria y los incrementos e inform\u00f3 que la instituci\u00f3n recibe las consultas que son analizadas \u201ccaso por caso\u201d.<\/p>\n","protected":false},"excerpt":{"rendered":"<p>El Defensor del Pueblo Adjunto de la Ciudad de Paran\u00e1, Pablo Donad\u00edo, se refiri\u00f3 al transporte interurbano entre Paran\u00e1 y Santa Fe y al servicio de colectivos urbanos, entre otros temas, en el programa El Explorador que se emite por Canal Once. Ante la consulta, en primer t\u00e9rmino, por el aumento del pasaje del servicio [&hellip;]<\/p>\n","protected":false},"author":1,"featured_media":0,"comment_status":"open","ping_status":"open","sticky":false,"template":"","format":"standard","meta":{"om_disable_all_campaigns":false,"_monsterinsights_skip_tracking":false,"_monsterinsights_sitenote_active":false,"_monsterinsights_sitenote_note":"","_monsterinsights_sitenote_category":0},"categories":[1],"tags":[],"_links":{"self":[{"href":"https:\/\/defensoriaparana.com.ar\/index.php\/wp-json\/wp\/v2\/posts\/3241"}],"collection":[{"href":"https:\/\/defensoriaparana.com.ar\/index.php\/wp-json\/wp\/v2\/posts"}],"about":[{"href":"https:\/\/defensoriaparana.com.ar\/index.php\/wp-json\/wp\/v2\/types\/post"}],"author":[{"embeddable":true,"href":"https:\/\/defensoriaparana.com.ar\/index.php\/wp-json\/wp\/v2\/users\/1"}],"replies":[{"embeddable":true,"href":"https:\/\/defensoriaparana.com.ar\/index.php\/wp-json\/wp\/v2\/comments?post=3241"}],"version-history":[{"count":1,"href":"https:\/\/defensoriaparana.com.ar\/index.php\/wp-json\/wp\/v2\/posts\/3241\/revisions"}],"predecessor-version":[{"id":3244,"href":"https:\/\/defensoriaparana.com.ar\/index.php\/wp-json\/wp\/v2\/posts\/3241\/revisions\/3244"}],"wp:attachment":[{"href":"https:\/\/defensoriaparana.com.ar\/index.php\/wp-json\/wp\/v2\/media?parent=3241"}],"wp:term":[{"taxonomy":"category","embeddable":true,"href":"https:\/\/defensoriaparana.com.ar\/index.php\/wp-json\/wp\/v2\/categories?post=3241"},{"taxonomy":"post_tag","embeddable":true,"href":"https:\/\/defensoriaparana.com.ar\/index.php\/wp-json\/wp\/v2\/tags?post=3241"}],"curies":[{"name":"wp","href":"https:\/\/api.w.org\/{rel}","templated":true}]}}