{"id":3242,"date":"2016-04-07T21:20:58","date_gmt":"2016-04-07T21:20:58","guid":{"rendered":"http:\/\/defensoriaparana.com.ar\/?p=3242"},"modified":"2022-08-26T21:22:09","modified_gmt":"2022-08-26T21:22:09","slug":"encuentro-con-integrantes-de-seguridad-vial-por-el-transito-en-la-ciudad","status":"publish","type":"post","link":"https:\/\/defensoriaparana.com.ar\/index.php\/2016\/04\/07\/encuentro-con-integrantes-de-seguridad-vial-por-el-transito-en-la-ciudad\/","title":{"rendered":"Encuentro con integrantes de Seguridad vial por el tr\u00e1nsito en la ciudad"},"content":{"rendered":"<p>Los Defensores del Pueblo de la Ciudad de Paran\u00e1, Luis Garay y Pablo Donad\u00edo (Adjunto), junto con la delegada de la Oficina del Defensor del Pueblo de la Naci\u00f3n, Nazarena Rau, se reunieron con integrantes de la Direcci\u00f3n de Seguridad y Educaci\u00f3n Vial de la Municipalidad de Paran\u00e1. El encuentro se realiz\u00f3 el jueves 7 de abril con el fin de intercambiar informaci\u00f3n respecto a las tem\u00e1ticas referidas al tr\u00e1nsito en la ciudad y al procedimiento de la aplicaci\u00f3n de multas.<\/p>\n<p>Mar\u00eda Luisa Romero y Eduardo Ledesma, directora y subdirector respectivamente del Educaci\u00f3n y Seguridad Vial de la Municipalidad de Paran\u00e1 asistieron a la Defensor\u00eda acompa\u00f1ados de Rub\u00e9n Dab\u00edn y Mar\u00eda Jos\u00e9 Dur\u00e9, capacitadores del \u00e1rea.<\/p>\n<p>Informaron que la repartici\u00f3n est\u00e1 abocada a la implementaci\u00f3n de controles y operativos de concientizaci\u00f3n sobre maniobras e infracciones habituales en las calles de la ciudad. Para ello, informaron que el Municipio ya cuenta con \u201calcohol\u00edmetros de \u00faltima generaci\u00f3n\u201d, instrumentos acorde a las exigencias de la Agencia Nacional de Seguridad Vial, para comenzar los controles luego de que se realicen jornadas de capacitaci\u00f3n, a fines de abril. Tambi\u00e9n dieron detalles del registro de infracciones en la v\u00eda p\u00fablica a trav\u00e9s de un dispositivo que manejar\u00e1n los inspectores y que est\u00e1n interconectados a un sistema de ingreso.<\/p>\n<p>Ambas tem\u00e1ticas \u2013control de alcoholemia y multas de tr\u00e1nsito- son de significativo inter\u00e9s para esta Defensor\u00eda, al igual que la fase de educaci\u00f3n vial en escuelas y otras instituciones. Al respecto, los funcionarios aseveraron que dan charlas en las escuelas como tambi\u00e9n jornadas de capacitaci\u00f3n al cuerpo de inspectores.<\/p>\n<p>Por su parte, los Defensores informaron sobre los problemas\u00a0 y reclamos observados por la instituci\u00f3n en el tr\u00e1nsito de la ciudad. Se habl\u00f3 del poco apego a las normas y las consecuencias, como el estacionamiento de veh\u00edculos particulares en paradas de colectivos, en garajes, veredas y en doble fila. Asimismo se plante\u00f3 las transgresiones a los sem\u00e1foros y la circulaci\u00f3n en contramano de veh\u00edculos y motos.<\/p>\n<p>Por \u00faltimo, se acord\u00f3 iniciar un trabajo conjunto en el marco del cual la Defensor\u00eda se propone mantener un fluido contacto para transmitir las preocupaciones y quejas de ciudadanos.<\/p>\n","protected":false},"excerpt":{"rendered":"<p>Los Defensores del Pueblo de la Ciudad de Paran\u00e1, Luis Garay y Pablo Donad\u00edo (Adjunto), junto con la delegada de la Oficina del Defensor del Pueblo de la Naci\u00f3n, Nazarena Rau, se reunieron con integrantes de la Direcci\u00f3n de Seguridad y Educaci\u00f3n Vial de la Municipalidad de Paran\u00e1. El encuentro se realiz\u00f3 el jueves 7 [&hellip;]<\/p>\n","protected":false},"author":1,"featured_media":0,"comment_status":"open","ping_status":"open","sticky":false,"template":"","format":"standard","meta":{"om_disable_all_campaigns":false,"_monsterinsights_skip_tracking":false,"_monsterinsights_sitenote_active":false,"_monsterinsights_sitenote_note":"","_monsterinsights_sitenote_category":0},"categories":[1],"tags":[],"_links":{"self":[{"href":"https:\/\/defensoriaparana.com.ar\/index.php\/wp-json\/wp\/v2\/posts\/3242"}],"collection":[{"href":"https:\/\/defensoriaparana.com.ar\/index.php\/wp-json\/wp\/v2\/posts"}],"about":[{"href":"https:\/\/defensoriaparana.com.ar\/index.php\/wp-json\/wp\/v2\/types\/post"}],"author":[{"embeddable":true,"href":"https:\/\/defensoriaparana.com.ar\/index.php\/wp-json\/wp\/v2\/users\/1"}],"replies":[{"embeddable":true,"href":"https:\/\/defensoriaparana.com.ar\/index.php\/wp-json\/wp\/v2\/comments?post=3242"}],"version-history":[{"count":2,"href":"https:\/\/defensoriaparana.com.ar\/index.php\/wp-json\/wp\/v2\/posts\/3242\/revisions"}],"predecessor-version":[{"id":3246,"href":"https:\/\/defensoriaparana.com.ar\/index.php\/wp-json\/wp\/v2\/posts\/3242\/revisions\/3246"}],"wp:attachment":[{"href":"https:\/\/defensoriaparana.com.ar\/index.php\/wp-json\/wp\/v2\/media?parent=3242"}],"wp:term":[{"taxonomy":"category","embeddable":true,"href":"https:\/\/defensoriaparana.com.ar\/index.php\/wp-json\/wp\/v2\/categories?post=3242"},{"taxonomy":"post_tag","embeddable":true,"href":"https:\/\/defensoriaparana.com.ar\/index.php\/wp-json\/wp\/v2\/tags?post=3242"}],"curies":[{"name":"wp","href":"https:\/\/api.w.org\/{rel}","templated":true}]}}