{"id":3247,"date":"2015-10-28T21:22:34","date_gmt":"2015-10-28T21:22:34","guid":{"rendered":"http:\/\/defensoriaparana.com.ar\/?p=3247"},"modified":"2022-08-26T21:23:16","modified_gmt":"2022-08-26T21:23:16","slug":"repudio-a-opiniones-sobre-la-conveniencia-de-que-desaparezca-la-figura-de-la-defensoria-del-pueblo","status":"publish","type":"post","link":"https:\/\/defensoriaparana.com.ar\/index.php\/2015\/10\/28\/repudio-a-opiniones-sobre-la-conveniencia-de-que-desaparezca-la-figura-de-la-defensoria-del-pueblo\/","title":{"rendered":"Repudio a opiniones sobre la conveniencia de que desaparezca la figura de la Defensor\u00eda del Pueblo"},"content":{"rendered":"<p>Los Defensores del Pueblo de la Ciudad de Paran\u00e1, Luis Garay y Pablo Donad\u00edo (Adjunto), repudian en\u00e9rgicamente las declaraciones de un alto funcionario de Villa Carlos Paz respecto de la conveniencia de que desaparezca la figura de la Defensor\u00eda del Pueblo y adhieren a un comunicado emitido por la organizaci\u00f3n que los agrupa a nivel nacional.<\/p>\n<p>La Asociaci\u00f3n de Defensores del Pueblo de la Rep\u00fablica Argentina (Adpra), conformada por unas cuarenta instituciones del pa\u00eds, se refiri\u00f3 a la opini\u00f3n vertida por el Presidente del Concejo de Representantes de Villa Carlos Paz, Walter Gispert, quien dijo que la figura de la Defensor\u00eda del Pueblo, y por tanto la de esa localidad cordobesa, \u201cdeber\u00eda desaparecer por su inutilidad como instituci\u00f3n\u201d.\u00a0 La Asociaci\u00f3n expres\u00f3 su rotundo rechazo a dichas expresiones \u201cen virtud de que atentan directamente contra los vecinos de esa ciudad cuyos derechos son protegidos por la Defensor\u00eda del Pueblo\u201d.<br \/>\nSeguidamente, Adpra objet\u00f3 el uso de \u00a0\u201cla palabra \u2019desaparici\u00f3n\u2019 en relaci\u00f3n a una instituci\u00f3n de la democracia\u201d y exigi\u00f3 p\u00fablicamente una aclaraci\u00f3n. \u201cSabemos bien lo que significa en la Argentina \u2018la desaparici\u00f3n\u2019, y su uso consciente o inconsciente para descalificar a una \u00f3rgano de la Rep\u00fablica, constituye una ofensa y un agravio al pueblo y a sus instituciones\u201d, consigna el comunicado.<\/p>\n<p>Y a\u00f1ade: \u201cQuienes piden \u2018la desaparici\u00f3n\u2019 de la Defensor\u00eda del Pueblo es porque vulneran o desprecian derechos o pretenden obstaculizar que se los controle en el ejercicio de sus funciones. Las Defensor\u00edas del Pueblo no son un producto de\u00a0componendas sino creaci\u00f3n de las Constituciones y de las leyes\u201d.<\/p>\n<p>Por \u00faltimo, los integrantes de Adpra, entre los que se encuentran los Defensores del Pueblo de Paran\u00e1, expresaron: \u201cExigimos respeto a los \u00f3rganos del Estado, respeto a la democracia, respeto al pueblo y respeto a la memoria de los argentinos. El Nunca M\u00e1s es tambi\u00e9n para los exabruptos de quienes tienen responsabilidades gubernamentales pero buscan \u2018desaparecer\u2019 instituciones que tutelan derechos y garant\u00edas\u201d.\u00a0 A continuaci\u00f3n, manifestaron el apoyo al Defensor del Pueblo de Villa Carlos Paz, Carlos Alejandro Luchessi.<\/p>\n<p>&nbsp;<\/p>\n","protected":false},"excerpt":{"rendered":"<p>Los Defensores del Pueblo de la Ciudad de Paran\u00e1, Luis Garay y Pablo Donad\u00edo (Adjunto), repudian en\u00e9rgicamente las declaraciones de un alto funcionario de Villa Carlos Paz respecto de la conveniencia de que desaparezca la figura de la Defensor\u00eda del Pueblo y adhieren a un comunicado emitido por la organizaci\u00f3n que los agrupa a nivel [&hellip;]<\/p>\n","protected":false},"author":1,"featured_media":0,"comment_status":"open","ping_status":"open","sticky":false,"template":"","format":"standard","meta":{"om_disable_all_campaigns":false,"_monsterinsights_skip_tracking":false,"_monsterinsights_sitenote_active":false,"_monsterinsights_sitenote_note":"","_monsterinsights_sitenote_category":0},"categories":[1],"tags":[],"_links":{"self":[{"href":"https:\/\/defensoriaparana.com.ar\/index.php\/wp-json\/wp\/v2\/posts\/3247"}],"collection":[{"href":"https:\/\/defensoriaparana.com.ar\/index.php\/wp-json\/wp\/v2\/posts"}],"about":[{"href":"https:\/\/defensoriaparana.com.ar\/index.php\/wp-json\/wp\/v2\/types\/post"}],"author":[{"embeddable":true,"href":"https:\/\/defensoriaparana.com.ar\/index.php\/wp-json\/wp\/v2\/users\/1"}],"replies":[{"embeddable":true,"href":"https:\/\/defensoriaparana.com.ar\/index.php\/wp-json\/wp\/v2\/comments?post=3247"}],"version-history":[{"count":1,"href":"https:\/\/defensoriaparana.com.ar\/index.php\/wp-json\/wp\/v2\/posts\/3247\/revisions"}],"predecessor-version":[{"id":3250,"href":"https:\/\/defensoriaparana.com.ar\/index.php\/wp-json\/wp\/v2\/posts\/3247\/revisions\/3250"}],"wp:attachment":[{"href":"https:\/\/defensoriaparana.com.ar\/index.php\/wp-json\/wp\/v2\/media?parent=3247"}],"wp:term":[{"taxonomy":"category","embeddable":true,"href":"https:\/\/defensoriaparana.com.ar\/index.php\/wp-json\/wp\/v2\/categories?post=3247"},{"taxonomy":"post_tag","embeddable":true,"href":"https:\/\/defensoriaparana.com.ar\/index.php\/wp-json\/wp\/v2\/tags?post=3247"}],"curies":[{"name":"wp","href":"https:\/\/api.w.org\/{rel}","templated":true}]}}