{"id":3248,"date":"2015-10-21T21:22:36","date_gmt":"2015-10-21T21:22:36","guid":{"rendered":"http:\/\/defensoriaparana.com.ar\/?p=3248"},"modified":"2022-08-26T21:23:29","modified_gmt":"2022-08-26T21:23:29","slug":"habra-actividades-por-los-pueblos-originarios-y-la-diversidad-cultural","status":"publish","type":"post","link":"https:\/\/defensoriaparana.com.ar\/index.php\/2015\/10\/21\/habra-actividades-por-los-pueblos-originarios-y-la-diversidad-cultural\/","title":{"rendered":"Habr\u00e1 actividades por los pueblos originarios y la diversidad cultural"},"content":{"rendered":"<p>Desde el domingo al mi\u00e9rcoles pr\u00f3ximo \u00a0se desarrollar\u00e1 una agenda de actividades en el marco del 12 de octubre, \u00a0D\u00eda del Respeto de la Diversidad Cultural. \u00a0Habr\u00e1 una campa\u00f1a de sensibilizaci\u00f3n, charlas que incluyen investigaciones sobre el tema, la presentaci\u00f3n de un libro y ceremonias alusivas, entre otras propuestas.<\/p>\n<p>La actividad, denominada Jornada por la Diversidad Cultural, es organizada por la Universidad Aut\u00f3noma de Entre R\u00edos (Uader), \u00a0\u00a0el Instituto Nacional contra la Discriminaci\u00f3n, la Xenofobia y el Racismo (INADI), delegaci\u00f3n Entre R\u00edos; la\u00a0<em>Secretar\u00eda de la\u00a0<\/em>Ni\u00f1ez, Familia y Discapacidad de la provincia, las direcciones municipales de Colectividades y de la Mujer, \u00a0la Facultad de Ciencias de la Gesti\u00f3n (Uader) y la Defensor\u00eda del Pueblo de la Ciudad de Paran\u00e1.<\/p>\n<p>La intenci\u00f3n es generar \u201cun espacio de debate desde una perspectiva pluralista e inclusiva que instale la tem\u00e1tica de lo originario y la diversidad cultural en la agenda p\u00fablica de la ciudad de Paran\u00e1\u201d, definieron los organizadores. Con ese fin, se establecieron objetivos comunes \u00a0y se convocaron a referentes acad\u00e9micos as\u00ed como diversos actores sociales que puedan exponer y contribuir a la profundizaci\u00f3n del debate sobre la cuesti\u00f3n.<\/p>\n<p>&nbsp;<\/p>\n<p>A continuaci\u00f3n, el programa de actividades:<\/p>\n<p>-Presentaci\u00f3n del libro del se\u00f1or Blas Jaime, el \u00faltimo chan\u00e1 parlante- Domingo 11 de Octubre, 18.30 Hs en la Plaza 1ro de Mayo.<\/p>\n<p>-Campa\u00f1a de Sensibilizaci\u00f3n \u201cOrgullo Originario\u201d en conjunto con INADI- Lunes 12 de Octubre, 12hs en la Plaza 1ro de Mayo.<\/p>\n<p>-Mesa de Debate \u201cLo Originario en Perspectiva\u201d \u2013 Mi\u00e9rcoles 14 de Octubre, 18.30hs en la Casa de la Ciudad de Paran\u00e1, San Mart\u00edn 958. Disertantes:<\/p>\n<p>Lic. Mabel Masutti \u2013 Universidad Nacional de Entre R\u00edos (UNER) \u201cLa Negritud en la Cultura Argentina\u201d<\/p>\n<p>Lic. Emiliano R\u00edos \u2013 UADER FHAyCS \u00a0\u201cM\u00fasica, resistencia e hibridaci\u00f3n en las j\u00f3venes generaciones de mapuches urbanos. Mapurbes, mapunkiesy mapuheavies\u201d<\/p>\n<p>Prof. Laura Sosa -CEREC- Centro Educativo Rural Paraje El Colch\u00f3n, El Impenetrable- Chaco \u201cArte y Cultura\u201d<\/p>\n<p>Mabel Corval\u00e1n \u2013 Representante de Pueblos Originarios, Gu\u00eda del Kalpulli Ahuacatitlan \u201cEl rol de la mujer en las ceremonias tradicionales y el valor de relacionarnos con la Madre Tierra y los cuatro elementos sagrados\u201d.<\/p>\n<p>Lic. Griselda Pressel- UADER FHAyCS \u00a0\u201cAbordaje Legal de diversidad cultural\u201d<\/p>\n<p>Lic. Mar\u00eda Agustina D\u00edaz- Casa de Entre R\u00edos, UADER \u2013\u201cOrganizaci\u00f3n del Mes de la Diversidad Cultural, El aporte de la comunidad Afrodescendiente a nuestra comunidad\u201d<\/p>\n<p>Acto de cierre:<\/p>\n<p>Ceremonia Nahui Ollin, dirigida por Mabel Corval\u00e1n<\/p>\n<p>Nahui Ollin; palabra Nahuatl que significa cuatro movimientos. Es una ceremonia tolteca muy importante para las culturas Mexicas (Uni\u00f3n con el todo), sin ella no tiene valor ninguna ceremonia o encuentro.<\/p>\n","protected":false},"excerpt":{"rendered":"<p>Desde el domingo al mi\u00e9rcoles pr\u00f3ximo \u00a0se desarrollar\u00e1 una agenda de actividades en el marco del 12 de octubre, \u00a0D\u00eda del Respeto de la Diversidad Cultural. \u00a0Habr\u00e1 una campa\u00f1a de sensibilizaci\u00f3n, charlas que incluyen investigaciones sobre el tema, la presentaci\u00f3n de un libro y ceremonias alusivas, entre otras propuestas. La actividad, denominada Jornada por la [&hellip;]<\/p>\n","protected":false},"author":1,"featured_media":0,"comment_status":"open","ping_status":"open","sticky":false,"template":"","format":"standard","meta":{"om_disable_all_campaigns":false,"_monsterinsights_skip_tracking":false,"_monsterinsights_sitenote_active":false,"_monsterinsights_sitenote_note":"","_monsterinsights_sitenote_category":0},"categories":[1],"tags":[],"_links":{"self":[{"href":"https:\/\/defensoriaparana.com.ar\/index.php\/wp-json\/wp\/v2\/posts\/3248"}],"collection":[{"href":"https:\/\/defensoriaparana.com.ar\/index.php\/wp-json\/wp\/v2\/posts"}],"about":[{"href":"https:\/\/defensoriaparana.com.ar\/index.php\/wp-json\/wp\/v2\/types\/post"}],"author":[{"embeddable":true,"href":"https:\/\/defensoriaparana.com.ar\/index.php\/wp-json\/wp\/v2\/users\/1"}],"replies":[{"embeddable":true,"href":"https:\/\/defensoriaparana.com.ar\/index.php\/wp-json\/wp\/v2\/comments?post=3248"}],"version-history":[{"count":1,"href":"https:\/\/defensoriaparana.com.ar\/index.php\/wp-json\/wp\/v2\/posts\/3248\/revisions"}],"predecessor-version":[{"id":3251,"href":"https:\/\/defensoriaparana.com.ar\/index.php\/wp-json\/wp\/v2\/posts\/3248\/revisions\/3251"}],"wp:attachment":[{"href":"https:\/\/defensoriaparana.com.ar\/index.php\/wp-json\/wp\/v2\/media?parent=3248"}],"wp:term":[{"taxonomy":"category","embeddable":true,"href":"https:\/\/defensoriaparana.com.ar\/index.php\/wp-json\/wp\/v2\/categories?post=3248"},{"taxonomy":"post_tag","embeddable":true,"href":"https:\/\/defensoriaparana.com.ar\/index.php\/wp-json\/wp\/v2\/tags?post=3248"}],"curies":[{"name":"wp","href":"https:\/\/api.w.org\/{rel}","templated":true}]}}