{"id":3249,"date":"2015-10-04T21:22:37","date_gmt":"2015-10-04T21:22:37","guid":{"rendered":"http:\/\/defensoriaparana.com.ar\/?p=3249"},"modified":"2022-08-26T21:23:42","modified_gmt":"2022-08-26T21:23:42","slug":"se-ultiman-detalles-de-las-actividades-por-el-dia-de-la-diversidad-cultural","status":"publish","type":"post","link":"https:\/\/defensoriaparana.com.ar\/index.php\/2015\/10\/04\/se-ultiman-detalles-de-las-actividades-por-el-dia-de-la-diversidad-cultural\/","title":{"rendered":"Se ultiman detalles de las actividades por el D\u00eda de la Diversidad Cultural"},"content":{"rendered":"<p>Este martes se realiz\u00f3 la tercera y \u00faltima reuni\u00f3n entre integrantes de instituciones de la ciudad y el Defensor del Pueblo Adjunto de la Ciudad de Paran\u00e1, Pablo Donad\u00edo, para ultimar los detalles de una agenda de actividades por el D\u00eda del Respeto a la Diversidad Cultural. Si bien la conmemoraci\u00f3n es el 12 de octubre, la intenci\u00f3n es poder organizar durante esos d\u00edas hasta el 8 de noviembre, D\u00eda Nacional de las\/os Afroargentinas\/os y la Cultura Afro, un programa cultural y acad\u00e9mico, que recorra la historia y las costumbres de pueblos originarios de la provincia de Entre R\u00edos.<\/p>\n<p>Estuvo Franco Sturla, en representaci\u00f3n de la Universidad Aut\u00f3noma de Entre R\u00edos (Uader); Lucy Grimalt, por el Instituto Nacional contra la Discriminaci\u00f3n, la Xenofobia y el Racismo (INADI); Cristina Ponce,\u00a0<em>\u00a0<\/em><em>Secretaria de la<\/em><em>\u00a0<\/em>Ni\u00f1ez, Familia y Discapacidad de Entre R\u00edos e Irma Rol\u00f3n, por la Direcci\u00f3n de Colectividades de la Municipalidad de la Mujer. Tambi\u00e9n participan \u00a0la Facultad de Ciencias de la Gesti\u00f3n (Uader), la secretar\u00eda de la Mujer de la Municipalidad de Paran\u00e1 y \u00a0la Defensor\u00eda del Pueblo.<\/p>\n<p>Cabe recordar que el objetivo principal de las actividades es resaltar el valor del reconocimiento y respeto de la diversidad cultural en nuestra\u00a0 sociedad, para lo que se plantea poder visibilizar esa historia y la situaci\u00f3n actual de, por ejemplo, pueblos originarios. Para eso se vienen planificando opciones que van desde exposiciones de trabajos de investigaci\u00f3n sobre el tema, obras de teatro, cine, \u00a0m\u00fasica hasta comidas t\u00edpicas de comunidades ind\u00edgenas que habitaron Entre R\u00edos.<\/p>\n<p>En el encuentro realizado este martes, 6 de octubre, en la Defensor\u00eda del Pueblo se acord\u00f3 concluir la agenda de actividades esta semana para iniciar la difusi\u00f3n.<\/p>\n<p>&nbsp;<\/p>\n","protected":false},"excerpt":{"rendered":"<p>Este martes se realiz\u00f3 la tercera y \u00faltima reuni\u00f3n entre integrantes de instituciones de la ciudad y el Defensor del Pueblo Adjunto de la Ciudad de Paran\u00e1, Pablo Donad\u00edo, para ultimar los detalles de una agenda de actividades por el D\u00eda del Respeto a la Diversidad Cultural. Si bien la conmemoraci\u00f3n es el 12 de [&hellip;]<\/p>\n","protected":false},"author":1,"featured_media":0,"comment_status":"open","ping_status":"open","sticky":false,"template":"","format":"standard","meta":{"om_disable_all_campaigns":false,"_monsterinsights_skip_tracking":false,"_monsterinsights_sitenote_active":false,"_monsterinsights_sitenote_note":"","_monsterinsights_sitenote_category":0},"categories":[1],"tags":[],"_links":{"self":[{"href":"https:\/\/defensoriaparana.com.ar\/index.php\/wp-json\/wp\/v2\/posts\/3249"}],"collection":[{"href":"https:\/\/defensoriaparana.com.ar\/index.php\/wp-json\/wp\/v2\/posts"}],"about":[{"href":"https:\/\/defensoriaparana.com.ar\/index.php\/wp-json\/wp\/v2\/types\/post"}],"author":[{"embeddable":true,"href":"https:\/\/defensoriaparana.com.ar\/index.php\/wp-json\/wp\/v2\/users\/1"}],"replies":[{"embeddable":true,"href":"https:\/\/defensoriaparana.com.ar\/index.php\/wp-json\/wp\/v2\/comments?post=3249"}],"version-history":[{"count":2,"href":"https:\/\/defensoriaparana.com.ar\/index.php\/wp-json\/wp\/v2\/posts\/3249\/revisions"}],"predecessor-version":[{"id":3253,"href":"https:\/\/defensoriaparana.com.ar\/index.php\/wp-json\/wp\/v2\/posts\/3249\/revisions\/3253"}],"wp:attachment":[{"href":"https:\/\/defensoriaparana.com.ar\/index.php\/wp-json\/wp\/v2\/media?parent=3249"}],"wp:term":[{"taxonomy":"category","embeddable":true,"href":"https:\/\/defensoriaparana.com.ar\/index.php\/wp-json\/wp\/v2\/categories?post=3249"},{"taxonomy":"post_tag","embeddable":true,"href":"https:\/\/defensoriaparana.com.ar\/index.php\/wp-json\/wp\/v2\/tags?post=3249"}],"curies":[{"name":"wp","href":"https:\/\/api.w.org\/{rel}","templated":true}]}}