{"id":3254,"date":"2015-04-23T21:25:00","date_gmt":"2015-04-23T21:25:00","guid":{"rendered":"http:\/\/defensoriaparana.com.ar\/?p=3254"},"modified":"2022-08-26T21:25:44","modified_gmt":"2022-08-26T21:25:44","slug":"se-acordo-trabajar-en-una-mesa-ampliada-ante-las-deficiencias-del-transporte-entre-parana-y-santa-fe","status":"publish","type":"post","link":"https:\/\/defensoriaparana.com.ar\/index.php\/2015\/04\/23\/se-acordo-trabajar-en-una-mesa-ampliada-ante-las-deficiencias-del-transporte-entre-parana-y-santa-fe\/","title":{"rendered":"Se acord\u00f3 trabajar en una mesa ampliada ante las deficiencias del transporte entre Paran\u00e1 y Santa Fe"},"content":{"rendered":"<p dir=\"ltr\">El martes 28 de abril se realiz\u00f3 una reuni\u00f3n para abordar la problem\u00e1tica generada a partir de las demoras en el servicio de colectivos entre Paran\u00e1 y Santa Fe. Participaron del encuentro, organizado por la Defensor\u00eda del Pueblo de la Ciudad de Paran\u00e1 y la Facultad de Ciencias de la Educaci\u00f3n de la Universidad Nacional de Entre R\u00edos (UNER), representantes de distintos sectores involucrados de diferente modo en el tema y hubo coincidencia en la necesidad de trabajar en conjunto para cambiar la situaci\u00f3n definida como \u201cinsostenible\u201d. Los inconvenientes ocasionados por la falta de unidades ante la cantidad de usuarios se dan principalmente en horas pico -al comienzo de la ma\u00f1ana, al mediod\u00eda y por noche- e implican esperas largas, de hasta tres horas, se advirti\u00f3.<\/p>\n<p dir=\"ltr\">Estuvieron presentes integrantes de centros de estudiantes de\u00a0universidades Entre R\u00edos y Santa Fe, autoridades de de facultades de la UNER y de la Universidad Aut\u00f3noma de Entre R\u00edos (Uader), funcionarios de la Regi\u00f3n Centro y de la Secretar\u00eda de Transporte provincial, concejales de la ciudad y\u00a0usuarios autoconvocados. De las instituciones convocantes, participaron el Defensor del Pueblo Adjunto, Pablo Donad\u00edo, y la Decana de la Facultad de Ciencias de la Educaci\u00f3n, Gabriela Bergom\u00e1s.<\/p>\n<p dir=\"ltr\">Tras coincidir en la descripci\u00f3n del problema, los asistentes\u00a0convinieron volver a reunirse el pr\u00f3ximo martes 5 de mayo, a las 9.30, en la sede de la Facultad de Ciencias de la Educaci\u00f3n (Alameda de la Federaci\u00f3n 106). Tambi\u00e9n se\u00a0acord\u00f3\u00a0invitar a autoridades de Santa Fe y reiterar la convocatoria a la Comisi\u00f3n Nacional Reguladora del Transporte (CNRT), organismo con jurisdicci\u00f3n en el servicio que no asisti\u00f3 el martes.<\/p>\n<p dir=\"ltr\">Los reclamos de los usuarios comenzaron a llegar a la Defensor\u00eda del Pueblo apenas comenz\u00f3 la actividad acad\u00e9mica en ambas ciudades. Las colas interminables y la tardanza para poder acceder al servicio fueron los principales motivos de\u00a0las\u00a0quejas\u00a0de estudiantes y tambi\u00e9n trabajadores. \u00abPara llegar a las 8 a clase a Santa Fe, hay que salir a la 6\u00bb, fue uno de los ejemplos dados por los usuarios.<\/p>\n<p dir=\"ltr\">\n<div id=\"attachment_2271\" class=\"wp-caption alignleft\"><a href=\"http:\/\/www.defensoriaparana.gov.ar\/?attachment_id=2271\" rel=\"attachment wp-att-2271\"><img loading=\"lazy\" class=\"size-medium wp-image-2271\" title=\"COLA 1\" src=\"http:\/\/www.defensoriaparana.gov.ar\/wp-content\/uploads\/COLA-1-300x168.jpg\" sizes=\"(max-width: 300px) 100vw, 300px\" srcset=\"https:\/\/www.defensoriaparana.gov.ar\/wp-content\/uploads\/COLA-1-300x168.jpg 300w, https:\/\/www.defensoriaparana.gov.ar\/wp-content\/uploads\/COLA-1-1024x575.jpg 1024w, https:\/\/www.defensoriaparana.gov.ar\/wp-content\/uploads\/COLA-1-170x95.jpg 170w, https:\/\/www.defensoriaparana.gov.ar\/wp-content\/uploads\/COLA-1-284x159.jpg 284w\" alt=\"\" width=\"300\" height=\"168\" \/><\/a><\/p>\n<p class=\"wp-caption-text\">Una de las filas de usuarios formadas esta semana para tomar el colectivo<\/p>\n<\/div>\n<p dir=\"ltr\">En ese sentido, el Defensor Donad\u00edo dijo en la reuni\u00f3n que Ersa Fluviales y Etacer cuentan con 15 y 14 unidades, respectivamente, cantidad que evidentemente no logra cubrir las franjas horarias de mayor demanda. Seguidamente, coment\u00f3 que seg\u00fan la informaci\u00f3n proporcionada por sectores empresarios, el contrato de concesi\u00f3n existente prev\u00e9 la utilizaci\u00f3n de nueve unidades por firma, lo que ser\u00eda una muestra de la necesidad de actualizar dicho v\u00ednculo contractual. Por su parte, los representantes de la Secretar\u00eda de Transporte de Entre R\u00edos informaron que la prestaci\u00f3n del servicio interubrano Paran\u00e1-Santa Fe es de jurisdicci\u00f3n nacional, por lo que la injerencia de esa repartici\u00f3n es acotada. De igual manera, aseguraron que elevan sugerencias y pedidos a las empresas.<\/p>\n<p dir=\"ltr\">Adem\u00e1s de las demoras, el Defensor del Pueblo mencion\u00f3 otro problema: la imposibilidad de comprar tarjeta o recargar el pl\u00e1stico en determinados horarios, por ejemplo despu\u00e9s de las 20, cuando\u00a0cierran las ventanillas de venta. Si bien remarc\u00f3 la importancia de la implementaci\u00f3n de la tarjeta Sube,\u00a0mencion\u00f3 las nuevas dificultades. En ese sentido, una estudiante expuso su queja respecto de la imposibilidad de acceder al boleto estudiantil, fijado en 7 pesos con la Sube. Habl\u00f3 de los tr\u00e1mites realizados para obtener el pasaje para estudiantes y las respuestas: \u00abHay que esperar hasta el a\u00f1o que viene\u00bb. Mientras tanto deben abonar el pasaje general de 8 pesos, dijo. La estudiante tambi\u00e9n se refiri\u00f3 al traj\u00edn que padecen los j\u00f3venes que cursan en las facultades de la Universidad Nacional del Litoral (UNL)\u00a0ubicadas en El Pozo.\u00a0Afirm\u00f3 que aquellos que salen de clase a las 22, les resulta un problema tomar el colectivo y se quej\u00f3 de la organizaci\u00f3n del servicio que no permite a una de las empresas, Etacer, entrar a ese lugar y subir pasajeros.<\/p>\n<div dir=\"ltr\">As\u00ed las cosas, el Defensor Donadio expuso la\u00a0necesidad de \u00abque se autorice la incorporaci\u00f3n de nuevos veh\u00edculos o que se haga un llamado a concesi\u00f3n para una tercera empresa\u201d.\u00a0Y\u00a0asever\u00f3 que\u00a0\u201cla realidad metropolitana exige replantear la modalidad de transporte entre las ciudades\u201d, a lo que\u00a0a\u00f1adi\u00f3 la importancia de la realizaci\u00f3n de \u00abun monitoreo y seguimiento del transporte que permita generar indicadores de an\u00e1lisis m\u00e1s acertados\u201d. Al respecto, se plante\u00f3 la posibilidad de crear un observatorio concerniente al transporte p\u00fablico de la regi\u00f3n.<br \/>\nPor su parte, el concejal Miguel Rettore (UCR) dijo haber observado las largas colas de usuarios en la terminal de \u00f3mnibus de Paran\u00e1 y calific\u00f3 la situaci\u00f3n de inadmisible; al tiempo que record\u00f3 el avance logrado con la disposici\u00f3n de prohibir el transporte de pasajeros parados en las unidades Etacer- Fluviales. Ahora bien, no puede ser que se arregle una cosa y se desarregle otra, opin\u00f3 en relaci\u00f3n a que si bien la gente ahora viaja sentada, tiene que esperar en una cola hasta tres horas. Seguidamente, el concejal socialista Marcelo Haddad habl\u00f3 de la necesidad de que, desde el Estado, se habiliten espacios org\u00e1nicos\u00a0de participaci\u00f3n de sectores de la sociedad que permitan analizar y debatir la calidad del transporte p\u00fablico. Se refiri\u00f3 concretamente a la figura de la Mesa del Transporte, existente en el \u00e1mbito municipal pero con una instrumentaci\u00f3n casi nula.<br \/>\n<a href=\"http:\/\/www.defensoriaparana.gov.ar\/?attachment_id=2273\" rel=\"attachment wp-att-2273\"><img loading=\"lazy\" class=\"alignleft size-medium wp-image-2273\" title=\"REUNION 2\" src=\"http:\/\/www.defensoriaparana.gov.ar\/wp-content\/uploads\/REUNION-2-300x168.jpg\" sizes=\"(max-width: 300px) 100vw, 300px\" srcset=\"https:\/\/www.defensoriaparana.gov.ar\/wp-content\/uploads\/REUNION-2-300x168.jpg 300w, https:\/\/www.defensoriaparana.gov.ar\/wp-content\/uploads\/REUNION-2-1024x574.jpg 1024w, https:\/\/www.defensoriaparana.gov.ar\/wp-content\/uploads\/REUNION-2-170x95.jpg 170w, https:\/\/www.defensoriaparana.gov.ar\/wp-content\/uploads\/REUNION-2-284x159.jpg 284w\" alt=\"\" width=\"300\" height=\"168\" \/><\/a><br \/>\nEn\u00a0tanto,\u00a0los representantes de los estudiantes pidieron una soluci\u00f3n urgente al tema del colectivo y las autoridades de las distintas facultades (UNER-UADER) coincidieron en que el problema ha impactado fuertemente en la matricula. Es que hay estudiantes que han abandonado la carrera o directamente desisten de anotarse ante las dificultades para viajar, se\u00a0plante\u00f3 en la reuni\u00f3n.\u00a0 Laura Salazar, Decana de la Facultad de Trabajo Social (UNER),\u00a0sostuvo que\u00a0los problemas impactan\u00a0en estudiantes, docentes, trabajadores y jubilados por igual. Y aclar\u00f3 que la situaci\u00f3n\u00a0no s\u00f3lo\u00a0se estar\u00eda dando en\u00a0los colectivos que unen\u00a0Paran\u00e1 y Santa Fe, sino tambi\u00e9n\u00a0en el servicio\u00a0urbano de la ciudad y de otras localidades.<\/div>\n<div dir=\"ltr\">Mart\u00edn Hern\u00e1ndez, de la Secretar\u00eda de Bienestar Estudiantil de la Federaci\u00f3n Universitaria del Litoral (FUL),\u00a0manifest\u00f3 -en declaraciones period\u00edsticas- que \u00abse tiene que buscar una soluci\u00f3n inmediata. Las empresas que prestan el servicio de transporte entre ambas provincias deben poner m\u00e1s colectivos a disposici\u00f3n del usuario y aumentar la frecuencia de \u00f3mnibus\u201d.\u00a0 Por su parte, Jos\u00e9 G\u00f3mez, representante por Entre R\u00edos\u00a0de la Regi\u00f3n Centro, se interes\u00f3 en los planteos, se expidi\u00f3 por la b\u00fasqueda en conjunto de una soluci\u00f3n, y se comprometi\u00f3 a convocar a otros integrantes de ese espacio de Santa Fe.<\/div>\n<div dir=\"ltr\">Entre los asistentes a la reuni\u00f3n,\u00a0estuvieron Roque Mary Dalpra, Director de la Secretaria de Transporte de la Provincia e\u00a0integrantes de esa repartici\u00f3n; Sebasti\u00e1n Tomassi,\u00a0coordinador de la Iniciativa Paran\u00e1 Sostenible; Estela Gross, Decana de la Facultad de Ciencias de la Salud (UADER); Rolando Maradey, Secretario de Bienestar Estudiantil de la Facultad de Artes, Humanidades y Ciencias Sociales (UADER) y Mauro Alcaraz, Secretario General de la Facultad de Ciencias de la Educaci\u00f3n. Tambi\u00e9n formaron parte de la mesa representantes de las facultades de Derecho y Ciencias Sociales, de Ciencias H\u00eddricas y miembros del Consejo Superior de la Universidad Nacional del Litoral (UNL); estudiantes de la Facultad de Artes, Humanidades y Ciencias Sociales, de la Facultad de Ciencias de la Gesti\u00f3n y del Consejo Superior de la UADER y estudiantes de las\u00a0Trabajo\u00a0Social y Educaci\u00f3n (UNER).<\/div>\n<div dir=\"ltr\">\u00abTenemos que hacer visible el conflicto de un modo diferente, unir los reclamos. Hay muchas iniciativas dispersas o atomizadas, pero es una problem\u00e1tica que va m\u00e1s all\u00e1 de cada situaci\u00f3n puntual. Hay que ver la importancia de la uni\u00f3n Santa Fe-Paran\u00e1 como un potente conglomerado urbano, que tiene implicancia a nivel del desarrollo de la regi\u00f3n\u201d,\u00a0expres\u00f3 Bergom\u00e1s, quien cerr\u00f3 el encuentro con la nueva convocatoria para el pr\u00f3ximo martes.<\/div>\n<div dir=\"ltr\">Cabe recordar que\u00a0la Defensor\u00eda del Pueblo viene trabajando en el tema desde marzo, cuando empez\u00f3 a registrar los reclamos de los usuarios. Enseguida, encar\u00f3 dos acciones: solicit\u00f3 por nota una reuni\u00f3n con los representantes de las dos empresas prestadoras (Etacer y Fluviales) con el fin de transmitir los planteos de los pasajeros y la preocupaci\u00f3n de la instituci\u00f3n. Respondi\u00f3 una de las empresas, Fluviales, y con representantes de esa firma se concret\u00f3 un encuentro.<\/div>\n<div dir=\"ltr\">\n<p>En tanto, la otra medida consisti\u00f3 en la presentaci\u00f3n formal de la problem\u00e1tica al Secretario de Transporte de la Provincia, Juan Carlos Chagas, quien inform\u00f3 que iniciar\u00eda gestiones en \u00e1reas nacionales, con jurisdicci\u00f3n en el servicio interurbano entre Paran\u00e1 y Santa Fe.<\/p>\n<p>\u201cLa funci\u00f3n de la Defensor\u00eda consiste en recordarle al Estado los derechos que tienen los ciudadanos y exigir que se cumplan\u201d, dijo el Defensor Donad\u00edo. Seguidamente, se\u00f1al\u00f3\u00a0que en este caso se trata de un servicio p\u00fablico cuyo control y prestaci\u00f3n son exclusiva responsabilidad del Estado.<\/p>\n<\/div>\n<p>&nbsp;<\/p>\n","protected":false},"excerpt":{"rendered":"<p>El martes 28 de abril se realiz\u00f3 una reuni\u00f3n para abordar la problem\u00e1tica generada a partir de las demoras en el servicio de colectivos entre Paran\u00e1 y Santa Fe. Participaron del encuentro, organizado por la Defensor\u00eda del Pueblo de la Ciudad de Paran\u00e1 y la Facultad de Ciencias de la Educaci\u00f3n de la Universidad Nacional [&hellip;]<\/p>\n","protected":false},"author":1,"featured_media":0,"comment_status":"open","ping_status":"open","sticky":false,"template":"","format":"standard","meta":{"om_disable_all_campaigns":false,"_monsterinsights_skip_tracking":false,"_monsterinsights_sitenote_active":false,"_monsterinsights_sitenote_note":"","_monsterinsights_sitenote_category":0},"categories":[1],"tags":[],"_links":{"self":[{"href":"https:\/\/defensoriaparana.com.ar\/index.php\/wp-json\/wp\/v2\/posts\/3254"}],"collection":[{"href":"https:\/\/defensoriaparana.com.ar\/index.php\/wp-json\/wp\/v2\/posts"}],"about":[{"href":"https:\/\/defensoriaparana.com.ar\/index.php\/wp-json\/wp\/v2\/types\/post"}],"author":[{"embeddable":true,"href":"https:\/\/defensoriaparana.com.ar\/index.php\/wp-json\/wp\/v2\/users\/1"}],"replies":[{"embeddable":true,"href":"https:\/\/defensoriaparana.com.ar\/index.php\/wp-json\/wp\/v2\/comments?post=3254"}],"version-history":[{"count":1,"href":"https:\/\/defensoriaparana.com.ar\/index.php\/wp-json\/wp\/v2\/posts\/3254\/revisions"}],"predecessor-version":[{"id":3257,"href":"https:\/\/defensoriaparana.com.ar\/index.php\/wp-json\/wp\/v2\/posts\/3254\/revisions\/3257"}],"wp:attachment":[{"href":"https:\/\/defensoriaparana.com.ar\/index.php\/wp-json\/wp\/v2\/media?parent=3254"}],"wp:term":[{"taxonomy":"category","embeddable":true,"href":"https:\/\/defensoriaparana.com.ar\/index.php\/wp-json\/wp\/v2\/categories?post=3254"},{"taxonomy":"post_tag","embeddable":true,"href":"https:\/\/defensoriaparana.com.ar\/index.php\/wp-json\/wp\/v2\/tags?post=3254"}],"curies":[{"name":"wp","href":"https:\/\/api.w.org\/{rel}","templated":true}]}}