{"id":3255,"date":"2015-04-18T21:25:00","date_gmt":"2015-04-18T21:25:00","guid":{"rendered":"http:\/\/defensoriaparana.com.ar\/?p=3255"},"modified":"2022-08-26T21:25:56","modified_gmt":"2022-08-26T21:25:56","slug":"nato-se-refirio-a-la-conflictividad-social-desde-la-mediacion","status":"publish","type":"post","link":"https:\/\/defensoriaparana.com.ar\/index.php\/2015\/04\/18\/nato-se-refirio-a-la-conflictividad-social-desde-la-mediacion\/","title":{"rendered":"Nat\u00f3 se refiri\u00f3 a la conflictividad social desde la mediaci\u00f3n"},"content":{"rendered":"<p>El reconocido mediador Alejandro Nat\u00f3 estuvo en Paran\u00e1, convocado por la Defensor\u00eda del Pueblo de la Ciudad de Paran\u00e1 y\u00a0 la Procuradur\u00eda General. Dict\u00f3 un\u00a0taller de capacitaci\u00f3n sobre mediaci\u00f3n en conflictos sociales del que participaron fiscales, funcionarios del Poder Judicial y personal de la Defensor\u00eda. A continuaci\u00f3n, se reproduce una nota a Nat\u00f3 publicada por El Diario de Paran\u00e1 el 26 de abril.<\/p>\n<figure id=\"attachment_2284\" aria-describedby=\"caption-attachment-2284\" style=\"width: 300px\" class=\"wp-caption alignleft\"><a href=\"http:\/\/www.defensoriaparana.gov.ar\/?attachment_id=2284\" rel=\"attachment wp-att-2284\"><img loading=\"lazy\" class=\"size-medium wp-image-2284\" title=\"ALEJANDRO NATO EL DIARIO\" src=\"http:\/\/www.defensoriaparana.gov.ar\/wp-content\/uploads\/ALEJANDRO-NATO-EL-DIARIO2-300x168.jpg\" sizes=\"(max-width: 300px) 100vw, 300px\" srcset=\"https:\/\/www.defensoriaparana.gov.ar\/wp-content\/uploads\/ALEJANDRO-NATO-EL-DIARIO2-300x168.jpg 300w, https:\/\/www.defensoriaparana.gov.ar\/wp-content\/uploads\/ALEJANDRO-NATO-EL-DIARIO2-170x95.jpg 170w, https:\/\/www.defensoriaparana.gov.ar\/wp-content\/uploads\/ALEJANDRO-NATO-EL-DIARIO2-284x159.jpg 284w, https:\/\/www.defensoriaparana.gov.ar\/wp-content\/uploads\/ALEJANDRO-NATO-EL-DIARIO2.jpg 640w\" alt=\"\" width=\"300\" height=\"168\" \/><\/a><figcaption id=\"caption-attachment-2284\" class=\"wp-caption-text\">El mediador Alejandro Nat\u00f3 estuvo a cargo de un taller. (Gentileza El Diario)<\/figcaption><\/figure>\n<p><strong>\u201cEs preciso generar un sistema de alertas tempranas\u201d<\/strong><\/p>\n<p>Alejandro Nat\u00f3 es mediador especialista en conflictos p\u00fablicos. En di\u00e1logo con EL DIARIO destac\u00f3 la necesidad de que el Estado intervenga coordinadamente y de forma preventiva antes que se den resoluciones violentas.<\/p>\n<p>El creciente nivel de conflictividad social en algunos barrios de nuestra ciudad se pueden traducir en datos muy preocupantes: una muerte violenta por semana desde principio de a\u00f1o hasta ahora, en todos los casos v\u00edctima y victimario se conoc\u00edan, la mayor\u00eda de los cr\u00edmenes fueron cometidos con armas de fuego, y el promedio de edad de los involucrados apenas supera los 20 a\u00f1os.<\/p>\n<p>Pero adem\u00e1s de las muertes hay otras consecuencias derivadas de los profundos enfrentamientos entre familias o grupos de una misma zona. Balaceras en plena calle y a cualquier hora, ni\u00f1os y j\u00f3venes que est\u00e1n expuestos a la violencia y al delito, inseguridad constante para los vecinos.<\/p>\n<p>Alejandro Nat\u00f3 es abogado y mediador, especialista en conflictos p\u00fablicos. Estuvo en Paran\u00e1 invitado por la Procuradur\u00eda General para dictar un taller de capacitaci\u00f3n sobre mediaci\u00f3n en conflictos sociales del que participaron fiscales y funcionarios del Poder Judicial.<\/p>\n<p>\u201cLo que no puede pasar es que todos esos tipos de hechos pasen a ser tomados como algo natural\u201d, advirti\u00f3 Nat\u00f3 en di\u00e1logo con EL DIARIO.<\/p>\n<p>Alertas. Con respecto a la conflictividad social, el especialista remarc\u00f3 que para llevar adelante una gesti\u00f3n constructiva es imprescindible generar lo que denomin\u00f3 \u201cun sistema de alertas tempranas\u201d. Es decir, generar a trav\u00e9s de las instituciones del Estado los mecanismos necesarios para que se adviertan, a tiempo, las posibles derivaciones de los conflictos.<\/p>\n<p>\u201cHabitualmente, cuando se convoca a mediadores, en la cuesti\u00f3n social, para intervenir en conflictos desde la l\u00f3gica del poder p\u00fablico se hace en la etapa de exposici\u00f3n total del conflicto, cuando est\u00e1 en su fase de mayor escalada. Aqu\u00ed es donde se requiere desde lo institucional reflexionar alrededor de estos mecanismos, cu\u00e1n \u00fatiles pueden llegar a ser en conflictos cuando aparecen con su emergencia, no cuando lleg\u00f3 a ese estremo\u201d, consider\u00f3.<\/p>\n<p>No llegar demasiado tarde, ni cuando la situaci\u00f3n se desbord\u00f3, ser\u00eda la consigna.<\/p>\n<p>Es que, seg\u00fan remarc\u00f3 el mediador, al intervenir en una situaci\u00f3n en la que ya se ha derivado a situaciones de violencia, \u201cla gente no s\u00f3lo no acepta dialogar sino que ya fueron a las v\u00edas de hecho. Una cosa es convocar a los bomberos para apagar un incendio y otra cosas es, sabiendo que va a haber un incendio, trabajar para prevenir\u201d, ejemplific\u00f3.<\/p>\n<p>En ese sentido, la gesti\u00f3n constructiva de la mediaci\u00f3n consiste en generar espacios de di\u00e1logos que sirven para canalizar los conflictos hacia lugares no violentos.<\/p>\n<p>\u201cNo se puede evitar que haya conflictos, pues los conflictos est\u00e1n y son parte de nuestra sociedad. Hoy se caracterizan por un grado inusitado de violencia. Esto es a los efectos de poder canalizar el conflicto para que a partir de c\u00e1nones de mayor grado de convivencia puedan llegar a encausarse y no llegar a mayores\u201d, agreg\u00f3.<\/p>\n<p>Robustez institucional. Pero esos procesos de mediaci\u00f3n y acercamiento se pueden dar en un contexto de robustez institucional.<\/p>\n<p>\u201cEso significa que las instituciones del Estado tienen que dar respuestas frente a determinados tipos de previsi\u00f3n respecto a lo que est\u00e1 pasando en la sociedad\u201d, recomend\u00f3 y a\u00f1adi\u00f3 que es recomendable que las instituciones del Estado \u201ctrabajen juntos y que tengan una buena coordinaci\u00f3n de acciones\u201d.<\/p>\n<p>Eso involucra a la escuela, las comisar\u00edas, los centros de atenci\u00f3n primaria, las fiscal\u00edas, la Defensor\u00eda del Pueblo y todos los lugares a los que los vecinos concurren cotidianamente.<\/p>\n<p>\u201cTodo ese andamiaje social que est\u00e1 puesto en la comunidad tiene que tener mayor coordinaci\u00f3n de acciones, tiene que tener mecanismos de detecci\u00f3n de situaciones de violencia como para poder atender esa etapa\u201d, defini\u00f3. En ese entramado, los mediadores \u201cson un puente de integraci\u00f3n y sirven para poder generar espacios donde esos conflictos no sigan escalando\u201d.<\/p>\n<p>Tambi\u00e9n hizo notar que \u201chay veces que determinados tipos de situaciones llegan a la Justicia, y la Justicia entiende que al no haber un delito manifiesto puede llegar a desestimar el tema o no darle curso. Pero lo cierto es que ya se agrietaron los v\u00ednculos sociales y a veces eso que no es judiciable es un tema que requiere atenci\u00f3n desde otro tipo de din\u00e1mica. Desde una directora de escuela hasta un docente, en la misma sala de atenci\u00f3n de salud o la Defensor\u00eda del Pueblo, sirven para que un mayor grado de inter-institucionalidad puedan llegar a dar respuesta\u201d.<\/p>\n<p>As\u00ed, destac\u00f3 la funci\u00f3n que debe cumplir el municipio a trav\u00e9s de su red de organismos comunitarios: \u201cSirven como sistemas de detecci\u00f3n, de alertas tempranas para dar una respuesta efectiva a tiempo para que esos conflictos que hoy son latentes no lleguen a ser conflictos que con un escalamiento puedan llegar a c\u00e1nones de una violencia inusitada\u201d.<\/p>\n<p>Causas. En cuanto a las causas y factores que fomentan e incrementan la conflictividad, Nat\u00f3 mencion\u00f3 a la desigualdad social, que muchas veces se ve atravesada por problemas de drogodependencia y actitudes violentas que se constituyen en los sistemas de convivencia. \u201cHacen que muchas veces el v\u00ednculo social se encuentre en una situaci\u00f3n de peligro\u201d, asever\u00f3.<\/p>\n<p>En esas instancias se deteriora el v\u00ednculo con el otro y la relaci\u00f3n con la autoridad: \u201cEl otro que puede llegar a ser no un leg\u00edtimo otro sino un potencial da\u00f1ino para mi sistema de creencias o para lo que es lo realidad. Eso hace que tengamos una sociedad en guardia, otra que puja por sus derechos, otra que busca potenciar el conflicto para hacer valer su derecho a estar en la sociedad, otros incluso que buscan proveerse de otros dentro de lo que es el mecanismo social de sobrevivencia. Eso cada vez escala m\u00e1s y si no se trabaja en conjunto en lo que es la din\u00e1mica estatal puede llegar a generarse un lugar desde donde no se vuelva a una l\u00f3gica de mayor grado de convivencia\u201d.<\/p>\n<p>En muchos casos se opta por el mal menor que ser\u00eda una coexistencia distante y aparecen zonificaciones o regiones dentro de la misma comunidad.<\/p>\n<p>\u201cSon ciudades dentro de las ciudades, l\u00f3gicas de separaci\u00f3n por un muro, no te quiero ver no vengas a ac\u00e1. Son din\u00e1micas xenof\u00f3bicas. Tenemos una sociedad que est\u00e1 con cierto grado de temores, resquemores, broncas, sinsabores, y cualquier chispa genera un grado de violencia que antes no se ve\u00eda en el escenario social urbano. Hoy las violencias son varias, est\u00e1n encadenadas, hay violencia cultural, violencia estructural, violencia exponencial, violencia institucional. La pr\u00e1ctica social requiere mayor grado de sensibilidad, atenci\u00f3n, coordinaci\u00f3n de acciones, interinstitucionalidad por parte de las din\u00e1micas estatales para poder atender a partir de la detecci\u00f3n, determinados tipos de conflictos que a veces llegan lugares que no son provechosos para la convivencia\u201d. (El Diario, 26 de abril de 2015)<\/p>\n","protected":false},"excerpt":{"rendered":"<p>El reconocido mediador Alejandro Nat\u00f3 estuvo en Paran\u00e1, convocado por la Defensor\u00eda del Pueblo de la Ciudad de Paran\u00e1 y\u00a0 la Procuradur\u00eda General. Dict\u00f3 un\u00a0taller de capacitaci\u00f3n sobre mediaci\u00f3n en conflictos sociales del que participaron fiscales, funcionarios del Poder Judicial y personal de la Defensor\u00eda. A continuaci\u00f3n, se reproduce una nota a Nat\u00f3 publicada por [&hellip;]<\/p>\n","protected":false},"author":1,"featured_media":0,"comment_status":"open","ping_status":"open","sticky":false,"template":"","format":"standard","meta":{"om_disable_all_campaigns":false,"_monsterinsights_skip_tracking":false,"_monsterinsights_sitenote_active":false,"_monsterinsights_sitenote_note":"","_monsterinsights_sitenote_category":0},"categories":[1],"tags":[],"_links":{"self":[{"href":"https:\/\/defensoriaparana.com.ar\/index.php\/wp-json\/wp\/v2\/posts\/3255"}],"collection":[{"href":"https:\/\/defensoriaparana.com.ar\/index.php\/wp-json\/wp\/v2\/posts"}],"about":[{"href":"https:\/\/defensoriaparana.com.ar\/index.php\/wp-json\/wp\/v2\/types\/post"}],"author":[{"embeddable":true,"href":"https:\/\/defensoriaparana.com.ar\/index.php\/wp-json\/wp\/v2\/users\/1"}],"replies":[{"embeddable":true,"href":"https:\/\/defensoriaparana.com.ar\/index.php\/wp-json\/wp\/v2\/comments?post=3255"}],"version-history":[{"count":1,"href":"https:\/\/defensoriaparana.com.ar\/index.php\/wp-json\/wp\/v2\/posts\/3255\/revisions"}],"predecessor-version":[{"id":3258,"href":"https:\/\/defensoriaparana.com.ar\/index.php\/wp-json\/wp\/v2\/posts\/3255\/revisions\/3258"}],"wp:attachment":[{"href":"https:\/\/defensoriaparana.com.ar\/index.php\/wp-json\/wp\/v2\/media?parent=3255"}],"wp:term":[{"taxonomy":"category","embeddable":true,"href":"https:\/\/defensoriaparana.com.ar\/index.php\/wp-json\/wp\/v2\/categories?post=3255"},{"taxonomy":"post_tag","embeddable":true,"href":"https:\/\/defensoriaparana.com.ar\/index.php\/wp-json\/wp\/v2\/tags?post=3255"}],"curies":[{"name":"wp","href":"https:\/\/api.w.org\/{rel}","templated":true}]}}