{"id":3256,"date":"2015-04-02T21:25:02","date_gmt":"2015-04-02T21:25:02","guid":{"rendered":"http:\/\/defensoriaparana.com.ar\/?p=3256"},"modified":"2022-08-26T21:26:09","modified_gmt":"2022-08-26T21:26:09","slug":"mas-de-20-escuelas-y-200-estudiantes-inscriptos-en-el-concurso-sobre-derechos-ciudadanos","status":"publish","type":"post","link":"https:\/\/defensoriaparana.com.ar\/index.php\/2015\/04\/02\/mas-de-20-escuelas-y-200-estudiantes-inscriptos-en-el-concurso-sobre-derechos-ciudadanos\/","title":{"rendered":"M\u00e1s de 20 escuelas y 200 estudiantes inscriptos en el concurso sobre derechos ciudadanos"},"content":{"rendered":"<p>La Defensor\u00eda del Pueblo de Paran\u00e1, el Concejo Deliberante y la Universidad Nacional de Entre R\u00edos (UADER) presentaron este viernes un concurso de preguntas y respuestas sobre construcci\u00f3n de ciudadan\u00eda y derechos ciudadanos, \u00a0dirigido a estudiantes del 4to. al \u00a06to. a\u00f1o nivel medio de Paran\u00e1.<\/p>\n<p>Las escuelas tienen tiempo para inscribirse hasta el 30 de abril y el certamen comenzar\u00e1 el 20 de mayo en el Colegio Nacional. Ya hay 23 escuelas y 209 estudiantes anotados para participar del concurso que constar\u00e1 de tres etapas, \u00a0dos eliminatorias y una final.<\/p>\n<p>Encabezaron el acto que se realiz\u00f3 en la Casa de la Ciudad el presidente del Concejo Deliberante, Gast\u00f3n Grand; el rector de la Universidad, An\u00edbal Sattler; el titular de la Defensor\u00eda, Luis Garay; el Secretario de Cultura de Entre R\u00edos, Roberto Romani; y la coordinadora del \u00c1rea de Promoci\u00f3n de Derechos Humanos y Participaci\u00f3n Ciudadana de la casa de estudios, Mar\u00eda Luz Pi\u00e9rola, quienes se refirieron a la iniciativa y a los objetivos del concurso sobre Construcci\u00f3n de Ciudadan\u00eda: los nuevos derechos ciudadanos del Siglo XXI. Tambi\u00e9n estuvo presente el concejal socialista Marcelo Haddad.<\/p>\n<p>\u201cEste concurso tiene que ver con los nuevos derechos ciudadanos y nos parec\u00eda vital el hecho de poder conocerlos para incorporarlos mejor, y que obviamente los j\u00f3venes puedan en el futuro volver a transformar esos derechos con nuevas conquistas\u201d, se\u00f1al\u00f3 el titular del Concejo.<\/p>\n<p>En tanto, el Defensor Garay destac\u00f3 la importancia que tiene la iniciativa para los j\u00f3venes y la ciudad y se expidi\u00f3 a favor que iniciativas como \u00e9sta, que convoquen la participaci\u00f3n de los j\u00f3venes, sean pol\u00edtica de Estado. Y mencion\u00f3, a modo de ejemplo, el Senado Estudiantil y el espacio para los j\u00f3venes en el marco del Concejo Deliberante.<\/p>\n<p>\u201cCreemos que este concurso de los nuevos derechos tiene que ir por mucho m\u00e1s, transformando con alegr\u00eda, que los j\u00f3venes se sientan part\u00edcipes de este concurso\u201d, afirm\u00f3 y seguidamente agradeci\u00f3 a las instituciones que acompa\u00f1aron la realizaci\u00f3n del proyecto. \u201cEs importante para la ciudad que los j\u00f3venes se sientan part\u00edcipes de este concurso\u201d, expres\u00f3.<\/p>\n<p>Sattler destac\u00f3 el hecho de \u201cavanzar en esta tem\u00e1tica\u201d y \u201cel compromiso de las escuelas que se suman\u201d. Dijo que la universidad \u201ces generadora de debates y debe participar como formadora de opini\u00f3n no s\u00f3lo hacia adentro de sus claustros, sino hacia la comunidad\u201d. En este sentido, el rector remarc\u00f3, seg\u00fan consigna APF, que el concurso \u201cm\u00e1s all\u00e1 de la instancia competitiva, es una instancia fuerte de formaci\u00f3n\u201d.<\/p>\n<p>Romani, en tanto, dijo: \u201cCuando se trata de entusiasmar a los j\u00f3venes en una propuesta como \u00e9sta, creo que tenemos que poner todo lo que est\u00e1 a nuestro alcance en lo material y en lo humano\u201d. El funcionario a\u00f1adi\u00f3 que \u201ces una linda tradici\u00f3n convocar a los j\u00f3venes para este tipo de actividades y que exterioricen lo que han aprendido\u201d.<\/p>\n<p>Finalmente, Pi\u00e9rola manifest\u00f3 que \u201csiempre es interesante trabajar con los j\u00f3venes, m\u00e1s a\u00fan cuando se trata de que conozcan sus derechos, que son sujetos de derecho y pueden exigirlos\u201d.<\/p>\n<p>&nbsp;<\/p>\n<p>El certamen comenzar\u00e1 \u00a0el 20 de mayo en el Colegio Nacional de la capital entrerriana. La actividad tiene el objetivo de fomentar el conocimiento de los nuevos derechos del Siglo XXI y la participaci\u00f3n ciudadana en los j\u00f3venes. Adem\u00e1s de las instituciones organizadoras, adhieren y colaboran en la instrumentaci\u00f3n del concurso el Consejo General de Educaci\u00f3n y el Ministerio de Cultura y Comunicaci\u00f3n de Entre R\u00edos.<\/p>\n","protected":false},"excerpt":{"rendered":"<p>La Defensor\u00eda del Pueblo de Paran\u00e1, el Concejo Deliberante y la Universidad Nacional de Entre R\u00edos (UADER) presentaron este viernes un concurso de preguntas y respuestas sobre construcci\u00f3n de ciudadan\u00eda y derechos ciudadanos, \u00a0dirigido a estudiantes del 4to. al \u00a06to. a\u00f1o nivel medio de Paran\u00e1. Las escuelas tienen tiempo para inscribirse hasta el 30 de [&hellip;]<\/p>\n","protected":false},"author":1,"featured_media":0,"comment_status":"open","ping_status":"open","sticky":false,"template":"","format":"standard","meta":{"om_disable_all_campaigns":false,"_monsterinsights_skip_tracking":false,"_monsterinsights_sitenote_active":false,"_monsterinsights_sitenote_note":"","_monsterinsights_sitenote_category":0},"categories":[1],"tags":[],"_links":{"self":[{"href":"https:\/\/defensoriaparana.com.ar\/index.php\/wp-json\/wp\/v2\/posts\/3256"}],"collection":[{"href":"https:\/\/defensoriaparana.com.ar\/index.php\/wp-json\/wp\/v2\/posts"}],"about":[{"href":"https:\/\/defensoriaparana.com.ar\/index.php\/wp-json\/wp\/v2\/types\/post"}],"author":[{"embeddable":true,"href":"https:\/\/defensoriaparana.com.ar\/index.php\/wp-json\/wp\/v2\/users\/1"}],"replies":[{"embeddable":true,"href":"https:\/\/defensoriaparana.com.ar\/index.php\/wp-json\/wp\/v2\/comments?post=3256"}],"version-history":[{"count":2,"href":"https:\/\/defensoriaparana.com.ar\/index.php\/wp-json\/wp\/v2\/posts\/3256\/revisions"}],"predecessor-version":[{"id":3260,"href":"https:\/\/defensoriaparana.com.ar\/index.php\/wp-json\/wp\/v2\/posts\/3256\/revisions\/3260"}],"wp:attachment":[{"href":"https:\/\/defensoriaparana.com.ar\/index.php\/wp-json\/wp\/v2\/media?parent=3256"}],"wp:term":[{"taxonomy":"category","embeddable":true,"href":"https:\/\/defensoriaparana.com.ar\/index.php\/wp-json\/wp\/v2\/categories?post=3256"},{"taxonomy":"post_tag","embeddable":true,"href":"https:\/\/defensoriaparana.com.ar\/index.php\/wp-json\/wp\/v2\/tags?post=3256"}],"curies":[{"name":"wp","href":"https:\/\/api.w.org\/{rel}","templated":true}]}}