{"id":3262,"date":"2014-07-16T21:27:54","date_gmt":"2014-07-16T21:27:54","guid":{"rendered":"http:\/\/defensoriaparana.com.ar\/?p=3262"},"modified":"2022-08-26T21:28:47","modified_gmt":"2022-08-26T21:28:47","slug":"invitan-al-defensor-del-pueblo-de-parana-a-exponer-en-colombia","status":"publish","type":"post","link":"https:\/\/defensoriaparana.com.ar\/index.php\/2014\/07\/16\/invitan-al-defensor-del-pueblo-de-parana-a-exponer-en-colombia\/","title":{"rendered":"Invitan al Defensor del Pueblo de Paran\u00e1 a exponer en Colombia"},"content":{"rendered":"<p>El Consejo Directivo del Instituto Latinoamericano del Ombudsman\u00a0(ILO)\u00a0\u2013 Defensor del Pueblo convoc\u00f3 al Defensor del Pueblo de la Ciudad de Paran\u00e1, Luis Garay, a participar en car\u00e1cter de expositor en la Asamblea General que se llevar\u00e1 a cabo en la ciudad de Cali, Colombia, los d\u00edas 14 y 15 de agosto pr\u00f3ximos.<\/p>\n<p>La nota dirigida \u00a0por el presidente del ILO, Carlos Constenla, al Defensor consigna que \u201cdicha Asamblea, en el formato de un seminario, desarrollar\u00e1 como tema central de estudio las Comisiones y Defensor\u00edas de Derechos Humanos municipales en la que est\u00e1 previsto que (el Defensor Garay) participe como expositor\u201d. A continuaci\u00f3n, se informa que el programa est\u00e1 en elaboraci\u00f3n y que ser\u00e1 remitido apenas est\u00e9 listo. De todas formas, se adelantan algunos temas a tratar: la creaci\u00f3n de Observatorios y otros instrumentos para velar por el respeto de los Derechos Humanos, apoyo del IOI a la creaci\u00f3n de la Defensor\u00eda del Pueblo en Chile, seminario Internacional: El Defensor del Pueblo. Nuevos conceptos y perspectivas. Los desaf\u00edos del siglo XXI, entre otros.<\/p>\n","protected":false},"excerpt":{"rendered":"<p>El Consejo Directivo del Instituto Latinoamericano del Ombudsman\u00a0(ILO)\u00a0\u2013 Defensor del Pueblo convoc\u00f3 al Defensor del Pueblo de la Ciudad de Paran\u00e1, Luis Garay, a participar en car\u00e1cter de expositor en la Asamblea General que se llevar\u00e1 a cabo en la ciudad de Cali, Colombia, los d\u00edas 14 y 15 de agosto pr\u00f3ximos. La nota dirigida [&hellip;]<\/p>\n","protected":false},"author":1,"featured_media":0,"comment_status":"open","ping_status":"open","sticky":false,"template":"","format":"standard","meta":{"om_disable_all_campaigns":false,"_monsterinsights_skip_tracking":false,"_monsterinsights_sitenote_active":false,"_monsterinsights_sitenote_note":"","_monsterinsights_sitenote_category":0},"categories":[1],"tags":[],"_links":{"self":[{"href":"https:\/\/defensoriaparana.com.ar\/index.php\/wp-json\/wp\/v2\/posts\/3262"}],"collection":[{"href":"https:\/\/defensoriaparana.com.ar\/index.php\/wp-json\/wp\/v2\/posts"}],"about":[{"href":"https:\/\/defensoriaparana.com.ar\/index.php\/wp-json\/wp\/v2\/types\/post"}],"author":[{"embeddable":true,"href":"https:\/\/defensoriaparana.com.ar\/index.php\/wp-json\/wp\/v2\/users\/1"}],"replies":[{"embeddable":true,"href":"https:\/\/defensoriaparana.com.ar\/index.php\/wp-json\/wp\/v2\/comments?post=3262"}],"version-history":[{"count":1,"href":"https:\/\/defensoriaparana.com.ar\/index.php\/wp-json\/wp\/v2\/posts\/3262\/revisions"}],"predecessor-version":[{"id":3265,"href":"https:\/\/defensoriaparana.com.ar\/index.php\/wp-json\/wp\/v2\/posts\/3262\/revisions\/3265"}],"wp:attachment":[{"href":"https:\/\/defensoriaparana.com.ar\/index.php\/wp-json\/wp\/v2\/media?parent=3262"}],"wp:term":[{"taxonomy":"category","embeddable":true,"href":"https:\/\/defensoriaparana.com.ar\/index.php\/wp-json\/wp\/v2\/categories?post=3262"},{"taxonomy":"post_tag","embeddable":true,"href":"https:\/\/defensoriaparana.com.ar\/index.php\/wp-json\/wp\/v2\/tags?post=3262"}],"curies":[{"name":"wp","href":"https:\/\/api.w.org\/{rel}","templated":true}]}}