{"id":3263,"date":"2014-07-08T21:27:55","date_gmt":"2014-07-08T21:27:55","guid":{"rendered":"http:\/\/defensoriaparana.com.ar\/?p=3263"},"modified":"2022-08-26T21:29:00","modified_gmt":"2022-08-26T21:29:00","slug":"la-defensoria-emitio-una-recomendacion-por-el-cobro-a-frentistas-de-la-obra-de-avenida-ramirez","status":"publish","type":"post","link":"https:\/\/defensoriaparana.com.ar\/index.php\/2014\/07\/08\/la-defensoria-emitio-una-recomendacion-por-el-cobro-a-frentistas-de-la-obra-de-avenida-ramirez\/","title":{"rendered":"La Defensor\u00eda emiti\u00f3 una recomendaci\u00f3n por el cobro a frentistas de la obra de Avenida Ram\u00edrez"},"content":{"rendered":"<p>La Defensor\u00eda del Pueblo de la Ciudad de Paran\u00e1 emiti\u00f3 una recomendaci\u00f3n en relaci\u00f3n a la situaci\u00f3n de vecinos frentistas de Avenida Ram\u00edrez, entre las calles Racedo y Avenida de las Am\u00e9ricas, generada a partir de la exigencia municipal del pago de la contribuci\u00f3n por mejoras de la obras de ensanche, repavimentaci\u00f3n y desag\u00fces en esa arteria.<\/p>\n<p>Concretamente, el punto radica en el hecho de que la exigencia de pago comenz\u00f3 a notificarse despu\u00e9s de los cinco a\u00f1os de habilitada la obra, tiempo en el que se considera prescripta la obligaci\u00f3n. Por ello, la Defensor\u00eda del Pueblo dirigi\u00f3 la Recomendaci\u00f3n N\u00ba1 al Concejo Deliberante para que \u201csancione la norma correspondiente a fin de que impute el pago efectuado por frentistas en relaci\u00f3n a la obra (\u2026)\u00a0 a cr\u00e9ditos equivalentes para obligaciones tributarias municipales vencidas o a vencer\u201d.<\/p>\n<p>La Defensor\u00eda se expidi\u00f3 ante la presentaci\u00f3n de reclamos de vecinos domiciliados en ese tramo de la avenida. Entre los frentistas se dieron tres situaciones: los que celebraron convenios de pago con el Municipio, los que directamente cancelaron la supuesta deuda y los que se mantuvieron en la posici\u00f3n de no abonar\u00a0 invocando la prescripci\u00f3n de la obligaci\u00f3n.<\/p>\n<p>En vista de la situaci\u00f3n, la Defensor\u00eda recomienda que a quienes cancelaron la deuda totalmente o est\u00e1n cumpliendo convenios se les considere esos pagos como cr\u00e9ditos para abonar tasas.<\/p>\n<p>En los fundamentos de la Recomendaci\u00f3n se cita la existencia de otra Recomendaci\u00f3n, emitida en 2005 mediante la que esta instituci\u00f3n instaba al Ejecutivo Municipal a revisar la ordenanza 8514 y su decreto reglamentario, normas que dispon\u00edan la obligatoriedad del pago de la contribuci\u00f3n por mejoras por la obra mencionada. El pedido de la instituci\u00f3n fue tras concluir que los plazos estaban vencidos en ese momento debido a que hab\u00eda transcurrido m\u00e1s de un lustro.<\/p>\n<p>As\u00ed las cosas, se se\u00f1ala en la Recomendaci\u00f3n emitida el 18 de junio \u00faltimo que \u201cla falta de igualdad se hace evidente entre quienes pagaron la obligaci\u00f3n cuya acci\u00f3n de cobro se hallaba prescripta y quienes no lo hicieron por haber invocado este instituto del derecho, gener\u00e1ndose con ello una violaci\u00f3n del mencionado principio de igualdad en las cargas p\u00fablicas\u201d.<\/p>\n","protected":false},"excerpt":{"rendered":"<p>La Defensor\u00eda del Pueblo de la Ciudad de Paran\u00e1 emiti\u00f3 una recomendaci\u00f3n en relaci\u00f3n a la situaci\u00f3n de vecinos frentistas de Avenida Ram\u00edrez, entre las calles Racedo y Avenida de las Am\u00e9ricas, generada a partir de la exigencia municipal del pago de la contribuci\u00f3n por mejoras de la obras de ensanche, repavimentaci\u00f3n y desag\u00fces en [&hellip;]<\/p>\n","protected":false},"author":1,"featured_media":0,"comment_status":"open","ping_status":"open","sticky":false,"template":"","format":"standard","meta":{"om_disable_all_campaigns":false,"_monsterinsights_skip_tracking":false,"_monsterinsights_sitenote_active":false,"_monsterinsights_sitenote_note":"","_monsterinsights_sitenote_category":0},"categories":[1],"tags":[],"_links":{"self":[{"href":"https:\/\/defensoriaparana.com.ar\/index.php\/wp-json\/wp\/v2\/posts\/3263"}],"collection":[{"href":"https:\/\/defensoriaparana.com.ar\/index.php\/wp-json\/wp\/v2\/posts"}],"about":[{"href":"https:\/\/defensoriaparana.com.ar\/index.php\/wp-json\/wp\/v2\/types\/post"}],"author":[{"embeddable":true,"href":"https:\/\/defensoriaparana.com.ar\/index.php\/wp-json\/wp\/v2\/users\/1"}],"replies":[{"embeddable":true,"href":"https:\/\/defensoriaparana.com.ar\/index.php\/wp-json\/wp\/v2\/comments?post=3263"}],"version-history":[{"count":1,"href":"https:\/\/defensoriaparana.com.ar\/index.php\/wp-json\/wp\/v2\/posts\/3263\/revisions"}],"predecessor-version":[{"id":3266,"href":"https:\/\/defensoriaparana.com.ar\/index.php\/wp-json\/wp\/v2\/posts\/3263\/revisions\/3266"}],"wp:attachment":[{"href":"https:\/\/defensoriaparana.com.ar\/index.php\/wp-json\/wp\/v2\/media?parent=3263"}],"wp:term":[{"taxonomy":"category","embeddable":true,"href":"https:\/\/defensoriaparana.com.ar\/index.php\/wp-json\/wp\/v2\/categories?post=3263"},{"taxonomy":"post_tag","embeddable":true,"href":"https:\/\/defensoriaparana.com.ar\/index.php\/wp-json\/wp\/v2\/tags?post=3263"}],"curies":[{"name":"wp","href":"https:\/\/api.w.org\/{rel}","templated":true}]}}