{"id":3267,"date":"2020-07-26T21:30:04","date_gmt":"2020-07-26T21:30:04","guid":{"rendered":"http:\/\/defensoriaparana.com.ar\/?p=3267"},"modified":"2022-08-26T21:30:48","modified_gmt":"2022-08-26T21:30:48","slug":"rondas-de-escucha-virtual-una-propuesta-para-estar-cerca","status":"publish","type":"post","link":"https:\/\/defensoriaparana.com.ar\/index.php\/2020\/07\/26\/rondas-de-escucha-virtual-una-propuesta-para-estar-cerca\/","title":{"rendered":"Rondas de escucha virtual, una propuesta para estar cerca"},"content":{"rendered":"<div dir=\"ltr\">\n<div>\n<p>La ronda de escucha virtual para docentes, organizada por el Centro de Mediaci\u00f3n de la Defensor\u00eda del Pueblo de la Ciudad de Paran\u00e1 como una propuesta de encuentro y de acompa\u00f1amiento en estos tiempos in\u00e9ditos, sobrepas\u00f3 las expectativas y los cupos posibles. Se anotaron 60 personas y otras quedaron a la espera de una nueva convocatoria.<\/p>\n<p>La ronda, que en \u00e9pocas de normalidad, consist\u00eda en una reuni\u00f3n de personas en un mismo espacio f\u00edsico, cara a cara y cerca una de la otra, ahora se concreta a distancia, mediante una pantalla, y con la misma premisa: lograr cercan\u00eda, encuentro, aprendizajes mutuos.<\/p>\n<p>\u201cSe trata de brindar un espacio de acompa\u00f1amiento y un momento de contenci\u00f3n. La escucha es un acto generoso que todos podemos brindar\u00a0y es una manera de construir comunidad\u201d, explica Irina Chausovsky, coordinadora del Centro de Mediaci\u00f3n, ante una consulta period\u00edstica de Canal Once respecto de la ronda de escucha destinada a docentes de la ciudad y zonas aleda\u00f1as, que se desarroll\u00f3 este mi\u00e9rcoles, 8 de julio, de 18 a 20, a trav\u00e9s de la plataforma Zoom.<\/p>\n<p>Agrega que la idea del Centro de Mediaci\u00f3n es propiciar el espacio de encuentro y que la totalidad de los participantes sean protagonistas y, a la vez, generadores de ese \u00e1mbito. En este caso,\u00a0\u00a0la propuesta estuvo dirigida a docentes, con la intenci\u00f3n de que puedan tomar el modelo de experiencia y, si les resulta positiva, puedan replicarla al interior de su comunidad educativa, entre pares y estudiantes. En el mes de mayo se realizaron otras rondas dirigidas a los mediadores voluntarios integrantes del Registro de la Defensor\u00eda del Pueblo.<\/p>\n<\/div>\n<\/div>\n<div dir=\"ltr\">\n<p>Un objetivo esencial de esta ronda es la tramitaci\u00f3n de emociones, es decir poder -a trav\u00e9s de la escucha mutua y contenci\u00f3n- expresar y compartir sentimientos y experiencias a partir de realidades adversas, como la situaci\u00f3n actual de aislamiento y pandemia y el impacto, en este caso, en los docentes.<\/p>\n<p>\u201cTramitar emociones es algo necesario de nuestro ser, indispensable, y m\u00e1s en un momento como este en el que hay tantas emociones mezcladas, antag\u00f3nicas, efervescentes\u201d, afirma la Coordinadora al referirse al prop\u00f3sito de fondo de las rondas.<\/p>\n<p>En cuanto a lo que surge en encuentros ya realizados, destaca el hecho de sentirse acompa\u00f1ado, de no sentirse solo. Tambi\u00e9n,\u00a0\u00a0\u201caparece mucho el sentimiento de incertidumbre, desasosiego, agotamiento\u201d, dice y remarca que esta \u00faltima palabra, agotamiento, es la que m\u00e1s se reitera.<\/p>\n<p>\u201cLa ronda busca potenciar la resiliencia\u201d, comenta y remarca que se trata de la capacidad con la que se puede superar las adversidades y salir\u00a0\u00a0fortalecidos y enriquecidos de esas experiencias.<\/p>\n<p>En cuanto a la instrumentaci\u00f3n de la ronda, la estructura consta de dos etapas: una, en la que los participantes expresan c\u00f3mo se sienten. En la segunda, se profundiza en lo que se est\u00e1 aprendiendo de esa experiencia con la idea de rescatar aquello que resulta positivo, constructivo. Todo ello, \u201csin dejar de reconocer lo que nos est\u00e1 pasando; de eso se trata tramitar las emociones\u201d, acota.<\/p>\n<p>Seguidamente, agrega que el rescate del aprendizaje y crecimiento que se obtiene en el espacio, contribuye al enriquecimiento mutuo del grupo, con lo que se logra construir comunidad. Y de eso se trata, la propuesta.<\/p>\n<p>Respecto de la invitaci\u00f3n a participar de esta primera ronda de escucha virtual, con convocatoria abierta, Irina Chausovsky destaca que la propuesta tuvo una respuesta altamente positiva -pues en cuesti\u00f3n de horas se complet\u00f3 el cupo de 60 inscriptos- y plantea la posibilidad de continuar con la experiencia, de \u00edndole gratuita, y que incluye la colaboraci\u00f3n de mediadoras que integran el registro voluntario de la instituci\u00f3n, en calidad de facilitadoras.<\/p>\n<p>Ante la vigencia del aislamiento obligatorio y la nueva situaci\u00f3n imperante, la Defensor\u00eda del Pueblo de Paran\u00e1 y su Centro de Mediaci\u00f3n adaptaron la modalidad de trabajo y de capacitaci\u00f3n virtual con el fin de continuar conectados y cerca, y al servicio de la comunidad.<\/p>\n<p><u><\/u>\u00a0<u><\/u><u><\/u>Para acceder a la nota:\u00a0<a href=\"https:\/\/www.youtube.com\/watch?v=HAlYbJ6jC4o&amp;feature=youtu.be\" target=\"_blank\" rel=\"noopener noreferrer\" data-auth=\"NotApplicable\">https:\/\/www.youtube.com\/watch?v=HAlYbJ6jC4o&amp;feature=youtu.be<\/a><\/p>\n<p>Im\u00e1genes de la ronda destinada a docentes, realizada el mi\u00e9rcoles. Una de ellas,\u00a0 corresponde al final del encuentro y\u00a0muestra carteles en los que los participantes expresan sus sentimientos tras transitar la ronda de escucha.<\/p>\n<p>&nbsp;<\/p>\n<p><img loading=\"lazy\" class=\"alignnone wp-image-7306\" src=\"http:\/\/www.defensoriaparana.gov.ar\/wp-content\/uploads\/DOCENTES-4.jpg\" sizes=\"(max-width: 570px) 100vw, 570px\" srcset=\"https:\/\/www.defensoriaparana.gov.ar\/wp-content\/uploads\/DOCENTES-4.jpg 1280w, https:\/\/www.defensoriaparana.gov.ar\/wp-content\/uploads\/DOCENTES-4-300x169.jpg 300w, https:\/\/www.defensoriaparana.gov.ar\/wp-content\/uploads\/DOCENTES-4-768x431.jpg 768w, https:\/\/www.defensoriaparana.gov.ar\/wp-content\/uploads\/DOCENTES-4-1024x575.jpg 1024w, https:\/\/www.defensoriaparana.gov.ar\/wp-content\/uploads\/DOCENTES-4-170x95.jpg 170w, https:\/\/www.defensoriaparana.gov.ar\/wp-content\/uploads\/DOCENTES-4-284x160.jpg 284w\" alt=\"\" width=\"570\" height=\"320\" \/><\/p>\n<p><img loading=\"lazy\" class=\"alignnone wp-image-7304\" src=\"http:\/\/www.defensoriaparana.gov.ar\/wp-content\/uploads\/DOCENTES-2.jpg\" sizes=\"(max-width: 508px) 100vw, 508px\" srcset=\"https:\/\/www.defensoriaparana.gov.ar\/wp-content\/uploads\/DOCENTES-2.jpg 1280w, https:\/\/www.defensoriaparana.gov.ar\/wp-content\/uploads\/DOCENTES-2-300x169.jpg 300w, https:\/\/www.defensoriaparana.gov.ar\/wp-content\/uploads\/DOCENTES-2-768x431.jpg 768w, https:\/\/www.defensoriaparana.gov.ar\/wp-content\/uploads\/DOCENTES-2-1024x575.jpg 1024w, https:\/\/www.defensoriaparana.gov.ar\/wp-content\/uploads\/DOCENTES-2-170x95.jpg 170w, https:\/\/www.defensoriaparana.gov.ar\/wp-content\/uploads\/DOCENTES-2-284x160.jpg 284w\" alt=\"\" width=\"508\" height=\"285\" \/><\/p>\n<p><img loading=\"lazy\" class=\"alignnone wp-image-7303\" src=\"http:\/\/www.defensoriaparana.gov.ar\/wp-content\/uploads\/DOCENTES-1.jpg\" sizes=\"(max-width: 539px) 100vw, 539px\" srcset=\"https:\/\/www.defensoriaparana.gov.ar\/wp-content\/uploads\/DOCENTES-1.jpg 989w, https:\/\/www.defensoriaparana.gov.ar\/wp-content\/uploads\/DOCENTES-1-300x178.jpg 300w, https:\/\/www.defensoriaparana.gov.ar\/wp-content\/uploads\/DOCENTES-1-768x456.jpg 768w, https:\/\/www.defensoriaparana.gov.ar\/wp-content\/uploads\/DOCENTES-1-170x101.jpg 170w, https:\/\/www.defensoriaparana.gov.ar\/wp-content\/uploads\/DOCENTES-1-284x169.jpg 284w\" alt=\"\" width=\"539\" height=\"320\" \/><\/p>\n<p>&nbsp;<\/p>\n<p><img loading=\"lazy\" class=\"alignnone wp-image-7305\" src=\"http:\/\/www.defensoriaparana.gov.ar\/wp-content\/uploads\/DOCENTES-3.jpg\" sizes=\"(max-width: 579px) 100vw, 579px\" srcset=\"https:\/\/www.defensoriaparana.gov.ar\/wp-content\/uploads\/DOCENTES-3.jpg 1280w, https:\/\/www.defensoriaparana.gov.ar\/wp-content\/uploads\/DOCENTES-3-300x169.jpg 300w, https:\/\/www.defensoriaparana.gov.ar\/wp-content\/uploads\/DOCENTES-3-768x431.jpg 768w, https:\/\/www.defensoriaparana.gov.ar\/wp-content\/uploads\/DOCENTES-3-1024x575.jpg 1024w, https:\/\/www.defensoriaparana.gov.ar\/wp-content\/uploads\/DOCENTES-3-170x95.jpg 170w, https:\/\/www.defensoriaparana.gov.ar\/wp-content\/uploads\/DOCENTES-3-284x160.jpg 284w\" alt=\"\" width=\"579\" height=\"325\" \/><\/p>\n<p>&nbsp;<\/p>\n<p><img loading=\"lazy\" class=\"alignnone wp-image-7307\" src=\"http:\/\/www.defensoriaparana.gov.ar\/wp-content\/uploads\/DOCENTES-5.jpg\" sizes=\"(max-width: 617px) 100vw, 617px\" srcset=\"https:\/\/www.defensoriaparana.gov.ar\/wp-content\/uploads\/DOCENTES-5.jpg 1280w, https:\/\/www.defensoriaparana.gov.ar\/wp-content\/uploads\/DOCENTES-5-300x169.jpg 300w, https:\/\/www.defensoriaparana.gov.ar\/wp-content\/uploads\/DOCENTES-5-768x431.jpg 768w, https:\/\/www.defensoriaparana.gov.ar\/wp-content\/uploads\/DOCENTES-5-1024x575.jpg 1024w, https:\/\/www.defensoriaparana.gov.ar\/wp-content\/uploads\/DOCENTES-5-170x95.jpg 170w, https:\/\/www.defensoriaparana.gov.ar\/wp-content\/uploads\/DOCENTES-5-284x160.jpg 284w\" alt=\"\" width=\"617\" height=\"346\" \/><\/p>\n<\/div>\n","protected":false},"excerpt":{"rendered":"<p>La ronda de escucha virtual para docentes, organizada por el Centro de Mediaci\u00f3n de la Defensor\u00eda del Pueblo de la Ciudad de Paran\u00e1 como una propuesta de encuentro y de acompa\u00f1amiento en estos tiempos in\u00e9ditos, sobrepas\u00f3 las expectativas y los cupos posibles. Se anotaron 60 personas y otras quedaron a la espera de una nueva [&hellip;]<\/p>\n","protected":false},"author":1,"featured_media":0,"comment_status":"open","ping_status":"open","sticky":false,"template":"","format":"standard","meta":{"om_disable_all_campaigns":false,"_monsterinsights_skip_tracking":false,"_monsterinsights_sitenote_active":false,"_monsterinsights_sitenote_note":"","_monsterinsights_sitenote_category":0},"categories":[1],"tags":[],"_links":{"self":[{"href":"https:\/\/defensoriaparana.com.ar\/index.php\/wp-json\/wp\/v2\/posts\/3267"}],"collection":[{"href":"https:\/\/defensoriaparana.com.ar\/index.php\/wp-json\/wp\/v2\/posts"}],"about":[{"href":"https:\/\/defensoriaparana.com.ar\/index.php\/wp-json\/wp\/v2\/types\/post"}],"author":[{"embeddable":true,"href":"https:\/\/defensoriaparana.com.ar\/index.php\/wp-json\/wp\/v2\/users\/1"}],"replies":[{"embeddable":true,"href":"https:\/\/defensoriaparana.com.ar\/index.php\/wp-json\/wp\/v2\/comments?post=3267"}],"version-history":[{"count":1,"href":"https:\/\/defensoriaparana.com.ar\/index.php\/wp-json\/wp\/v2\/posts\/3267\/revisions"}],"predecessor-version":[{"id":3270,"href":"https:\/\/defensoriaparana.com.ar\/index.php\/wp-json\/wp\/v2\/posts\/3267\/revisions\/3270"}],"wp:attachment":[{"href":"https:\/\/defensoriaparana.com.ar\/index.php\/wp-json\/wp\/v2\/media?parent=3267"}],"wp:term":[{"taxonomy":"category","embeddable":true,"href":"https:\/\/defensoriaparana.com.ar\/index.php\/wp-json\/wp\/v2\/categories?post=3267"},{"taxonomy":"post_tag","embeddable":true,"href":"https:\/\/defensoriaparana.com.ar\/index.php\/wp-json\/wp\/v2\/tags?post=3267"}],"curies":[{"name":"wp","href":"https:\/\/api.w.org\/{rel}","templated":true}]}}