{"id":3268,"date":"2020-07-23T21:30:06","date_gmt":"2020-07-23T21:30:06","guid":{"rendered":"http:\/\/defensoriaparana.com.ar\/?p=3268"},"modified":"2022-08-26T21:31:05","modified_gmt":"2022-08-26T21:31:05","slug":"habra-una-ronda-de-escucha-virtual-para-docentes-en-epoca-de-aislamiento","status":"publish","type":"post","link":"https:\/\/defensoriaparana.com.ar\/index.php\/2020\/07\/23\/habra-una-ronda-de-escucha-virtual-para-docentes-en-epoca-de-aislamiento\/","title":{"rendered":"Habr\u00e1 una ronda de escucha virtual para docentes en \u00e9poca de aislamiento"},"content":{"rendered":"<p>El Centro de Mediaci\u00f3n Comunitaria de la Defensor\u00eda del Pueblo de Paran\u00e1 ofrece una nueva propuesta, dise\u00f1ada especialmente para docentes de distintos niveles educativos de la ciudad y zonas aleda\u00f1as. Se trata de una ronda de escucha virtual, con el objetivo de generar un espacio de encuentro y acompa\u00f1amiento en esta etapa dif\u00edcil, de pandemia y aislamiento social. Ser\u00e1 el pr\u00f3ximo mi\u00e9rcoles 8, de 18 a 20, a trav\u00e9s de la plataforma Zoom. La participaci\u00f3n es gratuita, los cupos son limitados y hay tiempo para inscribirse hasta el 7 de julio.<\/p>\n<p>&nbsp;<\/p>\n<p><img loading=\"lazy\" class=\"alignnone  wp-image-7298\" src=\"http:\/\/www.defensoriaparana.gov.ar\/wp-content\/uploads\/afiche-ronda-virtual.jpeg\" sizes=\"(max-width: 366px) 100vw, 366px\" srcset=\"https:\/\/www.defensoriaparana.gov.ar\/wp-content\/uploads\/afiche-ronda-virtual.jpeg 905w, https:\/\/www.defensoriaparana.gov.ar\/wp-content\/uploads\/afiche-ronda-virtual-212x300.jpeg 212w, https:\/\/www.defensoriaparana.gov.ar\/wp-content\/uploads\/afiche-ronda-virtual-768x1086.jpeg 768w, https:\/\/www.defensoriaparana.gov.ar\/wp-content\/uploads\/afiche-ronda-virtual-724x1024.jpeg 724w, https:\/\/www.defensoriaparana.gov.ar\/wp-content\/uploads\/afiche-ronda-virtual-170x240.jpeg 170w, https:\/\/www.defensoriaparana.gov.ar\/wp-content\/uploads\/afiche-ronda-virtual-284x402.jpeg 284w\" alt=\"\" width=\"366\" height=\"518\" \/><\/p>\n<p>La actividad propone la escucha, como modo de contenci\u00f3n mutua y acompa\u00f1amiento, y consiste en la reuni\u00f3n y participaci\u00f3n en un espacio virtual en el que la idea ser\u00e1, fundamentalmente, compartir emociones y experiencias.<\/p>\n<p>La organizaci\u00f3n de rondas de escuchas virtuales se orienta, en una primera etapa, a docentes, con la intenci\u00f3n de crear un \u00e1mbito de sost\u00e9n a este sector en particular.\u00a0 La idea es que los docentes participantes puedan, luego, trasladar este modelo de \u00abc\u00edrculo de escucha\u00bb\u00a0a los estudiantes y\u00a0equipos de trabajo propios.<\/p>\n<p>En cuanto a la modalidad y los logros de la ronda virtual, se resalta que mediante \u201cla escucha se potencia la palabra\u201d y a trav\u00e9s de un\u00a0acercamiento entre las personas que ponga foco en el contacto directo, se posibilita \u201cla tramitaci\u00f3n de emociones\u201d, tan diversas en la realidad actual.<\/p>\n<p>\u201cLa ronda ofrece una oportunidad a todos los participantes para expresar sentimientos, ser escuchados y brindar su propia escucha como una forma generosa de construir comunidad. A la vez, haciendo eje en la noci\u00f3n de resiliencia, se rescatan los aprendizajes de una etapa en la que todos experimentamos desaf\u00edos y penurias cotidianamente\u201d, puntualiza la invitaci\u00f3n del Centro de Mediaci\u00f3n.<\/p>\n<p>La actividad, con el formato virtual, se realiz\u00f3 en dos oportunidades, en d\u00edas pasados, con excelentes resultados, por lo que la Defensor\u00eda del Pueblo convoca y propicia la participaci\u00f3n en este tipo de espacios y encuentros a distancia. Los interesados en obtener m\u00e1s informaci\u00f3n y en inscribirse pueden escribir a\u00a0<a href=\"mailto:dialogoscomunidad@gmail.com\">dialogoscomunidad@gmail.com<\/a>. Tambi\u00e9n, podr\u00e1n anotarse directamente completando el siguiente formulario\u00a0<a href=\"https:\/\/forms.gle\/PmzLY5GbXAyEB1RFA\" data-saferedirecturl=\"https:\/\/www.google.com\/url?q=https:\/\/forms.gle\/PmzLY5GbXAyEB1RFA&amp;source=gmail&amp;ust=1593965596317000&amp;usg=AFQjCNEam_qx0AHb_WCDPo-7I5GbejQL8w\">https:\/\/forms.gle\/PmzLY5GbXAyEB1RFA<\/a>.<\/p>\n<p>La Defensor\u00eda del Pueblo de Paran\u00e1, a trav\u00e9s del Centro de Mediaci\u00f3n, desarrolla -desde los inicios de la instituci\u00f3n- instancias de capacitaci\u00f3n y reflexi\u00f3n destinadas a docentes, comisiones vecinales, polic\u00eda y personal de organismos p\u00fablicos.<\/p>\n<p>El Centro de Mediaci\u00f3n brind\u00f3 en 2019 m\u00e1s de treinta talleres en instituciones de la ciudad. La actividad se basa en una de las l\u00edneas de trabajo del \u00e1rea, que radica en la prevenci\u00f3n de la violencia y la promoci\u00f3n de buenas pr\u00e1cticas en pos de una convivencia pac\u00edfica y saludable.<\/p>\n<p>&nbsp;<\/p>\n<p>Im\u00e1genes correspondientes a encuentros anteriores.<\/p>\n<p><img loading=\"lazy\" class=\"alignnone  wp-image-7299\" src=\"http:\/\/www.defensoriaparana.gov.ar\/wp-content\/uploads\/ronda-virtual-4.jpeg\" sizes=\"(max-width: 334px) 100vw, 334px\" srcset=\"https:\/\/www.defensoriaparana.gov.ar\/wp-content\/uploads\/ronda-virtual-4.jpeg 969w, https:\/\/www.defensoriaparana.gov.ar\/wp-content\/uploads\/ronda-virtual-4-300x187.jpeg 300w, https:\/\/www.defensoriaparana.gov.ar\/wp-content\/uploads\/ronda-virtual-4-768x478.jpeg 768w, https:\/\/www.defensoriaparana.gov.ar\/wp-content\/uploads\/ronda-virtual-4-170x106.jpeg 170w, https:\/\/www.defensoriaparana.gov.ar\/wp-content\/uploads\/ronda-virtual-4-284x177.jpeg 284w\" alt=\"\" width=\"334\" height=\"208\" \/>\u00a0 \u00a0 \u00a0 \u00a0\u00a0<img loading=\"lazy\" class=\"alignnone  wp-image-7297\" src=\"http:\/\/www.defensoriaparana.gov.ar\/wp-content\/uploads\/foto-ronda-virtual-3.jpeg\" sizes=\"(max-width: 363px) 100vw, 363px\" srcset=\"https:\/\/www.defensoriaparana.gov.ar\/wp-content\/uploads\/foto-ronda-virtual-3.jpeg 1280w, https:\/\/www.defensoriaparana.gov.ar\/wp-content\/uploads\/foto-ronda-virtual-3-300x169.jpeg 300w, https:\/\/www.defensoriaparana.gov.ar\/wp-content\/uploads\/foto-ronda-virtual-3-768x431.jpeg 768w, https:\/\/www.defensoriaparana.gov.ar\/wp-content\/uploads\/foto-ronda-virtual-3-1024x575.jpeg 1024w, https:\/\/www.defensoriaparana.gov.ar\/wp-content\/uploads\/foto-ronda-virtual-3-170x95.jpeg 170w, https:\/\/www.defensoriaparana.gov.ar\/wp-content\/uploads\/foto-ronda-virtual-3-284x160.jpeg 284w\" alt=\"\" width=\"363\" height=\"204\" \/><\/p>\n<p>&nbsp;<\/p>\n<p><img loading=\"lazy\" class=\"alignnone size-full wp-image-7296\" src=\"http:\/\/www.defensoriaparana.gov.ar\/wp-content\/uploads\/foto-ronda-virtual-2.jpeg\" sizes=\"(max-width: 976px) 100vw, 976px\" srcset=\"https:\/\/www.defensoriaparana.gov.ar\/wp-content\/uploads\/foto-ronda-virtual-2.jpeg 976w, https:\/\/www.defensoriaparana.gov.ar\/wp-content\/uploads\/foto-ronda-virtual-2-300x190.jpeg 300w, https:\/\/www.defensoriaparana.gov.ar\/wp-content\/uploads\/foto-ronda-virtual-2-768x486.jpeg 768w, https:\/\/www.defensoriaparana.gov.ar\/wp-content\/uploads\/foto-ronda-virtual-2-170x108.jpeg 170w, https:\/\/www.defensoriaparana.gov.ar\/wp-content\/uploads\/foto-ronda-virtual-2-284x180.jpeg 284w\" alt=\"\" width=\"976\" height=\"618\" \/><\/p>\n","protected":false},"excerpt":{"rendered":"<p>El Centro de Mediaci\u00f3n Comunitaria de la Defensor\u00eda del Pueblo de Paran\u00e1 ofrece una nueva propuesta, dise\u00f1ada especialmente para docentes de distintos niveles educativos de la ciudad y zonas aleda\u00f1as. Se trata de una ronda de escucha virtual, con el objetivo de generar un espacio de encuentro y acompa\u00f1amiento en esta etapa dif\u00edcil, de pandemia [&hellip;]<\/p>\n","protected":false},"author":1,"featured_media":0,"comment_status":"open","ping_status":"open","sticky":false,"template":"","format":"standard","meta":{"om_disable_all_campaigns":false,"_monsterinsights_skip_tracking":false,"_monsterinsights_sitenote_active":false,"_monsterinsights_sitenote_note":"","_monsterinsights_sitenote_category":0},"categories":[1],"tags":[],"_links":{"self":[{"href":"https:\/\/defensoriaparana.com.ar\/index.php\/wp-json\/wp\/v2\/posts\/3268"}],"collection":[{"href":"https:\/\/defensoriaparana.com.ar\/index.php\/wp-json\/wp\/v2\/posts"}],"about":[{"href":"https:\/\/defensoriaparana.com.ar\/index.php\/wp-json\/wp\/v2\/types\/post"}],"author":[{"embeddable":true,"href":"https:\/\/defensoriaparana.com.ar\/index.php\/wp-json\/wp\/v2\/users\/1"}],"replies":[{"embeddable":true,"href":"https:\/\/defensoriaparana.com.ar\/index.php\/wp-json\/wp\/v2\/comments?post=3268"}],"version-history":[{"count":1,"href":"https:\/\/defensoriaparana.com.ar\/index.php\/wp-json\/wp\/v2\/posts\/3268\/revisions"}],"predecessor-version":[{"id":3271,"href":"https:\/\/defensoriaparana.com.ar\/index.php\/wp-json\/wp\/v2\/posts\/3268\/revisions\/3271"}],"wp:attachment":[{"href":"https:\/\/defensoriaparana.com.ar\/index.php\/wp-json\/wp\/v2\/media?parent=3268"}],"wp:term":[{"taxonomy":"category","embeddable":true,"href":"https:\/\/defensoriaparana.com.ar\/index.php\/wp-json\/wp\/v2\/categories?post=3268"},{"taxonomy":"post_tag","embeddable":true,"href":"https:\/\/defensoriaparana.com.ar\/index.php\/wp-json\/wp\/v2\/tags?post=3268"}],"curies":[{"name":"wp","href":"https:\/\/api.w.org\/{rel}","templated":true}]}}